{"id":110,"date":"2018-09-15T23:46:48","date_gmt":"2018-09-15T21:46:48","guid":{"rendered":"http:\/\/lesvegamis.fr\/?p=110"},"modified":"2022-12-07T19:08:03","modified_gmt":"2022-12-07T18:08:03","slug":"portes-ouvertes-du-domaine-de-sers-2018","status":"publish","type":"post","link":"https:\/\/lesvegamis.fr\/index.php\/2018\/09\/15\/portes-ouvertes-du-domaine-de-sers-2018\/","title":{"rendered":"Portes ouvertes du Domaine de Sers 2018"},"content":{"rendered":"<p>Lors des portes ouvertes du domaine de Sers en mai 2018, nous avons tenu, comme chaque ann\u00e9e, un stand de vente de p\u00e2tisseries et de repas v\u00e9g\u00e9taliens, une buvette, et une table d&rsquo;informations.<\/p>\n<p>Nos p\u00e2tisseries : cookies, cookies pralin\u00e9s, sabl\u00e9s chocolat et nature, tartes \u00e0 la rhubarbe&#8230;<\/p>\n<p><img loading=\"lazy\" decoding=\"async\" class=\"size-full wp-image-1492 alignleft\" src=\"https:\/\/lesvegamis.fr\/wp-content\/uploads\/2022\/12\/658b1-cokkies.png\" alt=\"\" width=\"722\" height=\"583\" srcset=\"https:\/\/lesvegamis.fr\/wp-content\/uploads\/2022\/12\/658b1-cokkies.png 722w, https:\/\/lesvegamis.fr\/wp-content\/uploads\/2022\/12\/658b1-cokkies-300x242.png 300w\" sizes=\"auto, (max-width: 722px) 100vw, 722px\" \/>Le stand vu du c\u00f4t\u00e9 de la table d&rsquo;informations contenant des panneaux pr\u00e9sentant nos anciennes activit\u00e9s, des flyers, des livres de cuisine vegan, ainsi que quelques \u00e9ditions de notre ancien journal trimestriel : Le P&rsquo;tit Veggy Palois.<\/p>\n<p><img loading=\"lazy\" decoding=\"async\" class=\"alignnone size-large wp-image-1444\" src=\"https:\/\/lesvegamis.fr\/wp-content\/uploads\/2022\/12\/69c7c-34192566_1857220751006091_2605217146166312960_n-1024x770.jpg\" alt=\"\" width=\"640\" height=\"481\" srcset=\"https:\/\/lesvegamis.fr\/wp-content\/uploads\/2022\/12\/69c7c-34192566_1857220751006091_2605217146166312960_n-1024x770.jpg 1024w, https:\/\/lesvegamis.fr\/wp-content\/uploads\/2022\/12\/69c7c-34192566_1857220751006091_2605217146166312960_n-300x226.jpg 300w, https:\/\/lesvegamis.fr\/wp-content\/uploads\/2022\/12\/69c7c-34192566_1857220751006091_2605217146166312960_n-768x578.jpg 768w, https:\/\/lesvegamis.fr\/wp-content\/uploads\/2022\/12\/69c7c-34192566_1857220751006091_2605217146166312960_n-1536x1155.jpg 1536w, https:\/\/lesvegamis.fr\/wp-content\/uploads\/2022\/12\/69c7c-34192566_1857220751006091_2605217146166312960_n.jpg 2000w\" sizes=\"auto, (max-width: 640px) 100vw, 640px\" \/><br \/>\n<img loading=\"lazy\" decoding=\"async\" class=\"size-full wp-image-1401 alignleft\" src=\"https:\/\/lesvegamis.fr\/wp-content\/uploads\/2022\/12\/9aa0c-34266683_1857220914339408_6409311216862232576_n.jpg\" alt=\"\" width=\"722\" height=\"960\" srcset=\"https:\/\/lesvegamis.fr\/wp-content\/uploads\/2022\/12\/9aa0c-34266683_1857220914339408_6409311216862232576_n.jpg 722w, https:\/\/lesvegamis.fr\/wp-content\/uploads\/2022\/12\/9aa0c-34266683_1857220914339408_6409311216862232576_n-226x300.jpg 226w\" sizes=\"auto, (max-width: 722px) 100vw, 722px\" \/><img loading=\"lazy\" decoding=\"async\" class=\"alignnone size-large wp-image-1458\" src=\"https:\/\/lesvegamis.fr\/wp-content\/uploads\/2022\/12\/93d15-34341772_1857219601006206_803194446681210880_n-1024x770.jpg\" alt=\"\" width=\"640\" height=\"481\" srcset=\"https:\/\/lesvegamis.fr\/wp-content\/uploads\/2022\/12\/93d15-34341772_1857219601006206_803194446681210880_n-1024x770.jpg 1024w, https:\/\/lesvegamis.fr\/wp-content\/uploads\/2022\/12\/93d15-34341772_1857219601006206_803194446681210880_n-300x226.jpg 300w, https:\/\/lesvegamis.fr\/wp-content\/uploads\/2022\/12\/93d15-34341772_1857219601006206_803194446681210880_n-768x578.jpg 768w, https:\/\/lesvegamis.fr\/wp-content\/uploads\/2022\/12\/93d15-34341772_1857219601006206_803194446681210880_n-1536x1155.jpg 1536w, https:\/\/lesvegamis.fr\/wp-content\/uploads\/2022\/12\/93d15-34341772_1857219601006206_803194446681210880_n.jpg 2000w\" sizes=\"auto, (max-width: 640px) 100vw, 640px\" \/><\/p>\n<p>Notre pr\u00e9sidente, St\u00e9phanie, et une des membres, Camille, charg\u00e9e de la communication de l&rsquo;asso. Vous pouvez d&rsquo;ailleurs nous retrouver sur <a href=\"https:\/\/www.instagram.com\/lesvegamis\/\">Instagram<\/a>\u00a0et sur <a href=\"https:\/\/www.facebook.com\/lesvegamis\/\">Facebook<\/a>.<\/p>\n<p><img loading=\"lazy\" decoding=\"async\" class=\"alignnone size-large wp-image-1609\" src=\"https:\/\/lesvegamis.fr\/wp-content\/uploads\/2022\/12\/bc22b-34392917_1857223651005801_8879136240645963776_n-1024x770.jpg\" alt=\"\" width=\"640\" height=\"481\" srcset=\"https:\/\/lesvegamis.fr\/wp-content\/uploads\/2022\/12\/bc22b-34392917_1857223651005801_8879136240645963776_n-1024x770.jpg 1024w, https:\/\/lesvegamis.fr\/wp-content\/uploads\/2022\/12\/bc22b-34392917_1857223651005801_8879136240645963776_n-300x226.jpg 300w, https:\/\/lesvegamis.fr\/wp-content\/uploads\/2022\/12\/bc22b-34392917_1857223651005801_8879136240645963776_n-768x578.jpg 768w, https:\/\/lesvegamis.fr\/wp-content\/uploads\/2022\/12\/bc22b-34392917_1857223651005801_8879136240645963776_n-1536x1155.jpg 1536w, https:\/\/lesvegamis.fr\/wp-content\/uploads\/2022\/12\/bc22b-34392917_1857223651005801_8879136240645963776_n.jpg 2000w\" sizes=\"auto, (max-width: 640px) 100vw, 640px\" \/><\/p>\n<p>La pr\u00e9paration des sandwiches crudit\u00e9s &#8211; saucisses de soja Taifun. D\u00e9licieux !<img loading=\"lazy\" decoding=\"async\" class=\"alignnone size-large wp-image-1443\" src=\"https:\/\/lesvegamis.fr\/wp-content\/uploads\/2022\/12\/69b2b-34320684_1857221267672706_4480654606405206016_n-1024x770.jpg\" alt=\"\" width=\"640\" height=\"481\" srcset=\"https:\/\/lesvegamis.fr\/wp-content\/uploads\/2022\/12\/69b2b-34320684_1857221267672706_4480654606405206016_n-1024x770.jpg 1024w, https:\/\/lesvegamis.fr\/wp-content\/uploads\/2022\/12\/69b2b-34320684_1857221267672706_4480654606405206016_n-300x226.jpg 300w, https:\/\/lesvegamis.fr\/wp-content\/uploads\/2022\/12\/69b2b-34320684_1857221267672706_4480654606405206016_n-768x578.jpg 768w, https:\/\/lesvegamis.fr\/wp-content\/uploads\/2022\/12\/69b2b-34320684_1857221267672706_4480654606405206016_n-1536x1155.jpg 1536w, https:\/\/lesvegamis.fr\/wp-content\/uploads\/2022\/12\/69b2b-34320684_1857221267672706_4480654606405206016_n.jpg 2000w\" sizes=\"auto, (max-width: 640px) 100vw, 640px\" \/><img loading=\"lazy\" decoding=\"async\" class=\"alignnone size-large wp-image-1609\" src=\"https:\/\/lesvegamis.fr\/wp-content\/uploads\/2022\/12\/bc22b-34392917_1857223651005801_8879136240645963776_n-1024x770.jpg\" alt=\"\" width=\"640\" height=\"481\" srcset=\"https:\/\/lesvegamis.fr\/wp-content\/uploads\/2022\/12\/bc22b-34392917_1857223651005801_8879136240645963776_n-1024x770.jpg 1024w, https:\/\/lesvegamis.fr\/wp-content\/uploads\/2022\/12\/bc22b-34392917_1857223651005801_8879136240645963776_n-300x226.jpg 300w, https:\/\/lesvegamis.fr\/wp-content\/uploads\/2022\/12\/bc22b-34392917_1857223651005801_8879136240645963776_n-768x578.jpg 768w, https:\/\/lesvegamis.fr\/wp-content\/uploads\/2022\/12\/bc22b-34392917_1857223651005801_8879136240645963776_n-1536x1155.jpg 1536w, https:\/\/lesvegamis.fr\/wp-content\/uploads\/2022\/12\/bc22b-34392917_1857223651005801_8879136240645963776_n.jpg 2000w\" sizes=\"auto, (max-width: 640px) 100vw, 640px\" \/><\/p>\n","protected":false},"excerpt":{"rendered":"<p>Lors des portes ouvertes du domaine de Sers en mai 2018, nous avons tenu, comme chaque ann\u00e9e, un stand de vente de p\u00e2tisseries et de repas v\u00e9g\u00e9taliens, une buvette, et&#8230; <a class=\"read-more\" href=\"https:\/\/lesvegamis.fr\/index.php\/2018\/09\/15\/portes-ouvertes-du-domaine-de-sers-2018\/\">[Continuer la lecture]<\/a><\/p>\n","protected":false},"author":1,"featured_media":1609,"comment_status":"open","ping_status":"open","sticky":false,"template":"","format":"standard","meta":{"jetpack_post_was_ever_published":false,"_jetpack_newsletter_access":"","_jetpack_dont_email_post_to_subs":false,"_jetpack_newsletter_tier_id":0,"_jetpack_memberships_contains_paywalled_content":false,"_jetpack_memberships_contains_paid_content":false,"footnotes":""},"categories":[8],"tags":[],"class_list":["post-110","post","type-post","status-publish","format-standard","has-post-thumbnail","hentry","category-activites"],"yoast_head":"<!-- This site is optimized with the Yoast SEO plugin v27.4 - https:\/\/yoast.com\/product\/yoast-seo-wordpress\/ -->\n<title>Portes ouvertes du Domaine de Sers 2018 - Les V\u00e9g&#039;Amis<\/title>\n<meta name=\"robots\" content=\"index, follow, max-snippet:-1, max-image-preview:large, max-video-preview:-1\" \/>\n<link rel=\"canonical\" href=\"https:\/\/lesvegamis.fr\/index.php\/2018\/09\/15\/portes-ouvertes-du-domaine-de-sers-2018\/\" \/>\n<meta property=\"og:locale\" content=\"fr_FR\" \/>\n<meta property=\"og:type\" content=\"article\" \/>\n<meta property=\"og:title\" content=\"Portes ouvertes du Domaine de Sers 2018 - Les V\u00e9g&#039;Amis\" \/>\n<meta property=\"og:description\" content=\"Lors des portes ouvertes du domaine de Sers en mai 2018, nous avons tenu, comme chaque ann\u00e9e, un stand de vente de p\u00e2tisseries et de repas v\u00e9g\u00e9taliens, une buvette, et... [Continuer la lecture]\" \/>\n<meta property=\"og:url\" content=\"https:\/\/lesvegamis.fr\/index.php\/2018\/09\/15\/portes-ouvertes-du-domaine-de-sers-2018\/\" \/>\n<meta property=\"og:site_name\" content=\"Les V\u00e9g&#039;Amis\" \/>\n<meta property=\"article:publisher\" content=\"https:\/\/www.facebook.com\/lesvegamis\/\" \/>\n<meta property=\"article:published_time\" content=\"2018-09-15T21:46:48+00:00\" \/>\n<meta property=\"article:modified_time\" content=\"2022-12-07T18:08:03+00:00\" \/>\n<meta property=\"og:image\" content=\"https:\/\/lesvegamis.fr\/wp-content\/uploads\/2022\/12\/bc22b-34392917_1857223651005801_8879136240645963776_n.jpg\" \/>\n\t<meta property=\"og:image:width\" content=\"2000\" \/>\n\t<meta property=\"og:image:height\" content=\"1504\" \/>\n\t<meta property=\"og:image:type\" content=\"image\/jpeg\" \/>\n<meta name=\"author\" content=\"Les Vegamis\" \/>\n<meta name=\"twitter:card\" content=\"summary_large_image\" \/>\n<meta name=\"twitter:label1\" content=\"\u00c9crit par\" \/>\n\t<meta name=\"twitter:data1\" content=\"Les Vegamis\" \/>\n\t<meta name=\"twitter:label2\" content=\"Dur\u00e9e de lecture estim\u00e9e\" \/>\n\t<meta name=\"twitter:data2\" content=\"1 minute\" \/>\n<script type=\"application\/ld+json\" class=\"yoast-schema-graph\">{\"@context\":\"https:\\\/\\\/schema.org\",\"@graph\":[{\"@type\":\"Article\",\"@id\":\"https:\\\/\\\/lesvegamis.fr\\\/index.php\\\/2018\\\/09\\\/15\\\/portes-ouvertes-du-domaine-de-sers-2018\\\/#article\",\"isPartOf\":{\"@id\":\"https:\\\/\\\/lesvegamis.fr\\\/index.php\\\/2018\\\/09\\\/15\\\/portes-ouvertes-du-domaine-de-sers-2018\\\/\"},\"author\":{\"name\":\"Les Vegamis\",\"@id\":\"https:\\\/\\\/lesvegamis.fr\\\/#\\\/schema\\\/person\\\/99dfc3e25008667b61b0b17835193701\"},\"headline\":\"Portes ouvertes du Domaine de Sers 2018\",\"datePublished\":\"2018-09-15T21:46:48+00:00\",\"dateModified\":\"2022-12-07T18:08:03+00:00\",\"mainEntityOfPage\":{\"@id\":\"https:\\\/\\\/lesvegamis.fr\\\/index.php\\\/2018\\\/09\\\/15\\\/portes-ouvertes-du-domaine-de-sers-2018\\\/\"},\"wordCount\":137,\"commentCount\":0,\"publisher\":{\"@id\":\"https:\\\/\\\/lesvegamis.fr\\\/#organization\"},\"image\":{\"@id\":\"https:\\\/\\\/lesvegamis.fr\\\/index.php\\\/2018\\\/09\\\/15\\\/portes-ouvertes-du-domaine-de-sers-2018\\\/#primaryimage\"},\"thumbnailUrl\":\"https:\\\/\\\/lesvegamis.fr\\\/wp-content\\\/uploads\\\/2022\\\/12\\\/bc22b-34392917_1857223651005801_8879136240645963776_n.jpg\",\"articleSection\":[\"Nos activit\u00e9s\"],\"inLanguage\":\"fr-FR\",\"potentialAction\":[{\"@type\":\"CommentAction\",\"name\":\"Comment\",\"target\":[\"https:\\\/\\\/lesvegamis.fr\\\/index.php\\\/2018\\\/09\\\/15\\\/portes-ouvertes-du-domaine-de-sers-2018\\\/#respond\"]}]},{\"@type\":\"WebPage\",\"@id\":\"https:\\\/\\\/lesvegamis.fr\\\/index.php\\\/2018\\\/09\\\/15\\\/portes-ouvertes-du-domaine-de-sers-2018\\\/\",\"url\":\"https:\\\/\\\/lesvegamis.fr\\\/index.php\\\/2018\\\/09\\\/15\\\/portes-ouvertes-du-domaine-de-sers-2018\\\/\",\"name\":\"Portes ouvertes du Domaine de Sers 2018 - Les V\u00e9g&#039;Amis\",\"isPartOf\":{\"@id\":\"https:\\\/\\\/lesvegamis.fr\\\/#website\"},\"primaryImageOfPage\":{\"@id\":\"https:\\\/\\\/lesvegamis.fr\\\/index.php\\\/2018\\\/09\\\/15\\\/portes-ouvertes-du-domaine-de-sers-2018\\\/#primaryimage\"},\"image\":{\"@id\":\"https:\\\/\\\/lesvegamis.fr\\\/index.php\\\/2018\\\/09\\\/15\\\/portes-ouvertes-du-domaine-de-sers-2018\\\/#primaryimage\"},\"thumbnailUrl\":\"https:\\\/\\\/lesvegamis.fr\\\/wp-content\\\/uploads\\\/2022\\\/12\\\/bc22b-34392917_1857223651005801_8879136240645963776_n.jpg\",\"datePublished\":\"2018-09-15T21:46:48+00:00\",\"dateModified\":\"2022-12-07T18:08:03+00:00\",\"breadcrumb\":{\"@id\":\"https:\\\/\\\/lesvegamis.fr\\\/index.php\\\/2018\\\/09\\\/15\\\/portes-ouvertes-du-domaine-de-sers-2018\\\/#breadcrumb\"},\"inLanguage\":\"fr-FR\",\"potentialAction\":[{\"@type\":\"ReadAction\",\"target\":[\"https:\\\/\\\/lesvegamis.fr\\\/index.php\\\/2018\\\/09\\\/15\\\/portes-ouvertes-du-domaine-de-sers-2018\\\/\"]}]},{\"@type\":\"ImageObject\",\"inLanguage\":\"fr-FR\",\"@id\":\"https:\\\/\\\/lesvegamis.fr\\\/index.php\\\/2018\\\/09\\\/15\\\/portes-ouvertes-du-domaine-de-sers-2018\\\/#primaryimage\",\"url\":\"https:\\\/\\\/lesvegamis.fr\\\/wp-content\\\/uploads\\\/2022\\\/12\\\/bc22b-34392917_1857223651005801_8879136240645963776_n.jpg\",\"contentUrl\":\"https:\\\/\\\/lesvegamis.fr\\\/wp-content\\\/uploads\\\/2022\\\/12\\\/bc22b-34392917_1857223651005801_8879136240645963776_n.jpg\",\"width\":2000,\"height\":1504},{\"@type\":\"BreadcrumbList\",\"@id\":\"https:\\\/\\\/lesvegamis.fr\\\/index.php\\\/2018\\\/09\\\/15\\\/portes-ouvertes-du-domaine-de-sers-2018\\\/#breadcrumb\",\"itemListElement\":[{\"@type\":\"ListItem\",\"position\":1,\"name\":\"Accueil\",\"item\":\"https:\\\/\\\/lesvegamis.fr\\\/\"},{\"@type\":\"ListItem\",\"position\":2,\"name\":\"Portes ouvertes du Domaine de Sers 2018\"}]},{\"@type\":\"WebSite\",\"@id\":\"https:\\\/\\\/lesvegamis.fr\\\/#website\",\"url\":\"https:\\\/\\\/lesvegamis.fr\\\/\",\"name\":\"Les V\u00e9g'Amis\",\"description\":\"L&#039;association v\u00e9gane de Pau\",\"publisher\":{\"@id\":\"https:\\\/\\\/lesvegamis.fr\\\/#organization\"},\"potentialAction\":[{\"@type\":\"SearchAction\",\"target\":{\"@type\":\"EntryPoint\",\"urlTemplate\":\"https:\\\/\\\/lesvegamis.fr\\\/?s={search_term_string}\"},\"query-input\":{\"@type\":\"PropertyValueSpecification\",\"valueRequired\":true,\"valueName\":\"search_term_string\"}}],\"inLanguage\":\"fr-FR\"},{\"@type\":\"Organization\",\"@id\":\"https:\\\/\\\/lesvegamis.fr\\\/#organization\",\"name\":\"Association vegan de Pau Les V\u00e9g'Amis\",\"url\":\"https:\\\/\\\/lesvegamis.fr\\\/\",\"logo\":{\"@type\":\"ImageObject\",\"inLanguage\":\"fr-FR\",\"@id\":\"https:\\\/\\\/lesvegamis.fr\\\/#\\\/schema\\\/logo\\\/image\\\/\",\"url\":\"https:\\\/\\\/lesvegamis.fr\\\/wp-content\\\/uploads\\\/2022\\\/12\\\/cropped-logo-couleur-nom-1.png\",\"contentUrl\":\"https:\\\/\\\/lesvegamis.fr\\\/wp-content\\\/uploads\\\/2022\\\/12\\\/cropped-logo-couleur-nom-1.png\",\"width\":192,\"height\":288,\"caption\":\"Association vegan de Pau Les V\u00e9g'Amis\"},\"image\":{\"@id\":\"https:\\\/\\\/lesvegamis.fr\\\/#\\\/schema\\\/logo\\\/image\\\/\"},\"sameAs\":[\"https:\\\/\\\/www.facebook.com\\\/lesvegamis\\\/\",\"https:\\\/\\\/www.instagram.com\\\/lesvegamis\\\/\"]},{\"@type\":\"Person\",\"@id\":\"https:\\\/\\\/lesvegamis.fr\\\/#\\\/schema\\\/person\\\/99dfc3e25008667b61b0b17835193701\",\"name\":\"Les Vegamis\",\"image\":{\"@type\":\"ImageObject\",\"inLanguage\":\"fr-FR\",\"@id\":\"https:\\\/\\\/secure.gravatar.com\\\/avatar\\\/c365180ba419067afc3f9825f3cc192e60b42a216d37a9089bfc0c3707250f43?s=96&d=identicon&r=g\",\"url\":\"https:\\\/\\\/secure.gravatar.com\\\/avatar\\\/c365180ba419067afc3f9825f3cc192e60b42a216d37a9089bfc0c3707250f43?s=96&d=identicon&r=g\",\"contentUrl\":\"https:\\\/\\\/secure.gravatar.com\\\/avatar\\\/c365180ba419067afc3f9825f3cc192e60b42a216d37a9089bfc0c3707250f43?s=96&d=identicon&r=g\",\"caption\":\"Les Vegamis\"},\"sameAs\":[\"http:\\\/\\\/lesvegamis.fr\"],\"url\":\"https:\\\/\\\/lesvegamis.fr\\\/index.php\\\/author\\\/admin6014\\\/\"}]}<\/script>\n<!-- \/ Yoast SEO plugin. -->","yoast_head_json":{"title":"Portes ouvertes du Domaine de Sers 2018 - Les V\u00e9g&#039;Amis","robots":{"index":"index","follow":"follow","max-snippet":"max-snippet:-1","max-image-preview":"max-image-preview:large","max-video-preview":"max-video-preview:-1"},"canonical":"https:\/\/lesvegamis.fr\/index.php\/2018\/09\/15\/portes-ouvertes-du-domaine-de-sers-2018\/","og_locale":"fr_FR","og_type":"article","og_title":"Portes ouvertes du Domaine de Sers 2018 - Les V\u00e9g&#039;Amis","og_description":"Lors des portes ouvertes du domaine de Sers en mai 2018, nous avons tenu, comme chaque ann\u00e9e, un stand de vente de p\u00e2tisseries et de repas v\u00e9g\u00e9taliens, une buvette, et... [Continuer la lecture]","og_url":"https:\/\/lesvegamis.fr\/index.php\/2018\/09\/15\/portes-ouvertes-du-domaine-de-sers-2018\/","og_site_name":"Les V\u00e9g&#039;Amis","article_publisher":"https:\/\/www.facebook.com\/lesvegamis\/","article_published_time":"2018-09-15T21:46:48+00:00","article_modified_time":"2022-12-07T18:08:03+00:00","og_image":[{"width":2000,"height":1504,"url":"https:\/\/lesvegamis.fr\/wp-content\/uploads\/2022\/12\/bc22b-34392917_1857223651005801_8879136240645963776_n.jpg","type":"image\/jpeg"}],"author":"Les Vegamis","twitter_card":"summary_large_image","twitter_misc":{"\u00c9crit par":"Les Vegamis","Dur\u00e9e de lecture estim\u00e9e":"1 minute"},"schema":{"@context":"https:\/\/schema.org","@graph":[{"@type":"Article","@id":"https:\/\/lesvegamis.fr\/index.php\/2018\/09\/15\/portes-ouvertes-du-domaine-de-sers-2018\/#article","isPartOf":{"@id":"https:\/\/lesvegamis.fr\/index.php\/2018\/09\/15\/portes-ouvertes-du-domaine-de-sers-2018\/"},"author":{"name":"Les Vegamis","@id":"https:\/\/lesvegamis.fr\/#\/schema\/person\/99dfc3e25008667b61b0b17835193701"},"headline":"Portes ouvertes du Domaine de Sers 2018","datePublished":"2018-09-15T21:46:48+00:00","dateModified":"2022-12-07T18:08:03+00:00","mainEntityOfPage":{"@id":"https:\/\/lesvegamis.fr\/index.php\/2018\/09\/15\/portes-ouvertes-du-domaine-de-sers-2018\/"},"wordCount":137,"commentCount":0,"publisher":{"@id":"https:\/\/lesvegamis.fr\/#organization"},"image":{"@id":"https:\/\/lesvegamis.fr\/index.php\/2018\/09\/15\/portes-ouvertes-du-domaine-de-sers-2018\/#primaryimage"},"thumbnailUrl":"https:\/\/lesvegamis.fr\/wp-content\/uploads\/2022\/12\/bc22b-34392917_1857223651005801_8879136240645963776_n.jpg","articleSection":["Nos activit\u00e9s"],"inLanguage":"fr-FR","potentialAction":[{"@type":"CommentAction","name":"Comment","target":["https:\/\/lesvegamis.fr\/index.php\/2018\/09\/15\/portes-ouvertes-du-domaine-de-sers-2018\/#respond"]}]},{"@type":"WebPage","@id":"https:\/\/lesvegamis.fr\/index.php\/2018\/09\/15\/portes-ouvertes-du-domaine-de-sers-2018\/","url":"https:\/\/lesvegamis.fr\/index.php\/2018\/09\/15\/portes-ouvertes-du-domaine-de-sers-2018\/","name":"Portes ouvertes du Domaine de Sers 2018 - Les V\u00e9g&#039;Amis","isPartOf":{"@id":"https:\/\/lesvegamis.fr\/#website"},"primaryImageOfPage":{"@id":"https:\/\/lesvegamis.fr\/index.php\/2018\/09\/15\/portes-ouvertes-du-domaine-de-sers-2018\/#primaryimage"},"image":{"@id":"https:\/\/lesvegamis.fr\/index.php\/2018\/09\/15\/portes-ouvertes-du-domaine-de-sers-2018\/#primaryimage"},"thumbnailUrl":"https:\/\/lesvegamis.fr\/wp-content\/uploads\/2022\/12\/bc22b-34392917_1857223651005801_8879136240645963776_n.jpg","datePublished":"2018-09-15T21:46:48+00:00","dateModified":"2022-12-07T18:08:03+00:00","breadcrumb":{"@id":"https:\/\/lesvegamis.fr\/index.php\/2018\/09\/15\/portes-ouvertes-du-domaine-de-sers-2018\/#breadcrumb"},"inLanguage":"fr-FR","potentialAction":[{"@type":"ReadAction","target":["https:\/\/lesvegamis.fr\/index.php\/2018\/09\/15\/portes-ouvertes-du-domaine-de-sers-2018\/"]}]},{"@type":"ImageObject","inLanguage":"fr-FR","@id":"https:\/\/lesvegamis.fr\/index.php\/2018\/09\/15\/portes-ouvertes-du-domaine-de-sers-2018\/#primaryimage","url":"https:\/\/lesvegamis.fr\/wp-content\/uploads\/2022\/12\/bc22b-34392917_1857223651005801_8879136240645963776_n.jpg","contentUrl":"https:\/\/lesvegamis.fr\/wp-content\/uploads\/2022\/12\/bc22b-34392917_1857223651005801_8879136240645963776_n.jpg","width":2000,"height":1504},{"@type":"BreadcrumbList","@id":"https:\/\/lesvegamis.fr\/index.php\/2018\/09\/15\/portes-ouvertes-du-domaine-de-sers-2018\/#breadcrumb","itemListElement":[{"@type":"ListItem","position":1,"name":"Accueil","item":"https:\/\/lesvegamis.fr\/"},{"@type":"ListItem","position":2,"name":"Portes ouvertes du Domaine de Sers 2018"}]},{"@type":"WebSite","@id":"https:\/\/lesvegamis.fr\/#website","url":"https:\/\/lesvegamis.fr\/","name":"Les V\u00e9g'Amis","description":"L&#039;association v\u00e9gane de Pau","publisher":{"@id":"https:\/\/lesvegamis.fr\/#organization"},"potentialAction":[{"@type":"SearchAction","target":{"@type":"EntryPoint","urlTemplate":"https:\/\/lesvegamis.fr\/?s={search_term_string}"},"query-input":{"@type":"PropertyValueSpecification","valueRequired":true,"valueName":"search_term_string"}}],"inLanguage":"fr-FR"},{"@type":"Organization","@id":"https:\/\/lesvegamis.fr\/#organization","name":"Association vegan de Pau Les V\u00e9g'Amis","url":"https:\/\/lesvegamis.fr\/","logo":{"@type":"ImageObject","inLanguage":"fr-FR","@id":"https:\/\/lesvegamis.fr\/#\/schema\/logo\/image\/","url":"https:\/\/lesvegamis.fr\/wp-content\/uploads\/2022\/12\/cropped-logo-couleur-nom-1.png","contentUrl":"https:\/\/lesvegamis.fr\/wp-content\/uploads\/2022\/12\/cropped-logo-couleur-nom-1.png","width":192,"height":288,"caption":"Association vegan de Pau Les V\u00e9g'Amis"},"image":{"@id":"https:\/\/lesvegamis.fr\/#\/schema\/logo\/image\/"},"sameAs":["https:\/\/www.facebook.com\/lesvegamis\/","https:\/\/www.instagram.com\/lesvegamis\/"]},{"@type":"Person","@id":"https:\/\/lesvegamis.fr\/#\/schema\/person\/99dfc3e25008667b61b0b17835193701","name":"Les Vegamis","image":{"@type":"ImageObject","inLanguage":"fr-FR","@id":"https:\/\/secure.gravatar.com\/avatar\/c365180ba419067afc3f9825f3cc192e60b42a216d37a9089bfc0c3707250f43?s=96&d=identicon&r=g","url":"https:\/\/secure.gravatar.com\/avatar\/c365180ba419067afc3f9825f3cc192e60b42a216d37a9089bfc0c3707250f43?s=96&d=identicon&r=g","contentUrl":"https:\/\/secure.gravatar.com\/avatar\/c365180ba419067afc3f9825f3cc192e60b42a216d37a9089bfc0c3707250f43?s=96&d=identicon&r=g","caption":"Les Vegamis"},"sameAs":["http:\/\/lesvegamis.fr"],"url":"https:\/\/lesvegamis.fr\/index.php\/author\/admin6014\/"}]}},"jetpack_featured_media_url":"https:\/\/lesvegamis.fr\/wp-content\/uploads\/2022\/12\/bc22b-34392917_1857223651005801_8879136240645963776_n.jpg","jetpack_sharing_enabled":true,"_links":{"self":[{"href":"https:\/\/lesvegamis.fr\/index.php\/wp-json\/wp\/v2\/posts\/110","targetHints":{"allow":["GET"]}}],"collection":[{"href":"https:\/\/lesvegamis.fr\/index.php\/wp-json\/wp\/v2\/posts"}],"about":[{"href":"https:\/\/lesvegamis.fr\/index.php\/wp-json\/wp\/v2\/types\/post"}],"author":[{"embeddable":true,"href":"https:\/\/lesvegamis.fr\/index.php\/wp-json\/wp\/v2\/users\/1"}],"replies":[{"embeddable":true,"href":"https:\/\/lesvegamis.fr\/index.php\/wp-json\/wp\/v2\/comments?post=110"}],"version-history":[{"count":2,"href":"https:\/\/lesvegamis.fr\/index.php\/wp-json\/wp\/v2\/posts\/110\/revisions"}],"predecessor-version":[{"id":1798,"href":"https:\/\/lesvegamis.fr\/index.php\/wp-json\/wp\/v2\/posts\/110\/revisions\/1798"}],"wp:featuredmedia":[{"embeddable":true,"href":"https:\/\/lesvegamis.fr\/index.php\/wp-json\/wp\/v2\/media\/1609"}],"wp:attachment":[{"href":"https:\/\/lesvegamis.fr\/index.php\/wp-json\/wp\/v2\/media?parent=110"}],"wp:term":[{"taxonomy":"category","embeddable":true,"href":"https:\/\/lesvegamis.fr\/index.php\/wp-json\/wp\/v2\/categories?post=110"},{"taxonomy":"post_tag","embeddable":true,"href":"https:\/\/lesvegamis.fr\/index.php\/wp-json\/wp\/v2\/tags?post=110"}],"curies":[{"name":"wp","href":"https:\/\/api.w.org\/{rel}","templated":true}]}}