{"id":112,"date":"2018-09-15T23:59:20","date_gmt":"2018-09-15T21:59:20","guid":{"rendered":"http:\/\/lesvegamis.fr\/?p=112"},"modified":"2022-12-07T19:08:34","modified_gmt":"2022-12-07T18:08:34","slug":"stand-de-vente-de-patisseries-au-vide-grenier-de-ladap-2015","status":"publish","type":"post","link":"https:\/\/lesvegamis.fr\/index.php\/2018\/09\/15\/stand-de-vente-de-patisseries-au-vide-grenier-de-ladap-2015\/","title":{"rendered":"Stand de vente de p\u00e2tisseries au vide-grenier de l&rsquo;ADAP 2015"},"content":{"rendered":"<p>Retour sur le&nbsp;stand de p\u00e2tisseries v\u00e9g\u00e9taliennes que nous avions tenu au vide-grenier de l&rsquo;ADAP en 2015&#8230; Muffins, tartes, sandwiches et bien d&rsquo;autres choses, il y en avait pour tous les go\u00fbts.<\/p>\n<h4>Au menu cette ann\u00e9e<\/h4>\n<p>Sabl\u00e9s, muffins, bounty maison, tarte aux pommes, cookies, clafoutis, cr\u00eapes et m\u00eame des sandwiches !<\/p>\n<p><img loading=\"lazy\" decoding=\"async\" class=\"size-full wp-image-1537\" src=\"https:\/\/lesvegamis.fr\/wp-content\/uploads\/2022\/12\/24411-11182156_785328778228996_6381221387880739605_n.jpg\" alt=\"Sabl\u00e9s, muffins, bounty maison, tarte aux pommes, cookies, clafoutis, cr\u00eapes et m\u00eame des sandwiches !\" width=\"540\" height=\"530\" srcset=\"https:\/\/lesvegamis.fr\/wp-content\/uploads\/2022\/12\/24411-11182156_785328778228996_6381221387880739605_n.jpg 540w, https:\/\/lesvegamis.fr\/wp-content\/uploads\/2022\/12\/24411-11182156_785328778228996_6381221387880739605_n-300x294.jpg 300w\" sizes=\"auto, (max-width: 540px) 100vw, 540px\" \/><\/p>\n<p><span id=\"fbPhotoSnowliftCaption\" class=\"fbPhotosPhotoCaption\" tabindex=\"0\" aria-live=\"polite\" data-ft=\"{&quot;tn&quot;:&quot;K&quot;}\"><span class=\"hasCaption\">La nouveaut\u00e9 pour nous cette ann\u00e9e : plus de choix et des formules midi qui ont cartonn\u00e9es ! Tous nos sandwiches ont \u00e9t\u00e9 vendus !<\/span><\/span><span id=\"fbPhotoSnowliftTagList\" class=\"fbPhotoTagList\"><span class=\"fcg\">&nbsp;<\/span><\/span><img loading=\"lazy\" decoding=\"async\" class=\"alignnone size-full wp-image-1569\" src=\"https:\/\/lesvegamis.fr\/wp-content\/uploads\/2022\/12\/a5f97-11027511_785328791562328_3989627923411777042_n.jpg\" alt=\"\" width=\"960\" height=\"682\" srcset=\"https:\/\/lesvegamis.fr\/wp-content\/uploads\/2022\/12\/a5f97-11027511_785328791562328_3989627923411777042_n.jpg 960w, https:\/\/lesvegamis.fr\/wp-content\/uploads\/2022\/12\/a5f97-11027511_785328791562328_3989627923411777042_n-300x213.jpg 300w, https:\/\/lesvegamis.fr\/wp-content\/uploads\/2022\/12\/a5f97-11027511_785328791562328_3989627923411777042_n-768x546.jpg 768w\" sizes=\"auto, (max-width: 960px) 100vw, 960px\" \/>Sabl\u00e9s, bounty, muffins, cookies, tartes aux pommes, clafoutis, cr\u00eapes, de quoi s&rsquo;en mettre plein l&rsquo;estomac !<img loading=\"lazy\" decoding=\"async\" class=\"alignnone size-full wp-image-1709\" src=\"https:\/\/lesvegamis.fr\/wp-content\/uploads\/2022\/12\/ff857-11079061_785329018228972_1257270515143224444_n-1.jpg\" alt=\"\" width=\"960\" height=\"720\" srcset=\"https:\/\/lesvegamis.fr\/wp-content\/uploads\/2022\/12\/ff857-11079061_785329018228972_1257270515143224444_n-1.jpg 960w, https:\/\/lesvegamis.fr\/wp-content\/uploads\/2022\/12\/ff857-11079061_785329018228972_1257270515143224444_n-1-300x225.jpg 300w, https:\/\/lesvegamis.fr\/wp-content\/uploads\/2022\/12\/ff857-11079061_785329018228972_1257270515143224444_n-1-768x576.jpg 768w\" sizes=\"auto, (max-width: 960px) 100vw, 960px\" \/><span style=\"font-size: revert; color: initial; font-family: -apple-system, BlinkMacSystemFont, 'Segoe UI', Roboto, Oxygen-Sans, Ubuntu, Cantarell, 'Helvetica Neue', sans-serif;\">Autre nouveaut\u00e9 cette ann\u00e9e : quelques jus de fruits au verre, \u00e7a a surtout march\u00e9 avec la formule midi (1 sandwich, 1 jus de fruit et 1 p\u00e2tisserie en dessert).<img loading=\"lazy\" decoding=\"async\" class=\"alignnone size-full wp-image-1325\" src=\"https:\/\/lesvegamis.fr\/wp-content\/uploads\/2022\/12\/1acff-13528_785329044895636_568787631969282736_n.jpg\" alt=\"\" width=\"960\" height=\"720\" srcset=\"https:\/\/lesvegamis.fr\/wp-content\/uploads\/2022\/12\/1acff-13528_785329044895636_568787631969282736_n.jpg 960w, https:\/\/lesvegamis.fr\/wp-content\/uploads\/2022\/12\/1acff-13528_785329044895636_568787631969282736_n-300x225.jpg 300w, https:\/\/lesvegamis.fr\/wp-content\/uploads\/2022\/12\/1acff-13528_785329044895636_568787631969282736_n-768x576.jpg 768w\" sizes=\"auto, (max-width: 960px) 100vw, 960px\" \/><\/span><\/p>\n<p>Ah les bounty ceux l\u00e0 on ne les a pas vu tr\u00e8s longtemps ! Ils ont eu \u00e9norm\u00e9ment de succ\u00e8s.<img loading=\"lazy\" decoding=\"async\" class=\"alignnone size-full wp-image-1555\" src=\"https:\/\/lesvegamis.fr\/wp-content\/uploads\/2022\/12\/65317-11183457_785329064895634_3374333797642008527_n.jpg\" alt=\"\" width=\"960\" height=\"720\" srcset=\"https:\/\/lesvegamis.fr\/wp-content\/uploads\/2022\/12\/65317-11183457_785329064895634_3374333797642008527_n.jpg 960w, https:\/\/lesvegamis.fr\/wp-content\/uploads\/2022\/12\/65317-11183457_785329064895634_3374333797642008527_n-300x225.jpg 300w, https:\/\/lesvegamis.fr\/wp-content\/uploads\/2022\/12\/65317-11183457_785329064895634_3374333797642008527_n-768x576.jpg 768w\" sizes=\"auto, (max-width: 960px) 100vw, 960px\" \/>Cr\u00eapes et sabl\u00e9s !<img loading=\"lazy\" decoding=\"async\" class=\"alignnone size-full wp-image-1699\" src=\"https:\/\/lesvegamis.fr\/wp-content\/uploads\/2022\/12\/f671c-11138614_785329104895630_4087872685578491724_n.jpg\" alt=\"\" width=\"960\" height=\"720\" srcset=\"https:\/\/lesvegamis.fr\/wp-content\/uploads\/2022\/12\/f671c-11138614_785329104895630_4087872685578491724_n.jpg 960w, https:\/\/lesvegamis.fr\/wp-content\/uploads\/2022\/12\/f671c-11138614_785329104895630_4087872685578491724_n-300x225.jpg 300w, https:\/\/lesvegamis.fr\/wp-content\/uploads\/2022\/12\/f671c-11138614_785329104895630_4087872685578491724_n-768x576.jpg 768w\" sizes=\"auto, (max-width: 960px) 100vw, 960px\" \/><span style=\"font-size: revert; color: initial; font-family: -apple-system, BlinkMacSystemFont, 'Segoe UI', Roboto, Oxygen-Sans, Ubuntu, Cantarell, 'Helvetica Neue', sans-serif;\">Nos petits muffins, bon la prochaine fois on les mettra dans le papier apr\u00e8s la cuisson parce que l\u00e0 c&rsquo;\u00e9tait un peu difficile \u00e0 enlever&#8230; Mais bon, il fallait bien tester !<img loading=\"lazy\" decoding=\"async\" class=\"alignnone size-full wp-image-1467\" src=\"https:\/\/lesvegamis.fr\/wp-content\/uploads\/2022\/12\/161ac-10489757_785329128228961_8036944771650796463_n.jpg\" alt=\"\" width=\"960\" height=\"720\" srcset=\"https:\/\/lesvegamis.fr\/wp-content\/uploads\/2022\/12\/161ac-10489757_785329128228961_8036944771650796463_n.jpg 960w, https:\/\/lesvegamis.fr\/wp-content\/uploads\/2022\/12\/161ac-10489757_785329128228961_8036944771650796463_n-300x225.jpg 300w, https:\/\/lesvegamis.fr\/wp-content\/uploads\/2022\/12\/161ac-10489757_785329128228961_8036944771650796463_n-768x576.jpg 768w\" sizes=\"auto, (max-width: 960px) 100vw, 960px\" \/><\/span><\/p>\n<h4>L&rsquo;\u00e9quipe pr\u00e9sente sur le stand<\/h4>\n<p>Les principaux vendeurs de cette journ\u00e9e, de gauche \u00e0 droite : Christiane, B\u00e9n\u00e9dicte, St\u00e9phanie et David.<\/p>\n<p><img loading=\"lazy\" decoding=\"async\" class=\"alignnone size-full wp-image-1454\" src=\"https:\/\/lesvegamis.fr\/wp-content\/uploads\/2022\/12\/85ccd-11188449_785328784895662_485880622820742050_n.jpg\" alt=\"\" width=\"890\" height=\"464\" srcset=\"https:\/\/lesvegamis.fr\/wp-content\/uploads\/2022\/12\/85ccd-11188449_785328784895662_485880622820742050_n.jpg 890w, https:\/\/lesvegamis.fr\/wp-content\/uploads\/2022\/12\/85ccd-11188449_785328784895662_485880622820742050_n-300x156.jpg 300w, https:\/\/lesvegamis.fr\/wp-content\/uploads\/2022\/12\/85ccd-11188449_785328784895662_485880622820742050_n-768x400.jpg 768w\" sizes=\"auto, (max-width: 890px) 100vw, 890px\" \/>B\u00e9n\u00e9dicte, St\u00e9phanie et David, sandwich \u00e0 la main, c&rsquo;est qu&rsquo;ils \u00e9taient bon !<\/p>\n<p><img loading=\"lazy\" decoding=\"async\" class=\"alignnone size-full wp-image-1610\" src=\"https:\/\/lesvegamis.fr\/wp-content\/uploads\/2022\/12\/bce40-11206073_785328834895657_8318248399097990892_n.jpg\" alt=\"\" width=\"596\" height=\"795\" srcset=\"https:\/\/lesvegamis.fr\/wp-content\/uploads\/2022\/12\/bce40-11206073_785328834895657_8318248399097990892_n.jpg 596w, https:\/\/lesvegamis.fr\/wp-content\/uploads\/2022\/12\/bce40-11206073_785328834895657_8318248399097990892_n-225x300.jpg 225w\" sizes=\"auto, (max-width: 596px) 100vw, 596px\" \/><\/p>\n<p>David, St\u00e9phanie, et Christiane avec le sourire ! Nous \u00e9tions plac\u00e9s \u00e0 la suite de la buvette classique et \u00e0 c\u00f4t\u00e9 de la fondation BB et Pet alerte 64-65; on \u00e9tait bien entour\u00e9s !<img loading=\"lazy\" decoding=\"async\" class=\"alignnone size-full wp-image-1649\" src=\"https:\/\/lesvegamis.fr\/wp-content\/uploads\/2022\/12\/db5c6-11209585_785328911562316_6817401066097580115_n.jpg\" alt=\"\" width=\"960\" height=\"720\" srcset=\"https:\/\/lesvegamis.fr\/wp-content\/uploads\/2022\/12\/db5c6-11209585_785328911562316_6817401066097580115_n.jpg 960w, https:\/\/lesvegamis.fr\/wp-content\/uploads\/2022\/12\/db5c6-11209585_785328911562316_6817401066097580115_n-300x225.jpg 300w, https:\/\/lesvegamis.fr\/wp-content\/uploads\/2022\/12\/db5c6-11209585_785328911562316_6817401066097580115_n-768x576.jpg 768w\" sizes=\"auto, (max-width: 960px) 100vw, 960px\" \/><\/p>\n<h4>Le stand et ses pr\u00e9sentoirs<\/h4>\n<p>Gr\u00e2ce \u00e0 la Maison de la Nature et de L&rsquo;Environnement de Pau, nous avons pu utiliser trois grandes grilles pour afficher quelques photos ! \u00c9taient aussi disponibles quelques exemplaires de notre ancien petit journal : le P&rsquo;tit Veggy Palois !<img loading=\"lazy\" decoding=\"async\" class=\"alignnone size-full wp-image-1562\" src=\"https:\/\/lesvegamis.fr\/wp-content\/uploads\/2022\/12\/82145-11167677_785328841562323_3256271990118937659_n.jpg\" alt=\"\" width=\"960\" height=\"720\" srcset=\"https:\/\/lesvegamis.fr\/wp-content\/uploads\/2022\/12\/82145-11167677_785328841562323_3256271990118937659_n.jpg 960w, https:\/\/lesvegamis.fr\/wp-content\/uploads\/2022\/12\/82145-11167677_785328841562323_3256271990118937659_n-300x225.jpg 300w, https:\/\/lesvegamis.fr\/wp-content\/uploads\/2022\/12\/82145-11167677_785328841562323_3256271990118937659_n-768x576.jpg 768w\" sizes=\"auto, (max-width: 960px) 100vw, 960px\" \/><\/p>\n<p>Notre nouveaux pr\u00e9sentoir, le mois suivant ce f\u00fbt cin\u00e9-d\u00e9bat !<\/p>\n<p><img loading=\"lazy\" decoding=\"async\" class=\"alignnone size-full wp-image-1423\" src=\"https:\/\/lesvegamis.fr\/wp-content\/uploads\/2022\/12\/35f2e-11188229_785329008228973_366165752200602693_n.jpg\" alt=\"\" width=\"720\" height=\"960\" srcset=\"https:\/\/lesvegamis.fr\/wp-content\/uploads\/2022\/12\/35f2e-11188229_785329008228973_366165752200602693_n.jpg 720w, https:\/\/lesvegamis.fr\/wp-content\/uploads\/2022\/12\/35f2e-11188229_785329008228973_366165752200602693_n-225x300.jpg 225w\" sizes=\"auto, (max-width: 720px) 100vw, 720px\" \/><\/p>\n<p>Retrouvez nous prochainement sur notre stand de vente de p\u00e2tisseries vegan au vide-grenier de l&rsquo;association Ga\u00efa le 16 septembre 2018.<\/p>\n","protected":false},"excerpt":{"rendered":"<p>Retour sur le&nbsp;stand de p\u00e2tisseries v\u00e9g\u00e9taliennes que nous avions tenu au vide-grenier de l&rsquo;ADAP en 2015&#8230; Muffins, tartes, sandwiches et bien d&rsquo;autres choses, il y en avait pour tous les&#8230; <a class=\"read-more\" href=\"https:\/\/lesvegamis.fr\/index.php\/2018\/09\/15\/stand-de-vente-de-patisseries-au-vide-grenier-de-ladap-2015\/\">[Continuer la lecture]<\/a><\/p>\n","protected":false},"author":1,"featured_media":1668,"comment_status":"open","ping_status":"open","sticky":false,"template":"","format":"standard","meta":{"jetpack_post_was_ever_published":false,"_jetpack_newsletter_access":"","_jetpack_dont_email_post_to_subs":false,"_jetpack_newsletter_tier_id":0,"_jetpack_memberships_contains_paywalled_content":false,"_jetpack_memberships_contains_paid_content":false,"footnotes":""},"categories":[8],"tags":[],"class_list":["post-112","post","type-post","status-publish","format-standard","has-post-thumbnail","hentry","category-activites"],"yoast_head":"<!-- This site is optimized with the Yoast SEO plugin v27.4 - https:\/\/yoast.com\/product\/yoast-seo-wordpress\/ -->\n<title>Stand de vente de p\u00e2tisseries au vide-grenier de l&#039;ADAP 2015 - Les V\u00e9g&#039;Amis<\/title>\n<meta name=\"robots\" content=\"index, follow, max-snippet:-1, max-image-preview:large, max-video-preview:-1\" \/>\n<link rel=\"canonical\" href=\"https:\/\/lesvegamis.fr\/index.php\/2018\/09\/15\/stand-de-vente-de-patisseries-au-vide-grenier-de-ladap-2015\/\" \/>\n<meta property=\"og:locale\" content=\"fr_FR\" \/>\n<meta property=\"og:type\" content=\"article\" \/>\n<meta property=\"og:title\" content=\"Stand de vente de p\u00e2tisseries au vide-grenier de l&#039;ADAP 2015 - Les V\u00e9g&#039;Amis\" \/>\n<meta property=\"og:description\" content=\"Retour sur le&nbsp;stand de p\u00e2tisseries v\u00e9g\u00e9taliennes que nous avions tenu au vide-grenier de l&rsquo;ADAP en 2015&#8230; Muffins, tartes, sandwiches et bien d&rsquo;autres choses, il y en avait pour tous les... [Continuer la lecture]\" \/>\n<meta property=\"og:url\" content=\"https:\/\/lesvegamis.fr\/index.php\/2018\/09\/15\/stand-de-vente-de-patisseries-au-vide-grenier-de-ladap-2015\/\" \/>\n<meta property=\"og:site_name\" content=\"Les V\u00e9g&#039;Amis\" \/>\n<meta property=\"article:publisher\" content=\"https:\/\/www.facebook.com\/lesvegamis\/\" \/>\n<meta property=\"article:published_time\" content=\"2018-09-15T21:59:20+00:00\" \/>\n<meta property=\"article:modified_time\" content=\"2022-12-07T18:08:34+00:00\" \/>\n<meta property=\"og:image\" content=\"https:\/\/lesvegamis.fr\/wp-content\/uploads\/2022\/12\/e5295-11174824_785328918228982_1052553806698942834_n.jpg\" \/>\n\t<meta property=\"og:image:width\" content=\"960\" \/>\n\t<meta property=\"og:image:height\" content=\"720\" \/>\n\t<meta property=\"og:image:type\" content=\"image\/jpeg\" \/>\n<meta name=\"author\" content=\"Les Vegamis\" \/>\n<meta name=\"twitter:card\" content=\"summary_large_image\" \/>\n<meta name=\"twitter:label1\" content=\"\u00c9crit par\" \/>\n\t<meta name=\"twitter:data1\" content=\"Les Vegamis\" \/>\n\t<meta name=\"twitter:label2\" content=\"Dur\u00e9e de lecture estim\u00e9e\" \/>\n\t<meta name=\"twitter:data2\" content=\"2 minutes\" \/>\n<script type=\"application\/ld+json\" class=\"yoast-schema-graph\">{\"@context\":\"https:\\\/\\\/schema.org\",\"@graph\":[{\"@type\":\"Article\",\"@id\":\"https:\\\/\\\/lesvegamis.fr\\\/index.php\\\/2018\\\/09\\\/15\\\/stand-de-vente-de-patisseries-au-vide-grenier-de-ladap-2015\\\/#article\",\"isPartOf\":{\"@id\":\"https:\\\/\\\/lesvegamis.fr\\\/index.php\\\/2018\\\/09\\\/15\\\/stand-de-vente-de-patisseries-au-vide-grenier-de-ladap-2015\\\/\"},\"author\":{\"name\":\"Les Vegamis\",\"@id\":\"https:\\\/\\\/lesvegamis.fr\\\/#\\\/schema\\\/person\\\/99dfc3e25008667b61b0b17835193701\"},\"headline\":\"Stand de vente de p\u00e2tisseries au vide-grenier de l&rsquo;ADAP 2015\",\"datePublished\":\"2018-09-15T21:59:20+00:00\",\"dateModified\":\"2022-12-07T18:08:34+00:00\",\"mainEntityOfPage\":{\"@id\":\"https:\\\/\\\/lesvegamis.fr\\\/index.php\\\/2018\\\/09\\\/15\\\/stand-de-vente-de-patisseries-au-vide-grenier-de-ladap-2015\\\/\"},\"wordCount\":346,\"commentCount\":0,\"publisher\":{\"@id\":\"https:\\\/\\\/lesvegamis.fr\\\/#organization\"},\"image\":{\"@id\":\"https:\\\/\\\/lesvegamis.fr\\\/index.php\\\/2018\\\/09\\\/15\\\/stand-de-vente-de-patisseries-au-vide-grenier-de-ladap-2015\\\/#primaryimage\"},\"thumbnailUrl\":\"https:\\\/\\\/lesvegamis.fr\\\/wp-content\\\/uploads\\\/2022\\\/12\\\/e5295-11174824_785328918228982_1052553806698942834_n.jpg\",\"articleSection\":[\"Nos activit\u00e9s\"],\"inLanguage\":\"fr-FR\",\"potentialAction\":[{\"@type\":\"CommentAction\",\"name\":\"Comment\",\"target\":[\"https:\\\/\\\/lesvegamis.fr\\\/index.php\\\/2018\\\/09\\\/15\\\/stand-de-vente-de-patisseries-au-vide-grenier-de-ladap-2015\\\/#respond\"]}]},{\"@type\":\"WebPage\",\"@id\":\"https:\\\/\\\/lesvegamis.fr\\\/index.php\\\/2018\\\/09\\\/15\\\/stand-de-vente-de-patisseries-au-vide-grenier-de-ladap-2015\\\/\",\"url\":\"https:\\\/\\\/lesvegamis.fr\\\/index.php\\\/2018\\\/09\\\/15\\\/stand-de-vente-de-patisseries-au-vide-grenier-de-ladap-2015\\\/\",\"name\":\"Stand de vente de p\u00e2tisseries au vide-grenier de l'ADAP 2015 - Les V\u00e9g&#039;Amis\",\"isPartOf\":{\"@id\":\"https:\\\/\\\/lesvegamis.fr\\\/#website\"},\"primaryImageOfPage\":{\"@id\":\"https:\\\/\\\/lesvegamis.fr\\\/index.php\\\/2018\\\/09\\\/15\\\/stand-de-vente-de-patisseries-au-vide-grenier-de-ladap-2015\\\/#primaryimage\"},\"image\":{\"@id\":\"https:\\\/\\\/lesvegamis.fr\\\/index.php\\\/2018\\\/09\\\/15\\\/stand-de-vente-de-patisseries-au-vide-grenier-de-ladap-2015\\\/#primaryimage\"},\"thumbnailUrl\":\"https:\\\/\\\/lesvegamis.fr\\\/wp-content\\\/uploads\\\/2022\\\/12\\\/e5295-11174824_785328918228982_1052553806698942834_n.jpg\",\"datePublished\":\"2018-09-15T21:59:20+00:00\",\"dateModified\":\"2022-12-07T18:08:34+00:00\",\"breadcrumb\":{\"@id\":\"https:\\\/\\\/lesvegamis.fr\\\/index.php\\\/2018\\\/09\\\/15\\\/stand-de-vente-de-patisseries-au-vide-grenier-de-ladap-2015\\\/#breadcrumb\"},\"inLanguage\":\"fr-FR\",\"potentialAction\":[{\"@type\":\"ReadAction\",\"target\":[\"https:\\\/\\\/lesvegamis.fr\\\/index.php\\\/2018\\\/09\\\/15\\\/stand-de-vente-de-patisseries-au-vide-grenier-de-ladap-2015\\\/\"]}]},{\"@type\":\"ImageObject\",\"inLanguage\":\"fr-FR\",\"@id\":\"https:\\\/\\\/lesvegamis.fr\\\/index.php\\\/2018\\\/09\\\/15\\\/stand-de-vente-de-patisseries-au-vide-grenier-de-ladap-2015\\\/#primaryimage\",\"url\":\"https:\\\/\\\/lesvegamis.fr\\\/wp-content\\\/uploads\\\/2022\\\/12\\\/e5295-11174824_785328918228982_1052553806698942834_n.jpg\",\"contentUrl\":\"https:\\\/\\\/lesvegamis.fr\\\/wp-content\\\/uploads\\\/2022\\\/12\\\/e5295-11174824_785328918228982_1052553806698942834_n.jpg\",\"width\":960,\"height\":720},{\"@type\":\"BreadcrumbList\",\"@id\":\"https:\\\/\\\/lesvegamis.fr\\\/index.php\\\/2018\\\/09\\\/15\\\/stand-de-vente-de-patisseries-au-vide-grenier-de-ladap-2015\\\/#breadcrumb\",\"itemListElement\":[{\"@type\":\"ListItem\",\"position\":1,\"name\":\"Accueil\",\"item\":\"https:\\\/\\\/lesvegamis.fr\\\/\"},{\"@type\":\"ListItem\",\"position\":2,\"name\":\"Stand de vente de p\u00e2tisseries au vide-grenier de l&rsquo;ADAP 2015\"}]},{\"@type\":\"WebSite\",\"@id\":\"https:\\\/\\\/lesvegamis.fr\\\/#website\",\"url\":\"https:\\\/\\\/lesvegamis.fr\\\/\",\"name\":\"Les V\u00e9g'Amis\",\"description\":\"L&#039;association v\u00e9gane de Pau\",\"publisher\":{\"@id\":\"https:\\\/\\\/lesvegamis.fr\\\/#organization\"},\"potentialAction\":[{\"@type\":\"SearchAction\",\"target\":{\"@type\":\"EntryPoint\",\"urlTemplate\":\"https:\\\/\\\/lesvegamis.fr\\\/?s={search_term_string}\"},\"query-input\":{\"@type\":\"PropertyValueSpecification\",\"valueRequired\":true,\"valueName\":\"search_term_string\"}}],\"inLanguage\":\"fr-FR\"},{\"@type\":\"Organization\",\"@id\":\"https:\\\/\\\/lesvegamis.fr\\\/#organization\",\"name\":\"Association vegan de Pau Les V\u00e9g'Amis\",\"url\":\"https:\\\/\\\/lesvegamis.fr\\\/\",\"logo\":{\"@type\":\"ImageObject\",\"inLanguage\":\"fr-FR\",\"@id\":\"https:\\\/\\\/lesvegamis.fr\\\/#\\\/schema\\\/logo\\\/image\\\/\",\"url\":\"https:\\\/\\\/lesvegamis.fr\\\/wp-content\\\/uploads\\\/2022\\\/12\\\/cropped-logo-couleur-nom-1.png\",\"contentUrl\":\"https:\\\/\\\/lesvegamis.fr\\\/wp-content\\\/uploads\\\/2022\\\/12\\\/cropped-logo-couleur-nom-1.png\",\"width\":192,\"height\":288,\"caption\":\"Association vegan de Pau Les V\u00e9g'Amis\"},\"image\":{\"@id\":\"https:\\\/\\\/lesvegamis.fr\\\/#\\\/schema\\\/logo\\\/image\\\/\"},\"sameAs\":[\"https:\\\/\\\/www.facebook.com\\\/lesvegamis\\\/\",\"https:\\\/\\\/www.instagram.com\\\/lesvegamis\\\/\"]},{\"@type\":\"Person\",\"@id\":\"https:\\\/\\\/lesvegamis.fr\\\/#\\\/schema\\\/person\\\/99dfc3e25008667b61b0b17835193701\",\"name\":\"Les Vegamis\",\"image\":{\"@type\":\"ImageObject\",\"inLanguage\":\"fr-FR\",\"@id\":\"https:\\\/\\\/secure.gravatar.com\\\/avatar\\\/c365180ba419067afc3f9825f3cc192e60b42a216d37a9089bfc0c3707250f43?s=96&d=identicon&r=g\",\"url\":\"https:\\\/\\\/secure.gravatar.com\\\/avatar\\\/c365180ba419067afc3f9825f3cc192e60b42a216d37a9089bfc0c3707250f43?s=96&d=identicon&r=g\",\"contentUrl\":\"https:\\\/\\\/secure.gravatar.com\\\/avatar\\\/c365180ba419067afc3f9825f3cc192e60b42a216d37a9089bfc0c3707250f43?s=96&d=identicon&r=g\",\"caption\":\"Les Vegamis\"},\"sameAs\":[\"http:\\\/\\\/lesvegamis.fr\"],\"url\":\"https:\\\/\\\/lesvegamis.fr\\\/index.php\\\/author\\\/admin6014\\\/\"}]}<\/script>\n<!-- \/ Yoast SEO plugin. -->","yoast_head_json":{"title":"Stand de vente de p\u00e2tisseries au vide-grenier de l'ADAP 2015 - Les V\u00e9g&#039;Amis","robots":{"index":"index","follow":"follow","max-snippet":"max-snippet:-1","max-image-preview":"max-image-preview:large","max-video-preview":"max-video-preview:-1"},"canonical":"https:\/\/lesvegamis.fr\/index.php\/2018\/09\/15\/stand-de-vente-de-patisseries-au-vide-grenier-de-ladap-2015\/","og_locale":"fr_FR","og_type":"article","og_title":"Stand de vente de p\u00e2tisseries au vide-grenier de l'ADAP 2015 - Les V\u00e9g&#039;Amis","og_description":"Retour sur le&nbsp;stand de p\u00e2tisseries v\u00e9g\u00e9taliennes que nous avions tenu au vide-grenier de l&rsquo;ADAP en 2015&#8230; Muffins, tartes, sandwiches et bien d&rsquo;autres choses, il y en avait pour tous les... [Continuer la lecture]","og_url":"https:\/\/lesvegamis.fr\/index.php\/2018\/09\/15\/stand-de-vente-de-patisseries-au-vide-grenier-de-ladap-2015\/","og_site_name":"Les V\u00e9g&#039;Amis","article_publisher":"https:\/\/www.facebook.com\/lesvegamis\/","article_published_time":"2018-09-15T21:59:20+00:00","article_modified_time":"2022-12-07T18:08:34+00:00","og_image":[{"width":960,"height":720,"url":"https:\/\/lesvegamis.fr\/wp-content\/uploads\/2022\/12\/e5295-11174824_785328918228982_1052553806698942834_n.jpg","type":"image\/jpeg"}],"author":"Les Vegamis","twitter_card":"summary_large_image","twitter_misc":{"\u00c9crit par":"Les Vegamis","Dur\u00e9e de lecture estim\u00e9e":"2 minutes"},"schema":{"@context":"https:\/\/schema.org","@graph":[{"@type":"Article","@id":"https:\/\/lesvegamis.fr\/index.php\/2018\/09\/15\/stand-de-vente-de-patisseries-au-vide-grenier-de-ladap-2015\/#article","isPartOf":{"@id":"https:\/\/lesvegamis.fr\/index.php\/2018\/09\/15\/stand-de-vente-de-patisseries-au-vide-grenier-de-ladap-2015\/"},"author":{"name":"Les Vegamis","@id":"https:\/\/lesvegamis.fr\/#\/schema\/person\/99dfc3e25008667b61b0b17835193701"},"headline":"Stand de vente de p\u00e2tisseries au vide-grenier de l&rsquo;ADAP 2015","datePublished":"2018-09-15T21:59:20+00:00","dateModified":"2022-12-07T18:08:34+00:00","mainEntityOfPage":{"@id":"https:\/\/lesvegamis.fr\/index.php\/2018\/09\/15\/stand-de-vente-de-patisseries-au-vide-grenier-de-ladap-2015\/"},"wordCount":346,"commentCount":0,"publisher":{"@id":"https:\/\/lesvegamis.fr\/#organization"},"image":{"@id":"https:\/\/lesvegamis.fr\/index.php\/2018\/09\/15\/stand-de-vente-de-patisseries-au-vide-grenier-de-ladap-2015\/#primaryimage"},"thumbnailUrl":"https:\/\/lesvegamis.fr\/wp-content\/uploads\/2022\/12\/e5295-11174824_785328918228982_1052553806698942834_n.jpg","articleSection":["Nos activit\u00e9s"],"inLanguage":"fr-FR","potentialAction":[{"@type":"CommentAction","name":"Comment","target":["https:\/\/lesvegamis.fr\/index.php\/2018\/09\/15\/stand-de-vente-de-patisseries-au-vide-grenier-de-ladap-2015\/#respond"]}]},{"@type":"WebPage","@id":"https:\/\/lesvegamis.fr\/index.php\/2018\/09\/15\/stand-de-vente-de-patisseries-au-vide-grenier-de-ladap-2015\/","url":"https:\/\/lesvegamis.fr\/index.php\/2018\/09\/15\/stand-de-vente-de-patisseries-au-vide-grenier-de-ladap-2015\/","name":"Stand de vente de p\u00e2tisseries au vide-grenier de l'ADAP 2015 - Les V\u00e9g&#039;Amis","isPartOf":{"@id":"https:\/\/lesvegamis.fr\/#website"},"primaryImageOfPage":{"@id":"https:\/\/lesvegamis.fr\/index.php\/2018\/09\/15\/stand-de-vente-de-patisseries-au-vide-grenier-de-ladap-2015\/#primaryimage"},"image":{"@id":"https:\/\/lesvegamis.fr\/index.php\/2018\/09\/15\/stand-de-vente-de-patisseries-au-vide-grenier-de-ladap-2015\/#primaryimage"},"thumbnailUrl":"https:\/\/lesvegamis.fr\/wp-content\/uploads\/2022\/12\/e5295-11174824_785328918228982_1052553806698942834_n.jpg","datePublished":"2018-09-15T21:59:20+00:00","dateModified":"2022-12-07T18:08:34+00:00","breadcrumb":{"@id":"https:\/\/lesvegamis.fr\/index.php\/2018\/09\/15\/stand-de-vente-de-patisseries-au-vide-grenier-de-ladap-2015\/#breadcrumb"},"inLanguage":"fr-FR","potentialAction":[{"@type":"ReadAction","target":["https:\/\/lesvegamis.fr\/index.php\/2018\/09\/15\/stand-de-vente-de-patisseries-au-vide-grenier-de-ladap-2015\/"]}]},{"@type":"ImageObject","inLanguage":"fr-FR","@id":"https:\/\/lesvegamis.fr\/index.php\/2018\/09\/15\/stand-de-vente-de-patisseries-au-vide-grenier-de-ladap-2015\/#primaryimage","url":"https:\/\/lesvegamis.fr\/wp-content\/uploads\/2022\/12\/e5295-11174824_785328918228982_1052553806698942834_n.jpg","contentUrl":"https:\/\/lesvegamis.fr\/wp-content\/uploads\/2022\/12\/e5295-11174824_785328918228982_1052553806698942834_n.jpg","width":960,"height":720},{"@type":"BreadcrumbList","@id":"https:\/\/lesvegamis.fr\/index.php\/2018\/09\/15\/stand-de-vente-de-patisseries-au-vide-grenier-de-ladap-2015\/#breadcrumb","itemListElement":[{"@type":"ListItem","position":1,"name":"Accueil","item":"https:\/\/lesvegamis.fr\/"},{"@type":"ListItem","position":2,"name":"Stand de vente de p\u00e2tisseries au vide-grenier de l&rsquo;ADAP 2015"}]},{"@type":"WebSite","@id":"https:\/\/lesvegamis.fr\/#website","url":"https:\/\/lesvegamis.fr\/","name":"Les V\u00e9g'Amis","description":"L&#039;association v\u00e9gane de Pau","publisher":{"@id":"https:\/\/lesvegamis.fr\/#organization"},"potentialAction":[{"@type":"SearchAction","target":{"@type":"EntryPoint","urlTemplate":"https:\/\/lesvegamis.fr\/?s={search_term_string}"},"query-input":{"@type":"PropertyValueSpecification","valueRequired":true,"valueName":"search_term_string"}}],"inLanguage":"fr-FR"},{"@type":"Organization","@id":"https:\/\/lesvegamis.fr\/#organization","name":"Association vegan de Pau Les V\u00e9g'Amis","url":"https:\/\/lesvegamis.fr\/","logo":{"@type":"ImageObject","inLanguage":"fr-FR","@id":"https:\/\/lesvegamis.fr\/#\/schema\/logo\/image\/","url":"https:\/\/lesvegamis.fr\/wp-content\/uploads\/2022\/12\/cropped-logo-couleur-nom-1.png","contentUrl":"https:\/\/lesvegamis.fr\/wp-content\/uploads\/2022\/12\/cropped-logo-couleur-nom-1.png","width":192,"height":288,"caption":"Association vegan de Pau Les V\u00e9g'Amis"},"image":{"@id":"https:\/\/lesvegamis.fr\/#\/schema\/logo\/image\/"},"sameAs":["https:\/\/www.facebook.com\/lesvegamis\/","https:\/\/www.instagram.com\/lesvegamis\/"]},{"@type":"Person","@id":"https:\/\/lesvegamis.fr\/#\/schema\/person\/99dfc3e25008667b61b0b17835193701","name":"Les Vegamis","image":{"@type":"ImageObject","inLanguage":"fr-FR","@id":"https:\/\/secure.gravatar.com\/avatar\/c365180ba419067afc3f9825f3cc192e60b42a216d37a9089bfc0c3707250f43?s=96&d=identicon&r=g","url":"https:\/\/secure.gravatar.com\/avatar\/c365180ba419067afc3f9825f3cc192e60b42a216d37a9089bfc0c3707250f43?s=96&d=identicon&r=g","contentUrl":"https:\/\/secure.gravatar.com\/avatar\/c365180ba419067afc3f9825f3cc192e60b42a216d37a9089bfc0c3707250f43?s=96&d=identicon&r=g","caption":"Les Vegamis"},"sameAs":["http:\/\/lesvegamis.fr"],"url":"https:\/\/lesvegamis.fr\/index.php\/author\/admin6014\/"}]}},"jetpack_featured_media_url":"https:\/\/lesvegamis.fr\/wp-content\/uploads\/2022\/12\/e5295-11174824_785328918228982_1052553806698942834_n.jpg","jetpack_sharing_enabled":true,"_links":{"self":[{"href":"https:\/\/lesvegamis.fr\/index.php\/wp-json\/wp\/v2\/posts\/112","targetHints":{"allow":["GET"]}}],"collection":[{"href":"https:\/\/lesvegamis.fr\/index.php\/wp-json\/wp\/v2\/posts"}],"about":[{"href":"https:\/\/lesvegamis.fr\/index.php\/wp-json\/wp\/v2\/types\/post"}],"author":[{"embeddable":true,"href":"https:\/\/lesvegamis.fr\/index.php\/wp-json\/wp\/v2\/users\/1"}],"replies":[{"embeddable":true,"href":"https:\/\/lesvegamis.fr\/index.php\/wp-json\/wp\/v2\/comments?post=112"}],"version-history":[{"count":2,"href":"https:\/\/lesvegamis.fr\/index.php\/wp-json\/wp\/v2\/posts\/112\/revisions"}],"predecessor-version":[{"id":1799,"href":"https:\/\/lesvegamis.fr\/index.php\/wp-json\/wp\/v2\/posts\/112\/revisions\/1799"}],"wp:featuredmedia":[{"embeddable":true,"href":"https:\/\/lesvegamis.fr\/index.php\/wp-json\/wp\/v2\/media\/1668"}],"wp:attachment":[{"href":"https:\/\/lesvegamis.fr\/index.php\/wp-json\/wp\/v2\/media?parent=112"}],"wp:term":[{"taxonomy":"category","embeddable":true,"href":"https:\/\/lesvegamis.fr\/index.php\/wp-json\/wp\/v2\/categories?post=112"},{"taxonomy":"post_tag","embeddable":true,"href":"https:\/\/lesvegamis.fr\/index.php\/wp-json\/wp\/v2\/tags?post=112"}],"curies":[{"name":"wp","href":"https:\/\/api.w.org\/{rel}","templated":true}]}}