{"id":150,"date":"2018-09-16T00:39:05","date_gmt":"2018-09-15T22:39:05","guid":{"rendered":"http:\/\/lesvegamis.fr\/?p=150"},"modified":"2024-08-05T12:54:07","modified_gmt":"2024-08-05T10:54:07","slug":"le-vegans-food-truck","status":"publish","type":"post","link":"https:\/\/lesvegamis.fr\/index.php\/2018\/09\/16\/le-vegans-food-truck\/","title":{"rendered":"Le Vegan&rsquo;s Food Truck"},"content":{"rendered":"<p>Le Vegan&rsquo;s Food Truck se d\u00e9place sur les \u00e9v\u00e8nements sportifs et culturels, associatifs ou priv\u00e9s dans le sud-ouest.<\/p>\n<p>Contact :\u00a0fred (a) vegansfoodtruck.fr\u00a006.78.12.30.91<\/p>\n<p><img loading=\"lazy\" decoding=\"async\" class=\"size-full wp-image-1435 aligncenter\" src=\"https:\/\/lesvegamis.fr\/wp-content\/uploads\/2022\/12\/55c11-sans-titre-4.png\" alt=\"\" width=\"596\" height=\"597\" srcset=\"https:\/\/lesvegamis.fr\/wp-content\/uploads\/2022\/12\/55c11-sans-titre-4.png 596w, https:\/\/lesvegamis.fr\/wp-content\/uploads\/2022\/12\/55c11-sans-titre-4-300x300.png 300w, https:\/\/lesvegamis.fr\/wp-content\/uploads\/2022\/12\/55c11-sans-titre-4-150x150.png 150w\" sizes=\"auto, (max-width: 596px) 100vw, 596px\" \/><\/p>\n","protected":false},"excerpt":{"rendered":"<p>Le Vegan&rsquo;s Food Truck se d\u00e9place sur les \u00e9v\u00e8nements sportifs et culturels, associatifs ou priv\u00e9s dans le sud-ouest. Contact :\u00a0fred (a) vegansfoodtruck.fr\u00a006.78.12.30.91<\/p>\n","protected":false},"author":4,"featured_media":1814,"comment_status":"closed","ping_status":"closed","sticky":false,"template":"","format":"standard","meta":{"jetpack_post_was_ever_published":false,"_jetpack_newsletter_access":"","_jetpack_dont_email_post_to_subs":false,"_jetpack_newsletter_tier_id":0,"_jetpack_memberships_contains_paywalled_content":false,"_jetpack_memberships_contains_paid_content":false,"footnotes":""},"categories":[10],"tags":[],"class_list":["post-150","post","type-post","status-publish","format-standard","has-post-thumbnail","hentry","category-food-trucks"],"yoast_head":"<!-- This site is optimized with the Yoast SEO plugin v27.5 - https:\/\/yoast.com\/product\/yoast-seo-wordpress\/ -->\n<title>Le Vegan&#039;s Food Truck - Les V\u00e9g&#039;Amis<\/title>\n<meta name=\"robots\" content=\"index, follow, max-snippet:-1, max-image-preview:large, max-video-preview:-1\" \/>\n<link rel=\"canonical\" href=\"https:\/\/lesvegamis.fr\/index.php\/2018\/09\/16\/le-vegans-food-truck\/\" \/>\n<meta property=\"og:locale\" content=\"fr_FR\" \/>\n<meta property=\"og:type\" content=\"article\" \/>\n<meta property=\"og:title\" content=\"Le Vegan&#039;s Food Truck - Les V\u00e9g&#039;Amis\" \/>\n<meta property=\"og:description\" content=\"Le Vegan&rsquo;s Food Truck se d\u00e9place sur les \u00e9v\u00e8nements sportifs et culturels, associatifs ou priv\u00e9s dans le sud-ouest. Contact :\u00a0fred (a) vegansfoodtruck.fr\u00a006.78.12.30.91\" \/>\n<meta property=\"og:url\" content=\"https:\/\/lesvegamis.fr\/index.php\/2018\/09\/16\/le-vegans-food-truck\/\" \/>\n<meta property=\"og:site_name\" content=\"Les V\u00e9g&#039;Amis\" \/>\n<meta property=\"article:publisher\" content=\"https:\/\/www.facebook.com\/lesvegamis\/\" \/>\n<meta property=\"article:published_time\" content=\"2018-09-15T22:39:05+00:00\" \/>\n<meta property=\"article:modified_time\" content=\"2024-08-05T10:54:07+00:00\" \/>\n<meta property=\"og:image\" content=\"https:\/\/lesvegamis.fr\/wp-content\/uploads\/2018\/09\/304248944_509965731132840_9184003093314023440_n.jpg\" \/>\n\t<meta property=\"og:image:width\" content=\"1024\" \/>\n\t<meta property=\"og:image:height\" content=\"592\" \/>\n\t<meta property=\"og:image:type\" content=\"image\/jpeg\" \/>\n<meta name=\"author\" content=\"Marie-Anne\" \/>\n<meta name=\"twitter:card\" content=\"summary_large_image\" \/>\n<meta name=\"twitter:label1\" content=\"\u00c9crit par\" \/>\n\t<meta name=\"twitter:data1\" content=\"Marie-Anne\" \/>\n<script type=\"application\/ld+json\" class=\"yoast-schema-graph\">{\"@context\":\"https:\\\/\\\/schema.org\",\"@graph\":[{\"@type\":\"Article\",\"@id\":\"https:\\\/\\\/lesvegamis.fr\\\/index.php\\\/2018\\\/09\\\/16\\\/le-vegans-food-truck\\\/#article\",\"isPartOf\":{\"@id\":\"https:\\\/\\\/lesvegamis.fr\\\/index.php\\\/2018\\\/09\\\/16\\\/le-vegans-food-truck\\\/\"},\"author\":{\"name\":\"Marie-Anne\",\"@id\":\"https:\\\/\\\/lesvegamis.fr\\\/#\\\/schema\\\/person\\\/ccad9a46c7b4719c8ab8a54279c927a0\"},\"headline\":\"Le Vegan&rsquo;s Food Truck\",\"datePublished\":\"2018-09-15T22:39:05+00:00\",\"dateModified\":\"2024-08-05T10:54:07+00:00\",\"mainEntityOfPage\":{\"@id\":\"https:\\\/\\\/lesvegamis.fr\\\/index.php\\\/2018\\\/09\\\/16\\\/le-vegans-food-truck\\\/\"},\"wordCount\":30,\"publisher\":{\"@id\":\"https:\\\/\\\/lesvegamis.fr\\\/#organization\"},\"image\":{\"@id\":\"https:\\\/\\\/lesvegamis.fr\\\/index.php\\\/2018\\\/09\\\/16\\\/le-vegans-food-truck\\\/#primaryimage\"},\"thumbnailUrl\":\"https:\\\/\\\/lesvegamis.fr\\\/wp-content\\\/uploads\\\/2018\\\/09\\\/304248944_509965731132840_9184003093314023440_n.jpg\",\"articleSection\":[\"Food Trucks\"],\"inLanguage\":\"fr-FR\"},{\"@type\":\"WebPage\",\"@id\":\"https:\\\/\\\/lesvegamis.fr\\\/index.php\\\/2018\\\/09\\\/16\\\/le-vegans-food-truck\\\/\",\"url\":\"https:\\\/\\\/lesvegamis.fr\\\/index.php\\\/2018\\\/09\\\/16\\\/le-vegans-food-truck\\\/\",\"name\":\"Le Vegan's Food Truck - Les V\u00e9g&#039;Amis\",\"isPartOf\":{\"@id\":\"https:\\\/\\\/lesvegamis.fr\\\/#website\"},\"primaryImageOfPage\":{\"@id\":\"https:\\\/\\\/lesvegamis.fr\\\/index.php\\\/2018\\\/09\\\/16\\\/le-vegans-food-truck\\\/#primaryimage\"},\"image\":{\"@id\":\"https:\\\/\\\/lesvegamis.fr\\\/index.php\\\/2018\\\/09\\\/16\\\/le-vegans-food-truck\\\/#primaryimage\"},\"thumbnailUrl\":\"https:\\\/\\\/lesvegamis.fr\\\/wp-content\\\/uploads\\\/2018\\\/09\\\/304248944_509965731132840_9184003093314023440_n.jpg\",\"datePublished\":\"2018-09-15T22:39:05+00:00\",\"dateModified\":\"2024-08-05T10:54:07+00:00\",\"breadcrumb\":{\"@id\":\"https:\\\/\\\/lesvegamis.fr\\\/index.php\\\/2018\\\/09\\\/16\\\/le-vegans-food-truck\\\/#breadcrumb\"},\"inLanguage\":\"fr-FR\",\"potentialAction\":[{\"@type\":\"ReadAction\",\"target\":[\"https:\\\/\\\/lesvegamis.fr\\\/index.php\\\/2018\\\/09\\\/16\\\/le-vegans-food-truck\\\/\"]}]},{\"@type\":\"ImageObject\",\"inLanguage\":\"fr-FR\",\"@id\":\"https:\\\/\\\/lesvegamis.fr\\\/index.php\\\/2018\\\/09\\\/16\\\/le-vegans-food-truck\\\/#primaryimage\",\"url\":\"https:\\\/\\\/lesvegamis.fr\\\/wp-content\\\/uploads\\\/2018\\\/09\\\/304248944_509965731132840_9184003093314023440_n.jpg\",\"contentUrl\":\"https:\\\/\\\/lesvegamis.fr\\\/wp-content\\\/uploads\\\/2018\\\/09\\\/304248944_509965731132840_9184003093314023440_n.jpg\",\"width\":1024,\"height\":592},{\"@type\":\"BreadcrumbList\",\"@id\":\"https:\\\/\\\/lesvegamis.fr\\\/index.php\\\/2018\\\/09\\\/16\\\/le-vegans-food-truck\\\/#breadcrumb\",\"itemListElement\":[{\"@type\":\"ListItem\",\"position\":1,\"name\":\"Accueil\",\"item\":\"https:\\\/\\\/lesvegamis.fr\\\/\"},{\"@type\":\"ListItem\",\"position\":2,\"name\":\"Le Vegan&#8217;s Food Truck\"}]},{\"@type\":\"WebSite\",\"@id\":\"https:\\\/\\\/lesvegamis.fr\\\/#website\",\"url\":\"https:\\\/\\\/lesvegamis.fr\\\/\",\"name\":\"Les V\u00e9g'Amis\",\"description\":\"L&#039;association v\u00e9gane de Pau\",\"publisher\":{\"@id\":\"https:\\\/\\\/lesvegamis.fr\\\/#organization\"},\"potentialAction\":[{\"@type\":\"SearchAction\",\"target\":{\"@type\":\"EntryPoint\",\"urlTemplate\":\"https:\\\/\\\/lesvegamis.fr\\\/?s={search_term_string}\"},\"query-input\":{\"@type\":\"PropertyValueSpecification\",\"valueRequired\":true,\"valueName\":\"search_term_string\"}}],\"inLanguage\":\"fr-FR\"},{\"@type\":\"Organization\",\"@id\":\"https:\\\/\\\/lesvegamis.fr\\\/#organization\",\"name\":\"Association vegan de Pau Les V\u00e9g'Amis\",\"url\":\"https:\\\/\\\/lesvegamis.fr\\\/\",\"logo\":{\"@type\":\"ImageObject\",\"inLanguage\":\"fr-FR\",\"@id\":\"https:\\\/\\\/lesvegamis.fr\\\/#\\\/schema\\\/logo\\\/image\\\/\",\"url\":\"https:\\\/\\\/lesvegamis.fr\\\/wp-content\\\/uploads\\\/2022\\\/12\\\/cropped-logo-couleur-nom-1.png\",\"contentUrl\":\"https:\\\/\\\/lesvegamis.fr\\\/wp-content\\\/uploads\\\/2022\\\/12\\\/cropped-logo-couleur-nom-1.png\",\"width\":192,\"height\":288,\"caption\":\"Association vegan de Pau Les V\u00e9g'Amis\"},\"image\":{\"@id\":\"https:\\\/\\\/lesvegamis.fr\\\/#\\\/schema\\\/logo\\\/image\\\/\"},\"sameAs\":[\"https:\\\/\\\/www.facebook.com\\\/lesvegamis\\\/\",\"https:\\\/\\\/www.instagram.com\\\/lesvegamis\\\/\"]},{\"@type\":\"Person\",\"@id\":\"https:\\\/\\\/lesvegamis.fr\\\/#\\\/schema\\\/person\\\/ccad9a46c7b4719c8ab8a54279c927a0\",\"name\":\"Marie-Anne\",\"image\":{\"@type\":\"ImageObject\",\"inLanguage\":\"fr-FR\",\"@id\":\"https:\\\/\\\/secure.gravatar.com\\\/avatar\\\/f0e2c2fc209c0f8c58558565ef6a29e43de2180dc263c0a1cffe3a505c799071?s=96&d=identicon&r=g\",\"url\":\"https:\\\/\\\/secure.gravatar.com\\\/avatar\\\/f0e2c2fc209c0f8c58558565ef6a29e43de2180dc263c0a1cffe3a505c799071?s=96&d=identicon&r=g\",\"contentUrl\":\"https:\\\/\\\/secure.gravatar.com\\\/avatar\\\/f0e2c2fc209c0f8c58558565ef6a29e43de2180dc263c0a1cffe3a505c799071?s=96&d=identicon&r=g\",\"caption\":\"Marie-Anne\"},\"sameAs\":[\"https:\\\/\\\/lesvegamis.fr\\\/\"],\"url\":\"https:\\\/\\\/lesvegamis.fr\\\/index.php\\\/author\\\/lesvegamis-editeur\\\/\"}]}<\/script>\n<!-- \/ Yoast SEO plugin. -->","yoast_head_json":{"title":"Le Vegan's Food Truck - Les V\u00e9g&#039;Amis","robots":{"index":"index","follow":"follow","max-snippet":"max-snippet:-1","max-image-preview":"max-image-preview:large","max-video-preview":"max-video-preview:-1"},"canonical":"https:\/\/lesvegamis.fr\/index.php\/2018\/09\/16\/le-vegans-food-truck\/","og_locale":"fr_FR","og_type":"article","og_title":"Le Vegan's Food Truck - Les V\u00e9g&#039;Amis","og_description":"Le Vegan&rsquo;s Food Truck se d\u00e9place sur les \u00e9v\u00e8nements sportifs et culturels, associatifs ou priv\u00e9s dans le sud-ouest. Contact :\u00a0fred (a) vegansfoodtruck.fr\u00a006.78.12.30.91","og_url":"https:\/\/lesvegamis.fr\/index.php\/2018\/09\/16\/le-vegans-food-truck\/","og_site_name":"Les V\u00e9g&#039;Amis","article_publisher":"https:\/\/www.facebook.com\/lesvegamis\/","article_published_time":"2018-09-15T22:39:05+00:00","article_modified_time":"2024-08-05T10:54:07+00:00","og_image":[{"width":1024,"height":592,"url":"https:\/\/lesvegamis.fr\/wp-content\/uploads\/2018\/09\/304248944_509965731132840_9184003093314023440_n.jpg","type":"image\/jpeg"}],"author":"Marie-Anne","twitter_card":"summary_large_image","twitter_misc":{"\u00c9crit par":"Marie-Anne"},"schema":{"@context":"https:\/\/schema.org","@graph":[{"@type":"Article","@id":"https:\/\/lesvegamis.fr\/index.php\/2018\/09\/16\/le-vegans-food-truck\/#article","isPartOf":{"@id":"https:\/\/lesvegamis.fr\/index.php\/2018\/09\/16\/le-vegans-food-truck\/"},"author":{"name":"Marie-Anne","@id":"https:\/\/lesvegamis.fr\/#\/schema\/person\/ccad9a46c7b4719c8ab8a54279c927a0"},"headline":"Le Vegan&rsquo;s Food Truck","datePublished":"2018-09-15T22:39:05+00:00","dateModified":"2024-08-05T10:54:07+00:00","mainEntityOfPage":{"@id":"https:\/\/lesvegamis.fr\/index.php\/2018\/09\/16\/le-vegans-food-truck\/"},"wordCount":30,"publisher":{"@id":"https:\/\/lesvegamis.fr\/#organization"},"image":{"@id":"https:\/\/lesvegamis.fr\/index.php\/2018\/09\/16\/le-vegans-food-truck\/#primaryimage"},"thumbnailUrl":"https:\/\/lesvegamis.fr\/wp-content\/uploads\/2018\/09\/304248944_509965731132840_9184003093314023440_n.jpg","articleSection":["Food Trucks"],"inLanguage":"fr-FR"},{"@type":"WebPage","@id":"https:\/\/lesvegamis.fr\/index.php\/2018\/09\/16\/le-vegans-food-truck\/","url":"https:\/\/lesvegamis.fr\/index.php\/2018\/09\/16\/le-vegans-food-truck\/","name":"Le Vegan's Food Truck - Les V\u00e9g&#039;Amis","isPartOf":{"@id":"https:\/\/lesvegamis.fr\/#website"},"primaryImageOfPage":{"@id":"https:\/\/lesvegamis.fr\/index.php\/2018\/09\/16\/le-vegans-food-truck\/#primaryimage"},"image":{"@id":"https:\/\/lesvegamis.fr\/index.php\/2018\/09\/16\/le-vegans-food-truck\/#primaryimage"},"thumbnailUrl":"https:\/\/lesvegamis.fr\/wp-content\/uploads\/2018\/09\/304248944_509965731132840_9184003093314023440_n.jpg","datePublished":"2018-09-15T22:39:05+00:00","dateModified":"2024-08-05T10:54:07+00:00","breadcrumb":{"@id":"https:\/\/lesvegamis.fr\/index.php\/2018\/09\/16\/le-vegans-food-truck\/#breadcrumb"},"inLanguage":"fr-FR","potentialAction":[{"@type":"ReadAction","target":["https:\/\/lesvegamis.fr\/index.php\/2018\/09\/16\/le-vegans-food-truck\/"]}]},{"@type":"ImageObject","inLanguage":"fr-FR","@id":"https:\/\/lesvegamis.fr\/index.php\/2018\/09\/16\/le-vegans-food-truck\/#primaryimage","url":"https:\/\/lesvegamis.fr\/wp-content\/uploads\/2018\/09\/304248944_509965731132840_9184003093314023440_n.jpg","contentUrl":"https:\/\/lesvegamis.fr\/wp-content\/uploads\/2018\/09\/304248944_509965731132840_9184003093314023440_n.jpg","width":1024,"height":592},{"@type":"BreadcrumbList","@id":"https:\/\/lesvegamis.fr\/index.php\/2018\/09\/16\/le-vegans-food-truck\/#breadcrumb","itemListElement":[{"@type":"ListItem","position":1,"name":"Accueil","item":"https:\/\/lesvegamis.fr\/"},{"@type":"ListItem","position":2,"name":"Le Vegan&#8217;s Food Truck"}]},{"@type":"WebSite","@id":"https:\/\/lesvegamis.fr\/#website","url":"https:\/\/lesvegamis.fr\/","name":"Les V\u00e9g'Amis","description":"L&#039;association v\u00e9gane de Pau","publisher":{"@id":"https:\/\/lesvegamis.fr\/#organization"},"potentialAction":[{"@type":"SearchAction","target":{"@type":"EntryPoint","urlTemplate":"https:\/\/lesvegamis.fr\/?s={search_term_string}"},"query-input":{"@type":"PropertyValueSpecification","valueRequired":true,"valueName":"search_term_string"}}],"inLanguage":"fr-FR"},{"@type":"Organization","@id":"https:\/\/lesvegamis.fr\/#organization","name":"Association vegan de Pau Les V\u00e9g'Amis","url":"https:\/\/lesvegamis.fr\/","logo":{"@type":"ImageObject","inLanguage":"fr-FR","@id":"https:\/\/lesvegamis.fr\/#\/schema\/logo\/image\/","url":"https:\/\/lesvegamis.fr\/wp-content\/uploads\/2022\/12\/cropped-logo-couleur-nom-1.png","contentUrl":"https:\/\/lesvegamis.fr\/wp-content\/uploads\/2022\/12\/cropped-logo-couleur-nom-1.png","width":192,"height":288,"caption":"Association vegan de Pau Les V\u00e9g'Amis"},"image":{"@id":"https:\/\/lesvegamis.fr\/#\/schema\/logo\/image\/"},"sameAs":["https:\/\/www.facebook.com\/lesvegamis\/","https:\/\/www.instagram.com\/lesvegamis\/"]},{"@type":"Person","@id":"https:\/\/lesvegamis.fr\/#\/schema\/person\/ccad9a46c7b4719c8ab8a54279c927a0","name":"Marie-Anne","image":{"@type":"ImageObject","inLanguage":"fr-FR","@id":"https:\/\/secure.gravatar.com\/avatar\/f0e2c2fc209c0f8c58558565ef6a29e43de2180dc263c0a1cffe3a505c799071?s=96&d=identicon&r=g","url":"https:\/\/secure.gravatar.com\/avatar\/f0e2c2fc209c0f8c58558565ef6a29e43de2180dc263c0a1cffe3a505c799071?s=96&d=identicon&r=g","contentUrl":"https:\/\/secure.gravatar.com\/avatar\/f0e2c2fc209c0f8c58558565ef6a29e43de2180dc263c0a1cffe3a505c799071?s=96&d=identicon&r=g","caption":"Marie-Anne"},"sameAs":["https:\/\/lesvegamis.fr\/"],"url":"https:\/\/lesvegamis.fr\/index.php\/author\/lesvegamis-editeur\/"}]}},"jetpack_featured_media_url":"https:\/\/lesvegamis.fr\/wp-content\/uploads\/2018\/09\/304248944_509965731132840_9184003093314023440_n.jpg","jetpack_sharing_enabled":true,"_links":{"self":[{"href":"https:\/\/lesvegamis.fr\/index.php\/wp-json\/wp\/v2\/posts\/150","targetHints":{"allow":["GET"]}}],"collection":[{"href":"https:\/\/lesvegamis.fr\/index.php\/wp-json\/wp\/v2\/posts"}],"about":[{"href":"https:\/\/lesvegamis.fr\/index.php\/wp-json\/wp\/v2\/types\/post"}],"author":[{"embeddable":true,"href":"https:\/\/lesvegamis.fr\/index.php\/wp-json\/wp\/v2\/users\/4"}],"replies":[{"embeddable":true,"href":"https:\/\/lesvegamis.fr\/index.php\/wp-json\/wp\/v2\/comments?post=150"}],"version-history":[{"count":2,"href":"https:\/\/lesvegamis.fr\/index.php\/wp-json\/wp\/v2\/posts\/150\/revisions"}],"predecessor-version":[{"id":1807,"href":"https:\/\/lesvegamis.fr\/index.php\/wp-json\/wp\/v2\/posts\/150\/revisions\/1807"}],"wp:featuredmedia":[{"embeddable":true,"href":"https:\/\/lesvegamis.fr\/index.php\/wp-json\/wp\/v2\/media\/1814"}],"wp:attachment":[{"href":"https:\/\/lesvegamis.fr\/index.php\/wp-json\/wp\/v2\/media?parent=150"}],"wp:term":[{"taxonomy":"category","embeddable":true,"href":"https:\/\/lesvegamis.fr\/index.php\/wp-json\/wp\/v2\/categories?post=150"},{"taxonomy":"post_tag","embeddable":true,"href":"https:\/\/lesvegamis.fr\/index.php\/wp-json\/wp\/v2\/tags?post=150"}],"curies":[{"name":"wp","href":"https:\/\/api.w.org\/{rel}","templated":true}]}}