{"id":189,"date":"2018-11-06T12:01:22","date_gmt":"2018-11-06T11:01:22","guid":{"rendered":"http:\/\/lesvegamis.fr\/?p=189"},"modified":"2022-12-07T18:42:55","modified_gmt":"2022-12-07T17:42:55","slug":"atelier-lasagnes-novembre-2015","status":"publish","type":"post","link":"https:\/\/lesvegamis.fr\/index.php\/2018\/11\/06\/atelier-lasagnes-novembre-2015\/","title":{"rendered":"Atelier Lasagnes Novembre 2015"},"content":{"rendered":"<p>En 2015 tout allait bon train, et nos rencontres \u00e9taient devenues mensuelles. Pour Novembre, nous avions opt\u00e9 pour un atelier sal\u00e9 pour changer des p\u00e2tisseries. L&rsquo;atelier s&rsquo;est d\u00e9roul\u00e9 le 29 novembre \u00e0 la MNE.<\/p>\n<p>Nous vous avions donc propos\u00e9 un atelier de lasagnes aux \u00e9pinards, cr\u00e8me et sauce tomate pour nous r\u00e9chauffer ! Vous aviez \u00e9t\u00e9 sages, donc B\u00e9n\u00e9dicte avait apport\u00e9 le dessert&#8230;<\/p>\n<p><img loading=\"lazy\" decoding=\"async\" class=\"alignnone size-large wp-image-1707\" src=\"https:\/\/lesvegamis.fr\/wp-content\/uploads\/2022\/12\/ff68b-ob_dde825_12309718-1322889127737481-613180345835-1024x765.jpg\" alt=\"\" width=\"640\" height=\"478\" srcset=\"https:\/\/lesvegamis.fr\/wp-content\/uploads\/2022\/12\/ff68b-ob_dde825_12309718-1322889127737481-613180345835-1024x765.jpg 1024w, https:\/\/lesvegamis.fr\/wp-content\/uploads\/2022\/12\/ff68b-ob_dde825_12309718-1322889127737481-613180345835-300x224.jpg 300w, https:\/\/lesvegamis.fr\/wp-content\/uploads\/2022\/12\/ff68b-ob_dde825_12309718-1322889127737481-613180345835-768x574.jpg 768w, https:\/\/lesvegamis.fr\/wp-content\/uploads\/2022\/12\/ff68b-ob_dde825_12309718-1322889127737481-613180345835-1536x1147.jpg 1536w, https:\/\/lesvegamis.fr\/wp-content\/uploads\/2022\/12\/ff68b-ob_dde825_12309718-1322889127737481-613180345835.jpg 1600w\" sizes=\"auto, (max-width: 640px) 100vw, 640px\" \/><\/p>\n","protected":false},"excerpt":{"rendered":"<p>En 2015 tout allait bon train, et nos rencontres \u00e9taient devenues mensuelles. Pour Novembre, nous avions opt\u00e9 pour un atelier sal\u00e9 pour changer des p\u00e2tisseries. L&rsquo;atelier s&rsquo;est d\u00e9roul\u00e9 le 29&#8230; <a class=\"read-more\" href=\"https:\/\/lesvegamis.fr\/index.php\/2018\/11\/06\/atelier-lasagnes-novembre-2015\/\">[Continuer la lecture]<\/a><\/p>\n","protected":false},"author":1,"featured_media":1707,"comment_status":"open","ping_status":"open","sticky":false,"template":"","format":"standard","meta":{"jetpack_post_was_ever_published":false,"_jetpack_newsletter_access":"","_jetpack_dont_email_post_to_subs":false,"_jetpack_newsletter_tier_id":0,"_jetpack_memberships_contains_paywalled_content":false,"_jetpack_memberships_contains_paid_content":false,"footnotes":""},"categories":[8],"tags":[],"class_list":["post-189","post","type-post","status-publish","format-standard","has-post-thumbnail","hentry","category-activites"],"yoast_head":"<!-- This site is optimized with the Yoast SEO plugin v27.4 - https:\/\/yoast.com\/product\/yoast-seo-wordpress\/ -->\n<title>Atelier Lasagnes Novembre 2015 - Les V\u00e9g&#039;Amis<\/title>\n<meta name=\"robots\" content=\"index, follow, max-snippet:-1, max-image-preview:large, max-video-preview:-1\" \/>\n<link rel=\"canonical\" href=\"https:\/\/lesvegamis.fr\/index.php\/2018\/11\/06\/atelier-lasagnes-novembre-2015\/\" \/>\n<meta property=\"og:locale\" content=\"fr_FR\" \/>\n<meta property=\"og:type\" content=\"article\" \/>\n<meta property=\"og:title\" content=\"Atelier Lasagnes Novembre 2015 - Les V\u00e9g&#039;Amis\" \/>\n<meta property=\"og:description\" content=\"En 2015 tout allait bon train, et nos rencontres \u00e9taient devenues mensuelles. Pour Novembre, nous avions opt\u00e9 pour un atelier sal\u00e9 pour changer des p\u00e2tisseries. L&rsquo;atelier s&rsquo;est d\u00e9roul\u00e9 le 29... [Continuer la lecture]\" \/>\n<meta property=\"og:url\" content=\"https:\/\/lesvegamis.fr\/index.php\/2018\/11\/06\/atelier-lasagnes-novembre-2015\/\" \/>\n<meta property=\"og:site_name\" content=\"Les V\u00e9g&#039;Amis\" \/>\n<meta property=\"article:publisher\" content=\"https:\/\/www.facebook.com\/lesvegamis\/\" \/>\n<meta property=\"article:published_time\" content=\"2018-11-06T11:01:22+00:00\" \/>\n<meta property=\"article:modified_time\" content=\"2022-12-07T17:42:55+00:00\" \/>\n<meta property=\"og:image\" content=\"https:\/\/lesvegamis.fr\/wp-content\/uploads\/2022\/12\/ff68b-ob_dde825_12309718-1322889127737481-613180345835.jpg\" \/>\n\t<meta property=\"og:image:width\" content=\"1600\" \/>\n\t<meta property=\"og:image:height\" content=\"1195\" \/>\n\t<meta property=\"og:image:type\" content=\"image\/jpeg\" \/>\n<meta name=\"author\" content=\"Les Vegamis\" \/>\n<meta name=\"twitter:card\" content=\"summary_large_image\" \/>\n<meta name=\"twitter:label1\" content=\"\u00c9crit par\" \/>\n\t<meta name=\"twitter:data1\" content=\"Les Vegamis\" \/>\n<script type=\"application\/ld+json\" class=\"yoast-schema-graph\">{\"@context\":\"https:\\\/\\\/schema.org\",\"@graph\":[{\"@type\":\"Article\",\"@id\":\"https:\\\/\\\/lesvegamis.fr\\\/index.php\\\/2018\\\/11\\\/06\\\/atelier-lasagnes-novembre-2015\\\/#article\",\"isPartOf\":{\"@id\":\"https:\\\/\\\/lesvegamis.fr\\\/index.php\\\/2018\\\/11\\\/06\\\/atelier-lasagnes-novembre-2015\\\/\"},\"author\":{\"name\":\"Les Vegamis\",\"@id\":\"https:\\\/\\\/lesvegamis.fr\\\/#\\\/schema\\\/person\\\/99dfc3e25008667b61b0b17835193701\"},\"headline\":\"Atelier Lasagnes Novembre 2015\",\"datePublished\":\"2018-11-06T11:01:22+00:00\",\"dateModified\":\"2022-12-07T17:42:55+00:00\",\"mainEntityOfPage\":{\"@id\":\"https:\\\/\\\/lesvegamis.fr\\\/index.php\\\/2018\\\/11\\\/06\\\/atelier-lasagnes-novembre-2015\\\/\"},\"wordCount\":68,\"commentCount\":0,\"publisher\":{\"@id\":\"https:\\\/\\\/lesvegamis.fr\\\/#organization\"},\"image\":{\"@id\":\"https:\\\/\\\/lesvegamis.fr\\\/index.php\\\/2018\\\/11\\\/06\\\/atelier-lasagnes-novembre-2015\\\/#primaryimage\"},\"thumbnailUrl\":\"https:\\\/\\\/lesvegamis.fr\\\/wp-content\\\/uploads\\\/2022\\\/12\\\/ff68b-ob_dde825_12309718-1322889127737481-613180345835.jpg\",\"articleSection\":[\"Nos activit\u00e9s\"],\"inLanguage\":\"fr-FR\",\"potentialAction\":[{\"@type\":\"CommentAction\",\"name\":\"Comment\",\"target\":[\"https:\\\/\\\/lesvegamis.fr\\\/index.php\\\/2018\\\/11\\\/06\\\/atelier-lasagnes-novembre-2015\\\/#respond\"]}]},{\"@type\":\"WebPage\",\"@id\":\"https:\\\/\\\/lesvegamis.fr\\\/index.php\\\/2018\\\/11\\\/06\\\/atelier-lasagnes-novembre-2015\\\/\",\"url\":\"https:\\\/\\\/lesvegamis.fr\\\/index.php\\\/2018\\\/11\\\/06\\\/atelier-lasagnes-novembre-2015\\\/\",\"name\":\"Atelier Lasagnes Novembre 2015 - Les V\u00e9g&#039;Amis\",\"isPartOf\":{\"@id\":\"https:\\\/\\\/lesvegamis.fr\\\/#website\"},\"primaryImageOfPage\":{\"@id\":\"https:\\\/\\\/lesvegamis.fr\\\/index.php\\\/2018\\\/11\\\/06\\\/atelier-lasagnes-novembre-2015\\\/#primaryimage\"},\"image\":{\"@id\":\"https:\\\/\\\/lesvegamis.fr\\\/index.php\\\/2018\\\/11\\\/06\\\/atelier-lasagnes-novembre-2015\\\/#primaryimage\"},\"thumbnailUrl\":\"https:\\\/\\\/lesvegamis.fr\\\/wp-content\\\/uploads\\\/2022\\\/12\\\/ff68b-ob_dde825_12309718-1322889127737481-613180345835.jpg\",\"datePublished\":\"2018-11-06T11:01:22+00:00\",\"dateModified\":\"2022-12-07T17:42:55+00:00\",\"breadcrumb\":{\"@id\":\"https:\\\/\\\/lesvegamis.fr\\\/index.php\\\/2018\\\/11\\\/06\\\/atelier-lasagnes-novembre-2015\\\/#breadcrumb\"},\"inLanguage\":\"fr-FR\",\"potentialAction\":[{\"@type\":\"ReadAction\",\"target\":[\"https:\\\/\\\/lesvegamis.fr\\\/index.php\\\/2018\\\/11\\\/06\\\/atelier-lasagnes-novembre-2015\\\/\"]}]},{\"@type\":\"ImageObject\",\"inLanguage\":\"fr-FR\",\"@id\":\"https:\\\/\\\/lesvegamis.fr\\\/index.php\\\/2018\\\/11\\\/06\\\/atelier-lasagnes-novembre-2015\\\/#primaryimage\",\"url\":\"https:\\\/\\\/lesvegamis.fr\\\/wp-content\\\/uploads\\\/2022\\\/12\\\/ff68b-ob_dde825_12309718-1322889127737481-613180345835.jpg\",\"contentUrl\":\"https:\\\/\\\/lesvegamis.fr\\\/wp-content\\\/uploads\\\/2022\\\/12\\\/ff68b-ob_dde825_12309718-1322889127737481-613180345835.jpg\",\"width\":1600,\"height\":1195},{\"@type\":\"BreadcrumbList\",\"@id\":\"https:\\\/\\\/lesvegamis.fr\\\/index.php\\\/2018\\\/11\\\/06\\\/atelier-lasagnes-novembre-2015\\\/#breadcrumb\",\"itemListElement\":[{\"@type\":\"ListItem\",\"position\":1,\"name\":\"Accueil\",\"item\":\"https:\\\/\\\/lesvegamis.fr\\\/\"},{\"@type\":\"ListItem\",\"position\":2,\"name\":\"Atelier Lasagnes Novembre 2015\"}]},{\"@type\":\"WebSite\",\"@id\":\"https:\\\/\\\/lesvegamis.fr\\\/#website\",\"url\":\"https:\\\/\\\/lesvegamis.fr\\\/\",\"name\":\"Les V\u00e9g'Amis\",\"description\":\"L&#039;association v\u00e9gane de Pau\",\"publisher\":{\"@id\":\"https:\\\/\\\/lesvegamis.fr\\\/#organization\"},\"potentialAction\":[{\"@type\":\"SearchAction\",\"target\":{\"@type\":\"EntryPoint\",\"urlTemplate\":\"https:\\\/\\\/lesvegamis.fr\\\/?s={search_term_string}\"},\"query-input\":{\"@type\":\"PropertyValueSpecification\",\"valueRequired\":true,\"valueName\":\"search_term_string\"}}],\"inLanguage\":\"fr-FR\"},{\"@type\":\"Organization\",\"@id\":\"https:\\\/\\\/lesvegamis.fr\\\/#organization\",\"name\":\"Association vegan de Pau Les V\u00e9g'Amis\",\"url\":\"https:\\\/\\\/lesvegamis.fr\\\/\",\"logo\":{\"@type\":\"ImageObject\",\"inLanguage\":\"fr-FR\",\"@id\":\"https:\\\/\\\/lesvegamis.fr\\\/#\\\/schema\\\/logo\\\/image\\\/\",\"url\":\"https:\\\/\\\/lesvegamis.fr\\\/wp-content\\\/uploads\\\/2022\\\/12\\\/cropped-logo-couleur-nom-1.png\",\"contentUrl\":\"https:\\\/\\\/lesvegamis.fr\\\/wp-content\\\/uploads\\\/2022\\\/12\\\/cropped-logo-couleur-nom-1.png\",\"width\":192,\"height\":288,\"caption\":\"Association vegan de Pau Les V\u00e9g'Amis\"},\"image\":{\"@id\":\"https:\\\/\\\/lesvegamis.fr\\\/#\\\/schema\\\/logo\\\/image\\\/\"},\"sameAs\":[\"https:\\\/\\\/www.facebook.com\\\/lesvegamis\\\/\",\"https:\\\/\\\/www.instagram.com\\\/lesvegamis\\\/\"]},{\"@type\":\"Person\",\"@id\":\"https:\\\/\\\/lesvegamis.fr\\\/#\\\/schema\\\/person\\\/99dfc3e25008667b61b0b17835193701\",\"name\":\"Les Vegamis\",\"image\":{\"@type\":\"ImageObject\",\"inLanguage\":\"fr-FR\",\"@id\":\"https:\\\/\\\/secure.gravatar.com\\\/avatar\\\/c365180ba419067afc3f9825f3cc192e60b42a216d37a9089bfc0c3707250f43?s=96&d=identicon&r=g\",\"url\":\"https:\\\/\\\/secure.gravatar.com\\\/avatar\\\/c365180ba419067afc3f9825f3cc192e60b42a216d37a9089bfc0c3707250f43?s=96&d=identicon&r=g\",\"contentUrl\":\"https:\\\/\\\/secure.gravatar.com\\\/avatar\\\/c365180ba419067afc3f9825f3cc192e60b42a216d37a9089bfc0c3707250f43?s=96&d=identicon&r=g\",\"caption\":\"Les Vegamis\"},\"sameAs\":[\"http:\\\/\\\/lesvegamis.fr\"],\"url\":\"https:\\\/\\\/lesvegamis.fr\\\/index.php\\\/author\\\/admin6014\\\/\"}]}<\/script>\n<!-- \/ Yoast SEO plugin. -->","yoast_head_json":{"title":"Atelier Lasagnes Novembre 2015 - Les V\u00e9g&#039;Amis","robots":{"index":"index","follow":"follow","max-snippet":"max-snippet:-1","max-image-preview":"max-image-preview:large","max-video-preview":"max-video-preview:-1"},"canonical":"https:\/\/lesvegamis.fr\/index.php\/2018\/11\/06\/atelier-lasagnes-novembre-2015\/","og_locale":"fr_FR","og_type":"article","og_title":"Atelier Lasagnes Novembre 2015 - Les V\u00e9g&#039;Amis","og_description":"En 2015 tout allait bon train, et nos rencontres \u00e9taient devenues mensuelles. Pour Novembre, nous avions opt\u00e9 pour un atelier sal\u00e9 pour changer des p\u00e2tisseries. L&rsquo;atelier s&rsquo;est d\u00e9roul\u00e9 le 29... [Continuer la lecture]","og_url":"https:\/\/lesvegamis.fr\/index.php\/2018\/11\/06\/atelier-lasagnes-novembre-2015\/","og_site_name":"Les V\u00e9g&#039;Amis","article_publisher":"https:\/\/www.facebook.com\/lesvegamis\/","article_published_time":"2018-11-06T11:01:22+00:00","article_modified_time":"2022-12-07T17:42:55+00:00","og_image":[{"width":1600,"height":1195,"url":"https:\/\/lesvegamis.fr\/wp-content\/uploads\/2022\/12\/ff68b-ob_dde825_12309718-1322889127737481-613180345835.jpg","type":"image\/jpeg"}],"author":"Les Vegamis","twitter_card":"summary_large_image","twitter_misc":{"\u00c9crit par":"Les Vegamis"},"schema":{"@context":"https:\/\/schema.org","@graph":[{"@type":"Article","@id":"https:\/\/lesvegamis.fr\/index.php\/2018\/11\/06\/atelier-lasagnes-novembre-2015\/#article","isPartOf":{"@id":"https:\/\/lesvegamis.fr\/index.php\/2018\/11\/06\/atelier-lasagnes-novembre-2015\/"},"author":{"name":"Les Vegamis","@id":"https:\/\/lesvegamis.fr\/#\/schema\/person\/99dfc3e25008667b61b0b17835193701"},"headline":"Atelier Lasagnes Novembre 2015","datePublished":"2018-11-06T11:01:22+00:00","dateModified":"2022-12-07T17:42:55+00:00","mainEntityOfPage":{"@id":"https:\/\/lesvegamis.fr\/index.php\/2018\/11\/06\/atelier-lasagnes-novembre-2015\/"},"wordCount":68,"commentCount":0,"publisher":{"@id":"https:\/\/lesvegamis.fr\/#organization"},"image":{"@id":"https:\/\/lesvegamis.fr\/index.php\/2018\/11\/06\/atelier-lasagnes-novembre-2015\/#primaryimage"},"thumbnailUrl":"https:\/\/lesvegamis.fr\/wp-content\/uploads\/2022\/12\/ff68b-ob_dde825_12309718-1322889127737481-613180345835.jpg","articleSection":["Nos activit\u00e9s"],"inLanguage":"fr-FR","potentialAction":[{"@type":"CommentAction","name":"Comment","target":["https:\/\/lesvegamis.fr\/index.php\/2018\/11\/06\/atelier-lasagnes-novembre-2015\/#respond"]}]},{"@type":"WebPage","@id":"https:\/\/lesvegamis.fr\/index.php\/2018\/11\/06\/atelier-lasagnes-novembre-2015\/","url":"https:\/\/lesvegamis.fr\/index.php\/2018\/11\/06\/atelier-lasagnes-novembre-2015\/","name":"Atelier Lasagnes Novembre 2015 - Les V\u00e9g&#039;Amis","isPartOf":{"@id":"https:\/\/lesvegamis.fr\/#website"},"primaryImageOfPage":{"@id":"https:\/\/lesvegamis.fr\/index.php\/2018\/11\/06\/atelier-lasagnes-novembre-2015\/#primaryimage"},"image":{"@id":"https:\/\/lesvegamis.fr\/index.php\/2018\/11\/06\/atelier-lasagnes-novembre-2015\/#primaryimage"},"thumbnailUrl":"https:\/\/lesvegamis.fr\/wp-content\/uploads\/2022\/12\/ff68b-ob_dde825_12309718-1322889127737481-613180345835.jpg","datePublished":"2018-11-06T11:01:22+00:00","dateModified":"2022-12-07T17:42:55+00:00","breadcrumb":{"@id":"https:\/\/lesvegamis.fr\/index.php\/2018\/11\/06\/atelier-lasagnes-novembre-2015\/#breadcrumb"},"inLanguage":"fr-FR","potentialAction":[{"@type":"ReadAction","target":["https:\/\/lesvegamis.fr\/index.php\/2018\/11\/06\/atelier-lasagnes-novembre-2015\/"]}]},{"@type":"ImageObject","inLanguage":"fr-FR","@id":"https:\/\/lesvegamis.fr\/index.php\/2018\/11\/06\/atelier-lasagnes-novembre-2015\/#primaryimage","url":"https:\/\/lesvegamis.fr\/wp-content\/uploads\/2022\/12\/ff68b-ob_dde825_12309718-1322889127737481-613180345835.jpg","contentUrl":"https:\/\/lesvegamis.fr\/wp-content\/uploads\/2022\/12\/ff68b-ob_dde825_12309718-1322889127737481-613180345835.jpg","width":1600,"height":1195},{"@type":"BreadcrumbList","@id":"https:\/\/lesvegamis.fr\/index.php\/2018\/11\/06\/atelier-lasagnes-novembre-2015\/#breadcrumb","itemListElement":[{"@type":"ListItem","position":1,"name":"Accueil","item":"https:\/\/lesvegamis.fr\/"},{"@type":"ListItem","position":2,"name":"Atelier Lasagnes Novembre 2015"}]},{"@type":"WebSite","@id":"https:\/\/lesvegamis.fr\/#website","url":"https:\/\/lesvegamis.fr\/","name":"Les V\u00e9g'Amis","description":"L&#039;association v\u00e9gane de Pau","publisher":{"@id":"https:\/\/lesvegamis.fr\/#organization"},"potentialAction":[{"@type":"SearchAction","target":{"@type":"EntryPoint","urlTemplate":"https:\/\/lesvegamis.fr\/?s={search_term_string}"},"query-input":{"@type":"PropertyValueSpecification","valueRequired":true,"valueName":"search_term_string"}}],"inLanguage":"fr-FR"},{"@type":"Organization","@id":"https:\/\/lesvegamis.fr\/#organization","name":"Association vegan de Pau Les V\u00e9g'Amis","url":"https:\/\/lesvegamis.fr\/","logo":{"@type":"ImageObject","inLanguage":"fr-FR","@id":"https:\/\/lesvegamis.fr\/#\/schema\/logo\/image\/","url":"https:\/\/lesvegamis.fr\/wp-content\/uploads\/2022\/12\/cropped-logo-couleur-nom-1.png","contentUrl":"https:\/\/lesvegamis.fr\/wp-content\/uploads\/2022\/12\/cropped-logo-couleur-nom-1.png","width":192,"height":288,"caption":"Association vegan de Pau Les V\u00e9g'Amis"},"image":{"@id":"https:\/\/lesvegamis.fr\/#\/schema\/logo\/image\/"},"sameAs":["https:\/\/www.facebook.com\/lesvegamis\/","https:\/\/www.instagram.com\/lesvegamis\/"]},{"@type":"Person","@id":"https:\/\/lesvegamis.fr\/#\/schema\/person\/99dfc3e25008667b61b0b17835193701","name":"Les Vegamis","image":{"@type":"ImageObject","inLanguage":"fr-FR","@id":"https:\/\/secure.gravatar.com\/avatar\/c365180ba419067afc3f9825f3cc192e60b42a216d37a9089bfc0c3707250f43?s=96&d=identicon&r=g","url":"https:\/\/secure.gravatar.com\/avatar\/c365180ba419067afc3f9825f3cc192e60b42a216d37a9089bfc0c3707250f43?s=96&d=identicon&r=g","contentUrl":"https:\/\/secure.gravatar.com\/avatar\/c365180ba419067afc3f9825f3cc192e60b42a216d37a9089bfc0c3707250f43?s=96&d=identicon&r=g","caption":"Les Vegamis"},"sameAs":["http:\/\/lesvegamis.fr"],"url":"https:\/\/lesvegamis.fr\/index.php\/author\/admin6014\/"}]}},"jetpack_featured_media_url":"https:\/\/lesvegamis.fr\/wp-content\/uploads\/2022\/12\/ff68b-ob_dde825_12309718-1322889127737481-613180345835.jpg","jetpack_sharing_enabled":true,"_links":{"self":[{"href":"https:\/\/lesvegamis.fr\/index.php\/wp-json\/wp\/v2\/posts\/189","targetHints":{"allow":["GET"]}}],"collection":[{"href":"https:\/\/lesvegamis.fr\/index.php\/wp-json\/wp\/v2\/posts"}],"about":[{"href":"https:\/\/lesvegamis.fr\/index.php\/wp-json\/wp\/v2\/types\/post"}],"author":[{"embeddable":true,"href":"https:\/\/lesvegamis.fr\/index.php\/wp-json\/wp\/v2\/users\/1"}],"replies":[{"embeddable":true,"href":"https:\/\/lesvegamis.fr\/index.php\/wp-json\/wp\/v2\/comments?post=189"}],"version-history":[{"count":1,"href":"https:\/\/lesvegamis.fr\/index.php\/wp-json\/wp\/v2\/posts\/189\/revisions"}],"predecessor-version":[{"id":1787,"href":"https:\/\/lesvegamis.fr\/index.php\/wp-json\/wp\/v2\/posts\/189\/revisions\/1787"}],"wp:featuredmedia":[{"embeddable":true,"href":"https:\/\/lesvegamis.fr\/index.php\/wp-json\/wp\/v2\/media\/1707"}],"wp:attachment":[{"href":"https:\/\/lesvegamis.fr\/index.php\/wp-json\/wp\/v2\/media?parent=189"}],"wp:term":[{"taxonomy":"category","embeddable":true,"href":"https:\/\/lesvegamis.fr\/index.php\/wp-json\/wp\/v2\/categories?post=189"},{"taxonomy":"post_tag","embeddable":true,"href":"https:\/\/lesvegamis.fr\/index.php\/wp-json\/wp\/v2\/tags?post=189"}],"curies":[{"name":"wp","href":"https:\/\/api.w.org\/{rel}","templated":true}]}}