{"id":1914,"date":"2024-07-09T11:47:18","date_gmt":"2024-07-09T09:47:18","guid":{"rendered":"https:\/\/lesvegamis.fr\/?p=1914"},"modified":"2024-07-13T09:06:28","modified_gmt":"2024-07-13T07:06:28","slug":"pique-nique-vegan","status":"publish","type":"post","link":"https:\/\/lesvegamis.fr\/index.php\/2024\/07\/09\/pique-nique-vegan\/","title":{"rendered":"Pique-Nique V\u00e9gan"},"content":{"rendered":"\n<p>Rejoignez-nous pour un apr\u00e8s-midi convivial et gourmand !<\/p>\n\n\n\n<p>\ud83d\udcc5 <strong>Date<\/strong> : Dimanche 4 ao\u00fbt <br>\u23f0 <strong>Heure<\/strong> : 12h30<br>\ud83d\udccd <strong>Lieu<\/strong> : Parc Beaumont<\/p>\n\n\n\n<p>Venez partager un moment agr\u00e9able en plein air en partageant de d\u00e9licieux plats 100% v\u00e9g\u00e9taliens. Que vous soyez d\u00e9j\u00e0 adepte du mode de vie vegan ou simplement curieux de d\u00e9couvrir de nouvelles saveurs, tout le monde est le bienvenu !<\/p>\n\n\n\n<p>\u2728 Au programme :<\/p>\n\n\n\n<ul class=\"wp-block-list\">\n<li>Repas partag\u00e9 <\/li>\n\n\n\n<li>\u00c9changes autour de la cuisine vegan<\/li>\n\n\n\n<li>Pr\u00e9sentation des associations et lieux v\u00e9ganes de Pau<\/li>\n\n\n\n<li>Jeux et activit\u00e9s pour petits et grands<\/li>\n<\/ul>\n\n\n\n<p>\ud83d\udc49 <strong>Apportez votre sp\u00e9cialit\u00e9 v\u00e9g\u00e9talienne<\/strong> \u00e0 partager avec les autres participants, votre bonne humeur et votre envie de passer un bon moment dans un cadre agr\u00e9able.<\/p>\n\n\n\n<p>\ud83e\udd64 Pensez \u00e0 apporter aussi vos couverts r\u00e9utilisables et un plaid pour vous installer confortablement.<\/p>\n\n\n\n<p>Nous avons h\u00e2te de vous retrouver pour ce moment de partage et de d\u00e9couvertes culinaires. N\u2019h\u00e9sitez pas \u00e0 inviter vos amis et votre famille !<\/p>\n\n\n\n<p>Pour plus d&rsquo;infos et confirmer votre pr\u00e9sence, contactez-nous par mail ou t\u00e9l\u00e9phone.<\/p>\n\n\n\n<p>\u00c0 tr\u00e8s bient\u00f4t ! \ud83c\udf31\u2728<\/p>\n\n\n\n<figure class=\"wp-block-image size-large\"><img loading=\"lazy\" decoding=\"async\" width=\"724\" height=\"1024\" src=\"https:\/\/lesvegamis.fr\/wp-content\/uploads\/2024\/07\/Repas-vegan-724x1024.jpg\" alt=\"\" class=\"wp-image-1927\" srcset=\"https:\/\/lesvegamis.fr\/wp-content\/uploads\/2024\/07\/Repas-vegan-724x1024.jpg 724w, https:\/\/lesvegamis.fr\/wp-content\/uploads\/2024\/07\/Repas-vegan-212x300.jpg 212w, https:\/\/lesvegamis.fr\/wp-content\/uploads\/2024\/07\/Repas-vegan-768x1086.jpg 768w, https:\/\/lesvegamis.fr\/wp-content\/uploads\/2024\/07\/Repas-vegan-1086x1536.jpg 1086w, https:\/\/lesvegamis.fr\/wp-content\/uploads\/2024\/07\/Repas-vegan.jpg 1414w\" sizes=\"auto, (max-width: 724px) 100vw, 724px\" \/><\/figure>\n","protected":false},"excerpt":{"rendered":"<p>Rejoignez-nous pour un apr\u00e8s-midi convivial et gourmand ! \ud83d\udcc5 Date : Dimanche 4 ao\u00fbt \u23f0 Heure : 12h30\ud83d\udccd Lieu : Parc Beaumont Venez partager un moment agr\u00e9able en plein air&#8230; <a class=\"read-more\" href=\"https:\/\/lesvegamis.fr\/index.php\/2024\/07\/09\/pique-nique-vegan\/\">[Continuer la lecture]<\/a><\/p>\n","protected":false},"author":4,"featured_media":1928,"comment_status":"closed","ping_status":"closed","sticky":false,"template":"","format":"standard","meta":{"jetpack_post_was_ever_published":false,"_jetpack_newsletter_access":"","_jetpack_dont_email_post_to_subs":false,"_jetpack_newsletter_tier_id":0,"_jetpack_memberships_contains_paywalled_content":false,"_jetpack_memberships_contains_paid_content":false,"footnotes":""},"categories":[8],"tags":[23,22,21],"class_list":["post-1914","post","type-post","status-publish","format-standard","has-post-thumbnail","hentry","category-activites","tag-bearn","tag-pau","tag-vegan"],"yoast_head":"<!-- This site is optimized with the Yoast SEO plugin v27.5 - https:\/\/yoast.com\/product\/yoast-seo-wordpress\/ -->\n<title>Pique-Nique V\u00e9gan - Les V\u00e9g&#039;Amis<\/title>\n<meta name=\"robots\" content=\"index, follow, max-snippet:-1, max-image-preview:large, max-video-preview:-1\" \/>\n<link rel=\"canonical\" href=\"https:\/\/lesvegamis.fr\/index.php\/2024\/07\/09\/pique-nique-vegan\/\" \/>\n<meta property=\"og:locale\" content=\"fr_FR\" \/>\n<meta property=\"og:type\" content=\"article\" \/>\n<meta property=\"og:title\" content=\"Pique-Nique V\u00e9gan - Les V\u00e9g&#039;Amis\" \/>\n<meta property=\"og:description\" content=\"Rejoignez-nous pour un apr\u00e8s-midi convivial et gourmand ! \ud83d\udcc5 Date : Dimanche 4 ao\u00fbt \u23f0 Heure : 12h30\ud83d\udccd Lieu : Parc Beaumont Venez partager un moment agr\u00e9able en plein air... [Continuer la lecture]\" \/>\n<meta property=\"og:url\" content=\"https:\/\/lesvegamis.fr\/index.php\/2024\/07\/09\/pique-nique-vegan\/\" \/>\n<meta property=\"og:site_name\" content=\"Les V\u00e9g&#039;Amis\" \/>\n<meta property=\"article:publisher\" content=\"https:\/\/www.facebook.com\/lesvegamis\/\" \/>\n<meta property=\"article:published_time\" content=\"2024-07-09T09:47:18+00:00\" \/>\n<meta property=\"article:modified_time\" content=\"2024-07-13T07:06:28+00:00\" \/>\n<meta property=\"og:image\" content=\"https:\/\/lesvegamis.fr\/wp-content\/uploads\/2024\/07\/Repas-vegan-1920-x-1080-px-3.jpeg\" \/>\n\t<meta property=\"og:image:width\" content=\"1920\" \/>\n\t<meta property=\"og:image:height\" content=\"1080\" \/>\n\t<meta property=\"og:image:type\" content=\"image\/jpeg\" \/>\n<meta name=\"author\" content=\"Marie-Anne\" \/>\n<meta name=\"twitter:card\" content=\"summary_large_image\" \/>\n<meta name=\"twitter:label1\" content=\"\u00c9crit par\" \/>\n\t<meta name=\"twitter:data1\" content=\"Marie-Anne\" \/>\n\t<meta name=\"twitter:label2\" content=\"Dur\u00e9e de lecture estim\u00e9e\" \/>\n\t<meta name=\"twitter:data2\" content=\"2 minutes\" \/>\n<script type=\"application\/ld+json\" class=\"yoast-schema-graph\">{\"@context\":\"https:\\\/\\\/schema.org\",\"@graph\":[{\"@type\":\"Article\",\"@id\":\"https:\\\/\\\/lesvegamis.fr\\\/index.php\\\/2024\\\/07\\\/09\\\/pique-nique-vegan\\\/#article\",\"isPartOf\":{\"@id\":\"https:\\\/\\\/lesvegamis.fr\\\/index.php\\\/2024\\\/07\\\/09\\\/pique-nique-vegan\\\/\"},\"author\":{\"name\":\"Marie-Anne\",\"@id\":\"https:\\\/\\\/lesvegamis.fr\\\/#\\\/schema\\\/person\\\/ccad9a46c7b4719c8ab8a54279c927a0\"},\"headline\":\"Pique-Nique V\u00e9gan\",\"datePublished\":\"2024-07-09T09:47:18+00:00\",\"dateModified\":\"2024-07-13T07:06:28+00:00\",\"mainEntityOfPage\":{\"@id\":\"https:\\\/\\\/lesvegamis.fr\\\/index.php\\\/2024\\\/07\\\/09\\\/pique-nique-vegan\\\/\"},\"wordCount\":180,\"publisher\":{\"@id\":\"https:\\\/\\\/lesvegamis.fr\\\/#organization\"},\"image\":{\"@id\":\"https:\\\/\\\/lesvegamis.fr\\\/index.php\\\/2024\\\/07\\\/09\\\/pique-nique-vegan\\\/#primaryimage\"},\"thumbnailUrl\":\"https:\\\/\\\/lesvegamis.fr\\\/wp-content\\\/uploads\\\/2024\\\/07\\\/Repas-vegan-1920-x-1080-px-3.jpeg\",\"keywords\":[\"B\u00e9arn\",\"pau\",\"Vegan\"],\"articleSection\":[\"Nos activit\u00e9s\"],\"inLanguage\":\"fr-FR\"},{\"@type\":\"WebPage\",\"@id\":\"https:\\\/\\\/lesvegamis.fr\\\/index.php\\\/2024\\\/07\\\/09\\\/pique-nique-vegan\\\/\",\"url\":\"https:\\\/\\\/lesvegamis.fr\\\/index.php\\\/2024\\\/07\\\/09\\\/pique-nique-vegan\\\/\",\"name\":\"Pique-Nique V\u00e9gan - Les V\u00e9g&#039;Amis\",\"isPartOf\":{\"@id\":\"https:\\\/\\\/lesvegamis.fr\\\/#website\"},\"primaryImageOfPage\":{\"@id\":\"https:\\\/\\\/lesvegamis.fr\\\/index.php\\\/2024\\\/07\\\/09\\\/pique-nique-vegan\\\/#primaryimage\"},\"image\":{\"@id\":\"https:\\\/\\\/lesvegamis.fr\\\/index.php\\\/2024\\\/07\\\/09\\\/pique-nique-vegan\\\/#primaryimage\"},\"thumbnailUrl\":\"https:\\\/\\\/lesvegamis.fr\\\/wp-content\\\/uploads\\\/2024\\\/07\\\/Repas-vegan-1920-x-1080-px-3.jpeg\",\"datePublished\":\"2024-07-09T09:47:18+00:00\",\"dateModified\":\"2024-07-13T07:06:28+00:00\",\"breadcrumb\":{\"@id\":\"https:\\\/\\\/lesvegamis.fr\\\/index.php\\\/2024\\\/07\\\/09\\\/pique-nique-vegan\\\/#breadcrumb\"},\"inLanguage\":\"fr-FR\",\"potentialAction\":[{\"@type\":\"ReadAction\",\"target\":[\"https:\\\/\\\/lesvegamis.fr\\\/index.php\\\/2024\\\/07\\\/09\\\/pique-nique-vegan\\\/\"]}]},{\"@type\":\"ImageObject\",\"inLanguage\":\"fr-FR\",\"@id\":\"https:\\\/\\\/lesvegamis.fr\\\/index.php\\\/2024\\\/07\\\/09\\\/pique-nique-vegan\\\/#primaryimage\",\"url\":\"https:\\\/\\\/lesvegamis.fr\\\/wp-content\\\/uploads\\\/2024\\\/07\\\/Repas-vegan-1920-x-1080-px-3.jpeg\",\"contentUrl\":\"https:\\\/\\\/lesvegamis.fr\\\/wp-content\\\/uploads\\\/2024\\\/07\\\/Repas-vegan-1920-x-1080-px-3.jpeg\",\"width\":1920,\"height\":1080},{\"@type\":\"BreadcrumbList\",\"@id\":\"https:\\\/\\\/lesvegamis.fr\\\/index.php\\\/2024\\\/07\\\/09\\\/pique-nique-vegan\\\/#breadcrumb\",\"itemListElement\":[{\"@type\":\"ListItem\",\"position\":1,\"name\":\"Accueil\",\"item\":\"https:\\\/\\\/lesvegamis.fr\\\/\"},{\"@type\":\"ListItem\",\"position\":2,\"name\":\"Pique-Nique V\u00e9gan\"}]},{\"@type\":\"WebSite\",\"@id\":\"https:\\\/\\\/lesvegamis.fr\\\/#website\",\"url\":\"https:\\\/\\\/lesvegamis.fr\\\/\",\"name\":\"Les V\u00e9g'Amis\",\"description\":\"L&#039;association v\u00e9gane de Pau\",\"publisher\":{\"@id\":\"https:\\\/\\\/lesvegamis.fr\\\/#organization\"},\"potentialAction\":[{\"@type\":\"SearchAction\",\"target\":{\"@type\":\"EntryPoint\",\"urlTemplate\":\"https:\\\/\\\/lesvegamis.fr\\\/?s={search_term_string}\"},\"query-input\":{\"@type\":\"PropertyValueSpecification\",\"valueRequired\":true,\"valueName\":\"search_term_string\"}}],\"inLanguage\":\"fr-FR\"},{\"@type\":\"Organization\",\"@id\":\"https:\\\/\\\/lesvegamis.fr\\\/#organization\",\"name\":\"Association vegan de Pau Les V\u00e9g'Amis\",\"url\":\"https:\\\/\\\/lesvegamis.fr\\\/\",\"logo\":{\"@type\":\"ImageObject\",\"inLanguage\":\"fr-FR\",\"@id\":\"https:\\\/\\\/lesvegamis.fr\\\/#\\\/schema\\\/logo\\\/image\\\/\",\"url\":\"https:\\\/\\\/lesvegamis.fr\\\/wp-content\\\/uploads\\\/2022\\\/12\\\/cropped-logo-couleur-nom-1.png\",\"contentUrl\":\"https:\\\/\\\/lesvegamis.fr\\\/wp-content\\\/uploads\\\/2022\\\/12\\\/cropped-logo-couleur-nom-1.png\",\"width\":192,\"height\":288,\"caption\":\"Association vegan de Pau Les V\u00e9g'Amis\"},\"image\":{\"@id\":\"https:\\\/\\\/lesvegamis.fr\\\/#\\\/schema\\\/logo\\\/image\\\/\"},\"sameAs\":[\"https:\\\/\\\/www.facebook.com\\\/lesvegamis\\\/\",\"https:\\\/\\\/www.instagram.com\\\/lesvegamis\\\/\"]},{\"@type\":\"Person\",\"@id\":\"https:\\\/\\\/lesvegamis.fr\\\/#\\\/schema\\\/person\\\/ccad9a46c7b4719c8ab8a54279c927a0\",\"name\":\"Marie-Anne\",\"image\":{\"@type\":\"ImageObject\",\"inLanguage\":\"fr-FR\",\"@id\":\"https:\\\/\\\/secure.gravatar.com\\\/avatar\\\/f0e2c2fc209c0f8c58558565ef6a29e43de2180dc263c0a1cffe3a505c799071?s=96&d=identicon&r=g\",\"url\":\"https:\\\/\\\/secure.gravatar.com\\\/avatar\\\/f0e2c2fc209c0f8c58558565ef6a29e43de2180dc263c0a1cffe3a505c799071?s=96&d=identicon&r=g\",\"contentUrl\":\"https:\\\/\\\/secure.gravatar.com\\\/avatar\\\/f0e2c2fc209c0f8c58558565ef6a29e43de2180dc263c0a1cffe3a505c799071?s=96&d=identicon&r=g\",\"caption\":\"Marie-Anne\"},\"sameAs\":[\"https:\\\/\\\/lesvegamis.fr\\\/\"],\"url\":\"https:\\\/\\\/lesvegamis.fr\\\/index.php\\\/author\\\/lesvegamis-editeur\\\/\"}]}<\/script>\n<!-- \/ Yoast SEO plugin. -->","yoast_head_json":{"title":"Pique-Nique V\u00e9gan - Les V\u00e9g&#039;Amis","robots":{"index":"index","follow":"follow","max-snippet":"max-snippet:-1","max-image-preview":"max-image-preview:large","max-video-preview":"max-video-preview:-1"},"canonical":"https:\/\/lesvegamis.fr\/index.php\/2024\/07\/09\/pique-nique-vegan\/","og_locale":"fr_FR","og_type":"article","og_title":"Pique-Nique V\u00e9gan - Les V\u00e9g&#039;Amis","og_description":"Rejoignez-nous pour un apr\u00e8s-midi convivial et gourmand ! \ud83d\udcc5 Date : Dimanche 4 ao\u00fbt \u23f0 Heure : 12h30\ud83d\udccd Lieu : Parc Beaumont Venez partager un moment agr\u00e9able en plein air... [Continuer la lecture]","og_url":"https:\/\/lesvegamis.fr\/index.php\/2024\/07\/09\/pique-nique-vegan\/","og_site_name":"Les V\u00e9g&#039;Amis","article_publisher":"https:\/\/www.facebook.com\/lesvegamis\/","article_published_time":"2024-07-09T09:47:18+00:00","article_modified_time":"2024-07-13T07:06:28+00:00","og_image":[{"width":1920,"height":1080,"url":"https:\/\/lesvegamis.fr\/wp-content\/uploads\/2024\/07\/Repas-vegan-1920-x-1080-px-3.jpeg","type":"image\/jpeg"}],"author":"Marie-Anne","twitter_card":"summary_large_image","twitter_misc":{"\u00c9crit par":"Marie-Anne","Dur\u00e9e de lecture estim\u00e9e":"2 minutes"},"schema":{"@context":"https:\/\/schema.org","@graph":[{"@type":"Article","@id":"https:\/\/lesvegamis.fr\/index.php\/2024\/07\/09\/pique-nique-vegan\/#article","isPartOf":{"@id":"https:\/\/lesvegamis.fr\/index.php\/2024\/07\/09\/pique-nique-vegan\/"},"author":{"name":"Marie-Anne","@id":"https:\/\/lesvegamis.fr\/#\/schema\/person\/ccad9a46c7b4719c8ab8a54279c927a0"},"headline":"Pique-Nique V\u00e9gan","datePublished":"2024-07-09T09:47:18+00:00","dateModified":"2024-07-13T07:06:28+00:00","mainEntityOfPage":{"@id":"https:\/\/lesvegamis.fr\/index.php\/2024\/07\/09\/pique-nique-vegan\/"},"wordCount":180,"publisher":{"@id":"https:\/\/lesvegamis.fr\/#organization"},"image":{"@id":"https:\/\/lesvegamis.fr\/index.php\/2024\/07\/09\/pique-nique-vegan\/#primaryimage"},"thumbnailUrl":"https:\/\/lesvegamis.fr\/wp-content\/uploads\/2024\/07\/Repas-vegan-1920-x-1080-px-3.jpeg","keywords":["B\u00e9arn","pau","Vegan"],"articleSection":["Nos activit\u00e9s"],"inLanguage":"fr-FR"},{"@type":"WebPage","@id":"https:\/\/lesvegamis.fr\/index.php\/2024\/07\/09\/pique-nique-vegan\/","url":"https:\/\/lesvegamis.fr\/index.php\/2024\/07\/09\/pique-nique-vegan\/","name":"Pique-Nique V\u00e9gan - Les V\u00e9g&#039;Amis","isPartOf":{"@id":"https:\/\/lesvegamis.fr\/#website"},"primaryImageOfPage":{"@id":"https:\/\/lesvegamis.fr\/index.php\/2024\/07\/09\/pique-nique-vegan\/#primaryimage"},"image":{"@id":"https:\/\/lesvegamis.fr\/index.php\/2024\/07\/09\/pique-nique-vegan\/#primaryimage"},"thumbnailUrl":"https:\/\/lesvegamis.fr\/wp-content\/uploads\/2024\/07\/Repas-vegan-1920-x-1080-px-3.jpeg","datePublished":"2024-07-09T09:47:18+00:00","dateModified":"2024-07-13T07:06:28+00:00","breadcrumb":{"@id":"https:\/\/lesvegamis.fr\/index.php\/2024\/07\/09\/pique-nique-vegan\/#breadcrumb"},"inLanguage":"fr-FR","potentialAction":[{"@type":"ReadAction","target":["https:\/\/lesvegamis.fr\/index.php\/2024\/07\/09\/pique-nique-vegan\/"]}]},{"@type":"ImageObject","inLanguage":"fr-FR","@id":"https:\/\/lesvegamis.fr\/index.php\/2024\/07\/09\/pique-nique-vegan\/#primaryimage","url":"https:\/\/lesvegamis.fr\/wp-content\/uploads\/2024\/07\/Repas-vegan-1920-x-1080-px-3.jpeg","contentUrl":"https:\/\/lesvegamis.fr\/wp-content\/uploads\/2024\/07\/Repas-vegan-1920-x-1080-px-3.jpeg","width":1920,"height":1080},{"@type":"BreadcrumbList","@id":"https:\/\/lesvegamis.fr\/index.php\/2024\/07\/09\/pique-nique-vegan\/#breadcrumb","itemListElement":[{"@type":"ListItem","position":1,"name":"Accueil","item":"https:\/\/lesvegamis.fr\/"},{"@type":"ListItem","position":2,"name":"Pique-Nique V\u00e9gan"}]},{"@type":"WebSite","@id":"https:\/\/lesvegamis.fr\/#website","url":"https:\/\/lesvegamis.fr\/","name":"Les V\u00e9g'Amis","description":"L&#039;association v\u00e9gane de Pau","publisher":{"@id":"https:\/\/lesvegamis.fr\/#organization"},"potentialAction":[{"@type":"SearchAction","target":{"@type":"EntryPoint","urlTemplate":"https:\/\/lesvegamis.fr\/?s={search_term_string}"},"query-input":{"@type":"PropertyValueSpecification","valueRequired":true,"valueName":"search_term_string"}}],"inLanguage":"fr-FR"},{"@type":"Organization","@id":"https:\/\/lesvegamis.fr\/#organization","name":"Association vegan de Pau Les V\u00e9g'Amis","url":"https:\/\/lesvegamis.fr\/","logo":{"@type":"ImageObject","inLanguage":"fr-FR","@id":"https:\/\/lesvegamis.fr\/#\/schema\/logo\/image\/","url":"https:\/\/lesvegamis.fr\/wp-content\/uploads\/2022\/12\/cropped-logo-couleur-nom-1.png","contentUrl":"https:\/\/lesvegamis.fr\/wp-content\/uploads\/2022\/12\/cropped-logo-couleur-nom-1.png","width":192,"height":288,"caption":"Association vegan de Pau Les V\u00e9g'Amis"},"image":{"@id":"https:\/\/lesvegamis.fr\/#\/schema\/logo\/image\/"},"sameAs":["https:\/\/www.facebook.com\/lesvegamis\/","https:\/\/www.instagram.com\/lesvegamis\/"]},{"@type":"Person","@id":"https:\/\/lesvegamis.fr\/#\/schema\/person\/ccad9a46c7b4719c8ab8a54279c927a0","name":"Marie-Anne","image":{"@type":"ImageObject","inLanguage":"fr-FR","@id":"https:\/\/secure.gravatar.com\/avatar\/f0e2c2fc209c0f8c58558565ef6a29e43de2180dc263c0a1cffe3a505c799071?s=96&d=identicon&r=g","url":"https:\/\/secure.gravatar.com\/avatar\/f0e2c2fc209c0f8c58558565ef6a29e43de2180dc263c0a1cffe3a505c799071?s=96&d=identicon&r=g","contentUrl":"https:\/\/secure.gravatar.com\/avatar\/f0e2c2fc209c0f8c58558565ef6a29e43de2180dc263c0a1cffe3a505c799071?s=96&d=identicon&r=g","caption":"Marie-Anne"},"sameAs":["https:\/\/lesvegamis.fr\/"],"url":"https:\/\/lesvegamis.fr\/index.php\/author\/lesvegamis-editeur\/"}]}},"jetpack_featured_media_url":"https:\/\/lesvegamis.fr\/wp-content\/uploads\/2024\/07\/Repas-vegan-1920-x-1080-px-3.jpeg","jetpack_sharing_enabled":true,"_links":{"self":[{"href":"https:\/\/lesvegamis.fr\/index.php\/wp-json\/wp\/v2\/posts\/1914","targetHints":{"allow":["GET"]}}],"collection":[{"href":"https:\/\/lesvegamis.fr\/index.php\/wp-json\/wp\/v2\/posts"}],"about":[{"href":"https:\/\/lesvegamis.fr\/index.php\/wp-json\/wp\/v2\/types\/post"}],"author":[{"embeddable":true,"href":"https:\/\/lesvegamis.fr\/index.php\/wp-json\/wp\/v2\/users\/4"}],"replies":[{"embeddable":true,"href":"https:\/\/lesvegamis.fr\/index.php\/wp-json\/wp\/v2\/comments?post=1914"}],"version-history":[{"count":6,"href":"https:\/\/lesvegamis.fr\/index.php\/wp-json\/wp\/v2\/posts\/1914\/revisions"}],"predecessor-version":[{"id":1930,"href":"https:\/\/lesvegamis.fr\/index.php\/wp-json\/wp\/v2\/posts\/1914\/revisions\/1930"}],"wp:featuredmedia":[{"embeddable":true,"href":"https:\/\/lesvegamis.fr\/index.php\/wp-json\/wp\/v2\/media\/1928"}],"wp:attachment":[{"href":"https:\/\/lesvegamis.fr\/index.php\/wp-json\/wp\/v2\/media?parent=1914"}],"wp:term":[{"taxonomy":"category","embeddable":true,"href":"https:\/\/lesvegamis.fr\/index.php\/wp-json\/wp\/v2\/categories?post=1914"},{"taxonomy":"post_tag","embeddable":true,"href":"https:\/\/lesvegamis.fr\/index.php\/wp-json\/wp\/v2\/tags?post=1914"}],"curies":[{"name":"wp","href":"https:\/\/api.w.org\/{rel}","templated":true}]}}