{"id":193,"date":"2018-11-06T12:37:01","date_gmt":"2018-11-06T11:37:01","guid":{"rendered":"http:\/\/lesvegamis.fr\/?p=193"},"modified":"2022-12-07T18:39:56","modified_gmt":"2022-12-07T17:39:56","slug":"atelier-parmentier-vegetalien-mars-2015","status":"publish","type":"post","link":"https:\/\/lesvegamis.fr\/index.php\/2018\/11\/06\/atelier-parmentier-vegetalien-mars-2015\/","title":{"rendered":"Atelier Parmentier v\u00e9g\u00e9talien mars 2015"},"content":{"rendered":"<p>Retrouvez ici <a href=\"https:\/\/lesvegamis.fr\/index.php\/2018\/09\/16\/parmentier-vegetalien\/\">la recette du parmentier v\u00e9g\u00e9talien<\/a>.<img loading=\"lazy\" decoding=\"async\" class=\"alignnone size-large wp-image-1617\" src=\"https:\/\/lesvegamis.fr\/wp-content\/uploads\/2022\/12\/c8a3b-ob_e21b7f_ob-0f555a-p1090728-1024x768.jpg\" alt=\"\" width=\"640\" height=\"480\" srcset=\"https:\/\/lesvegamis.fr\/wp-content\/uploads\/2022\/12\/c8a3b-ob_e21b7f_ob-0f555a-p1090728-1024x768.jpg 1024w, https:\/\/lesvegamis.fr\/wp-content\/uploads\/2022\/12\/c8a3b-ob_e21b7f_ob-0f555a-p1090728-300x225.jpg 300w, https:\/\/lesvegamis.fr\/wp-content\/uploads\/2022\/12\/c8a3b-ob_e21b7f_ob-0f555a-p1090728-768x576.jpg 768w, https:\/\/lesvegamis.fr\/wp-content\/uploads\/2022\/12\/c8a3b-ob_e21b7f_ob-0f555a-p1090728.jpg 1200w\" sizes=\"auto, (max-width: 640px) 100vw, 640px\" \/><\/p>\n<p>La cuisine de la Maison de la Nature et de l&rsquo;Environnement n&rsquo;est pas tr\u00e8s bien adapt\u00e9e pour des ateliers \u00e0 12 personnes. Mais\u00a0<strong>c&rsquo;est dans la bonne humeur <\/strong>que nous nous sommes relay\u00e9s pour la corv\u00e9e patates, oignons, les fourneaux et la vaisselle !<\/p>\n<p><img loading=\"lazy\" decoding=\"async\" class=\"alignnone size-large wp-image-1354\" src=\"https:\/\/lesvegamis.fr\/wp-content\/uploads\/2022\/12\/5d0fe-ob_3de17e_atelier-de-cuisine-vegan-reaction-3-1024x768.jpg\" alt=\"\" width=\"640\" height=\"480\" srcset=\"https:\/\/lesvegamis.fr\/wp-content\/uploads\/2022\/12\/5d0fe-ob_3de17e_atelier-de-cuisine-vegan-reaction-3-1024x768.jpg 1024w, https:\/\/lesvegamis.fr\/wp-content\/uploads\/2022\/12\/5d0fe-ob_3de17e_atelier-de-cuisine-vegan-reaction-3-300x225.jpg 300w, https:\/\/lesvegamis.fr\/wp-content\/uploads\/2022\/12\/5d0fe-ob_3de17e_atelier-de-cuisine-vegan-reaction-3-768x576.jpg 768w, https:\/\/lesvegamis.fr\/wp-content\/uploads\/2022\/12\/5d0fe-ob_3de17e_atelier-de-cuisine-vegan-reaction-3-1536x1152.jpg 1536w, https:\/\/lesvegamis.fr\/wp-content\/uploads\/2022\/12\/5d0fe-ob_3de17e_atelier-de-cuisine-vegan-reaction-3.jpg 1600w\" sizes=\"auto, (max-width: 640px) 100vw, 640px\" \/> <img loading=\"lazy\" decoding=\"async\" class=\"alignnone size-large wp-image-1628\" src=\"https:\/\/lesvegamis.fr\/wp-content\/uploads\/2022\/12\/cac28-ob_817aad_atelier-de-cuisine-vegan-reaction-11-768x1024.jpg\" alt=\"\" width=\"640\" height=\"853\" srcset=\"https:\/\/lesvegamis.fr\/wp-content\/uploads\/2022\/12\/cac28-ob_817aad_atelier-de-cuisine-vegan-reaction-11-768x1024.jpg 768w, https:\/\/lesvegamis.fr\/wp-content\/uploads\/2022\/12\/cac28-ob_817aad_atelier-de-cuisine-vegan-reaction-11-225x300.jpg 225w, https:\/\/lesvegamis.fr\/wp-content\/uploads\/2022\/12\/cac28-ob_817aad_atelier-de-cuisine-vegan-reaction-11-1152x1536.jpg 1152w, https:\/\/lesvegamis.fr\/wp-content\/uploads\/2022\/12\/cac28-ob_817aad_atelier-de-cuisine-vegan-reaction-11.jpg 1200w\" sizes=\"auto, (max-width: 640px) 100vw, 640px\" \/> <img loading=\"lazy\" decoding=\"async\" class=\"alignnone size-large wp-image-1631\" src=\"https:\/\/lesvegamis.fr\/wp-content\/uploads\/2022\/12\/cf3fb-ob_b620f6_atelier-de-cuisine-vegan-reaction-12-1024x767.jpg\" alt=\"\" width=\"640\" height=\"479\" srcset=\"https:\/\/lesvegamis.fr\/wp-content\/uploads\/2022\/12\/cf3fb-ob_b620f6_atelier-de-cuisine-vegan-reaction-12-1024x767.jpg 1024w, https:\/\/lesvegamis.fr\/wp-content\/uploads\/2022\/12\/cf3fb-ob_b620f6_atelier-de-cuisine-vegan-reaction-12-300x225.jpg 300w, https:\/\/lesvegamis.fr\/wp-content\/uploads\/2022\/12\/cf3fb-ob_b620f6_atelier-de-cuisine-vegan-reaction-12-768x576.jpg 768w, https:\/\/lesvegamis.fr\/wp-content\/uploads\/2022\/12\/cf3fb-ob_b620f6_atelier-de-cuisine-vegan-reaction-12-1536x1151.jpg 1536w, https:\/\/lesvegamis.fr\/wp-content\/uploads\/2022\/12\/cf3fb-ob_b620f6_atelier-de-cuisine-vegan-reaction-12.jpg 1600w\" sizes=\"auto, (max-width: 640px) 100vw, 640px\" \/><\/p>\n<p><span style=\"font-size: revert; color: initial; font-family: -apple-system, BlinkMacSystemFont, 'Segoe UI', Roboto, Oxygen-Sans, Ubuntu, Cantarell, 'Helvetica Neue', sans-serif;\">Et puis il faut bien dire que la cuisine pour 12, c&rsquo;est vraiment diff\u00e9rent de la cuisine pour 2. Alors au niveau du temps, on en a pris un peu plus que pr\u00e9vu&#8230;<\/span><\/p>\n<p><strong>M\u00eame si au d\u00e9but, tout le monde semblait un peu timide&#8230; Au fil de la soir\u00e9e les plaisanteries et les fou-rires se sont encha\u00een\u00e9s !<\/strong><\/p>\n<p><img loading=\"lazy\" decoding=\"async\" class=\"alignnone size-large wp-image-1506\" src=\"https:\/\/lesvegamis.fr\/wp-content\/uploads\/2022\/12\/01890-ob_156cc2_atelier-de-cuisine-vegan-reaction-8-1024x768.jpg\" alt=\"\" width=\"640\" height=\"480\" srcset=\"https:\/\/lesvegamis.fr\/wp-content\/uploads\/2022\/12\/01890-ob_156cc2_atelier-de-cuisine-vegan-reaction-8-1024x768.jpg 1024w, https:\/\/lesvegamis.fr\/wp-content\/uploads\/2022\/12\/01890-ob_156cc2_atelier-de-cuisine-vegan-reaction-8-300x225.jpg 300w, https:\/\/lesvegamis.fr\/wp-content\/uploads\/2022\/12\/01890-ob_156cc2_atelier-de-cuisine-vegan-reaction-8-768x576.jpg 768w, https:\/\/lesvegamis.fr\/wp-content\/uploads\/2022\/12\/01890-ob_156cc2_atelier-de-cuisine-vegan-reaction-8-1536x1152.jpg 1536w, https:\/\/lesvegamis.fr\/wp-content\/uploads\/2022\/12\/01890-ob_156cc2_atelier-de-cuisine-vegan-reaction-8.jpg 1600w\" sizes=\"auto, (max-width: 640px) 100vw, 640px\" \/> <img loading=\"lazy\" decoding=\"async\" class=\"alignnone size-large wp-image-1357\" src=\"https:\/\/lesvegamis.fr\/wp-content\/uploads\/2022\/12\/5e768-ob_8da2e4_atelier-de-cuisine-vegan-reaction-2-768x1024.jpg\" alt=\"\" width=\"640\" height=\"853\" srcset=\"https:\/\/lesvegamis.fr\/wp-content\/uploads\/2022\/12\/5e768-ob_8da2e4_atelier-de-cuisine-vegan-reaction-2-768x1024.jpg 768w, https:\/\/lesvegamis.fr\/wp-content\/uploads\/2022\/12\/5e768-ob_8da2e4_atelier-de-cuisine-vegan-reaction-2-225x300.jpg 225w, https:\/\/lesvegamis.fr\/wp-content\/uploads\/2022\/12\/5e768-ob_8da2e4_atelier-de-cuisine-vegan-reaction-2-1152x1536.jpg 1152w, https:\/\/lesvegamis.fr\/wp-content\/uploads\/2022\/12\/5e768-ob_8da2e4_atelier-de-cuisine-vegan-reaction-2.jpg 1200w\" sizes=\"auto, (max-width: 640px) 100vw, 640px\" \/> <img loading=\"lazy\" decoding=\"async\" class=\"alignnone size-large wp-image-1656\" src=\"https:\/\/lesvegamis.fr\/wp-content\/uploads\/2022\/12\/e1e91-ob_26dda3_atelier-de-cuisine-vegan-reaction-4-1024x767.jpg\" alt=\"\" width=\"640\" height=\"479\" srcset=\"https:\/\/lesvegamis.fr\/wp-content\/uploads\/2022\/12\/e1e91-ob_26dda3_atelier-de-cuisine-vegan-reaction-4-1024x767.jpg 1024w, https:\/\/lesvegamis.fr\/wp-content\/uploads\/2022\/12\/e1e91-ob_26dda3_atelier-de-cuisine-vegan-reaction-4-300x225.jpg 300w, https:\/\/lesvegamis.fr\/wp-content\/uploads\/2022\/12\/e1e91-ob_26dda3_atelier-de-cuisine-vegan-reaction-4-768x576.jpg 768w, https:\/\/lesvegamis.fr\/wp-content\/uploads\/2022\/12\/e1e91-ob_26dda3_atelier-de-cuisine-vegan-reaction-4-1536x1151.jpg 1536w, https:\/\/lesvegamis.fr\/wp-content\/uploads\/2022\/12\/e1e91-ob_26dda3_atelier-de-cuisine-vegan-reaction-4.jpg 1600w\" sizes=\"auto, (max-width: 640px) 100vw, 640px\" \/> <img loading=\"lazy\" decoding=\"async\" class=\"alignnone size-large wp-image-1517\" src=\"https:\/\/lesvegamis.fr\/wp-content\/uploads\/2022\/12\/6465d-ob_5a4bb0_atelier-de-cuisine-vegan-reaction-7-1024x768.jpg\" alt=\"\" width=\"640\" height=\"480\" srcset=\"https:\/\/lesvegamis.fr\/wp-content\/uploads\/2022\/12\/6465d-ob_5a4bb0_atelier-de-cuisine-vegan-reaction-7-1024x768.jpg 1024w, https:\/\/lesvegamis.fr\/wp-content\/uploads\/2022\/12\/6465d-ob_5a4bb0_atelier-de-cuisine-vegan-reaction-7-300x225.jpg 300w, https:\/\/lesvegamis.fr\/wp-content\/uploads\/2022\/12\/6465d-ob_5a4bb0_atelier-de-cuisine-vegan-reaction-7-768x576.jpg 768w, https:\/\/lesvegamis.fr\/wp-content\/uploads\/2022\/12\/6465d-ob_5a4bb0_atelier-de-cuisine-vegan-reaction-7-1536x1152.jpg 1536w, https:\/\/lesvegamis.fr\/wp-content\/uploads\/2022\/12\/6465d-ob_5a4bb0_atelier-de-cuisine-vegan-reaction-7.jpg 1600w\" sizes=\"auto, (max-width: 640px) 100vw, 640px\" \/><\/p>\n<p><span style=\"font-size: revert; color: initial; font-family: -apple-system, BlinkMacSystemFont, 'Segoe UI', Roboto, Oxygen-Sans, Ubuntu, Cantarell, 'Helvetica Neue', sans-serif;\">Au final il \u00e9tait pas si \u00a0mal ce parmentier, pas trop sal\u00e9 et plut\u00f4t l\u00e9ger. Nous l&rsquo;avons accompagn\u00e9 de quelques feuilles de salade et d&rsquo;une sauce improvis\u00e9e \u00e0 la levure de bi\u00e8re et cr\u00e8me de soja ! Pour finir sur une petite note sucr\u00e9e, B\u00e9n\u00e9dicte avait apport\u00e9 le dessert : un clafoutis aux cerises pr\u00e9par\u00e9 dans la journ\u00e9e.<\/span><\/p>\n<p><img loading=\"lazy\" decoding=\"async\" class=\"alignnone size-large wp-image-1385\" src=\"https:\/\/lesvegamis.fr\/wp-content\/uploads\/2022\/12\/7c632-ob_877a6a_atelier-de-cuisine-vegan-reaction-14-769x1024.jpg\" alt=\"\" width=\"640\" height=\"852\" srcset=\"https:\/\/lesvegamis.fr\/wp-content\/uploads\/2022\/12\/7c632-ob_877a6a_atelier-de-cuisine-vegan-reaction-14-769x1024.jpg 769w, https:\/\/lesvegamis.fr\/wp-content\/uploads\/2022\/12\/7c632-ob_877a6a_atelier-de-cuisine-vegan-reaction-14-225x300.jpg 225w, https:\/\/lesvegamis.fr\/wp-content\/uploads\/2022\/12\/7c632-ob_877a6a_atelier-de-cuisine-vegan-reaction-14-768x1023.jpg 768w, https:\/\/lesvegamis.fr\/wp-content\/uploads\/2022\/12\/7c632-ob_877a6a_atelier-de-cuisine-vegan-reaction-14.jpg 1086w\" sizes=\"auto, (max-width: 640px) 100vw, 640px\" \/> <img loading=\"lazy\" decoding=\"async\" class=\"alignnone size-large wp-image-1598\" src=\"https:\/\/lesvegamis.fr\/wp-content\/uploads\/2022\/12\/b89fb-ob_9d1534_atelier-de-cuisine-vegan-reaction-10-1024x768.jpg\" alt=\"\" width=\"640\" height=\"480\" srcset=\"https:\/\/lesvegamis.fr\/wp-content\/uploads\/2022\/12\/b89fb-ob_9d1534_atelier-de-cuisine-vegan-reaction-10-1024x768.jpg 1024w, https:\/\/lesvegamis.fr\/wp-content\/uploads\/2022\/12\/b89fb-ob_9d1534_atelier-de-cuisine-vegan-reaction-10-300x225.jpg 300w, https:\/\/lesvegamis.fr\/wp-content\/uploads\/2022\/12\/b89fb-ob_9d1534_atelier-de-cuisine-vegan-reaction-10-768x576.jpg 768w, https:\/\/lesvegamis.fr\/wp-content\/uploads\/2022\/12\/b89fb-ob_9d1534_atelier-de-cuisine-vegan-reaction-10-1536x1152.jpg 1536w, https:\/\/lesvegamis.fr\/wp-content\/uploads\/2022\/12\/b89fb-ob_9d1534_atelier-de-cuisine-vegan-reaction-10.jpg 1600w\" sizes=\"auto, (max-width: 640px) 100vw, 640px\" \/><\/p>\n<p><span style=\"font-size: revert; color: initial; font-family: -apple-system, BlinkMacSystemFont, 'Segoe UI', Roboto, Oxygen-Sans, Ubuntu, Cantarell, 'Helvetica Neue', sans-serif;\">Un bilan plut\u00f4t positif donc, pour cette <\/span><strong style=\"font-size: revert; color: initial; font-family: -apple-system, BlinkMacSystemFont, 'Segoe UI', Roboto, Oxygen-Sans, Ubuntu, Cantarell, 'Helvetica Neue', sans-serif;\">premi\u00e8re utilisation<\/strong><span style=\"font-size: revert; color: initial; font-family: -apple-system, BlinkMacSystemFont, 'Segoe UI', Roboto, Oxygen-Sans, Ubuntu, Cantarell, 'Helvetica Neue', sans-serif;\"> de la Maison de la Nature et de l&rsquo;Environnement et de sa cuisine !<\/span><\/p>\n","protected":false},"excerpt":{"rendered":"<p>Retrouvez ici la recette du parmentier v\u00e9g\u00e9talien. La cuisine de la Maison de la Nature et de l&rsquo;Environnement n&rsquo;est pas tr\u00e8s bien adapt\u00e9e pour des ateliers \u00e0 12 personnes. Mais\u00a0c&rsquo;est&#8230; <a class=\"read-more\" href=\"https:\/\/lesvegamis.fr\/index.php\/2018\/11\/06\/atelier-parmentier-vegetalien-mars-2015\/\">[Continuer la lecture]<\/a><\/p>\n","protected":false},"author":1,"featured_media":1615,"comment_status":"open","ping_status":"open","sticky":false,"template":"","format":"standard","meta":{"jetpack_post_was_ever_published":false,"_jetpack_newsletter_access":"","_jetpack_dont_email_post_to_subs":false,"_jetpack_newsletter_tier_id":0,"_jetpack_memberships_contains_paywalled_content":false,"_jetpack_memberships_contains_paid_content":false,"footnotes":""},"categories":[8],"tags":[],"class_list":["post-193","post","type-post","status-publish","format-standard","has-post-thumbnail","hentry","category-activites"],"yoast_head":"<!-- This site is optimized with the Yoast SEO plugin v27.4 - https:\/\/yoast.com\/product\/yoast-seo-wordpress\/ -->\n<title>Atelier Parmentier v\u00e9g\u00e9talien mars 2015 - Les V\u00e9g&#039;Amis<\/title>\n<meta name=\"robots\" content=\"index, follow, max-snippet:-1, max-image-preview:large, max-video-preview:-1\" \/>\n<link rel=\"canonical\" href=\"https:\/\/lesvegamis.fr\/index.php\/2018\/11\/06\/atelier-parmentier-vegetalien-mars-2015\/\" \/>\n<meta property=\"og:locale\" content=\"fr_FR\" \/>\n<meta property=\"og:type\" content=\"article\" \/>\n<meta property=\"og:title\" content=\"Atelier Parmentier v\u00e9g\u00e9talien mars 2015 - Les V\u00e9g&#039;Amis\" \/>\n<meta property=\"og:description\" content=\"Retrouvez ici la recette du parmentier v\u00e9g\u00e9talien. La cuisine de la Maison de la Nature et de l&rsquo;Environnement n&rsquo;est pas tr\u00e8s bien adapt\u00e9e pour des ateliers \u00e0 12 personnes. Mais\u00a0c&rsquo;est... [Continuer la lecture]\" \/>\n<meta property=\"og:url\" content=\"https:\/\/lesvegamis.fr\/index.php\/2018\/11\/06\/atelier-parmentier-vegetalien-mars-2015\/\" \/>\n<meta property=\"og:site_name\" content=\"Les V\u00e9g&#039;Amis\" \/>\n<meta property=\"article:publisher\" content=\"https:\/\/www.facebook.com\/lesvegamis\/\" \/>\n<meta property=\"article:published_time\" content=\"2018-11-06T11:37:01+00:00\" \/>\n<meta property=\"article:modified_time\" content=\"2022-12-07T17:39:56+00:00\" \/>\n<meta property=\"og:image\" content=\"https:\/\/lesvegamis.fr\/wp-content\/uploads\/2022\/12\/bfded-ob_258229_ob-afd77e-atelier-de-cuisine-vegan-rea.jpg\" \/>\n\t<meta property=\"og:image:width\" content=\"1200\" \/>\n\t<meta property=\"og:image:height\" content=\"900\" \/>\n\t<meta property=\"og:image:type\" content=\"image\/jpeg\" \/>\n<meta name=\"author\" content=\"Les Vegamis\" \/>\n<meta name=\"twitter:card\" content=\"summary_large_image\" \/>\n<meta name=\"twitter:label1\" content=\"\u00c9crit par\" \/>\n\t<meta name=\"twitter:data1\" content=\"Les Vegamis\" \/>\n\t<meta name=\"twitter:label2\" content=\"Dur\u00e9e de lecture estim\u00e9e\" \/>\n\t<meta name=\"twitter:data2\" content=\"1 minute\" \/>\n<script type=\"application\/ld+json\" class=\"yoast-schema-graph\">{\"@context\":\"https:\\\/\\\/schema.org\",\"@graph\":[{\"@type\":\"Article\",\"@id\":\"https:\\\/\\\/lesvegamis.fr\\\/index.php\\\/2018\\\/11\\\/06\\\/atelier-parmentier-vegetalien-mars-2015\\\/#article\",\"isPartOf\":{\"@id\":\"https:\\\/\\\/lesvegamis.fr\\\/index.php\\\/2018\\\/11\\\/06\\\/atelier-parmentier-vegetalien-mars-2015\\\/\"},\"author\":{\"name\":\"Les Vegamis\",\"@id\":\"https:\\\/\\\/lesvegamis.fr\\\/#\\\/schema\\\/person\\\/99dfc3e25008667b61b0b17835193701\"},\"headline\":\"Atelier Parmentier v\u00e9g\u00e9talien mars 2015\",\"datePublished\":\"2018-11-06T11:37:01+00:00\",\"dateModified\":\"2022-12-07T17:39:56+00:00\",\"mainEntityOfPage\":{\"@id\":\"https:\\\/\\\/lesvegamis.fr\\\/index.php\\\/2018\\\/11\\\/06\\\/atelier-parmentier-vegetalien-mars-2015\\\/\"},\"wordCount\":211,\"commentCount\":0,\"publisher\":{\"@id\":\"https:\\\/\\\/lesvegamis.fr\\\/#organization\"},\"image\":{\"@id\":\"https:\\\/\\\/lesvegamis.fr\\\/index.php\\\/2018\\\/11\\\/06\\\/atelier-parmentier-vegetalien-mars-2015\\\/#primaryimage\"},\"thumbnailUrl\":\"https:\\\/\\\/lesvegamis.fr\\\/wp-content\\\/uploads\\\/2022\\\/12\\\/bfded-ob_258229_ob-afd77e-atelier-de-cuisine-vegan-rea.jpg\",\"articleSection\":[\"Nos activit\u00e9s\"],\"inLanguage\":\"fr-FR\",\"potentialAction\":[{\"@type\":\"CommentAction\",\"name\":\"Comment\",\"target\":[\"https:\\\/\\\/lesvegamis.fr\\\/index.php\\\/2018\\\/11\\\/06\\\/atelier-parmentier-vegetalien-mars-2015\\\/#respond\"]}]},{\"@type\":\"WebPage\",\"@id\":\"https:\\\/\\\/lesvegamis.fr\\\/index.php\\\/2018\\\/11\\\/06\\\/atelier-parmentier-vegetalien-mars-2015\\\/\",\"url\":\"https:\\\/\\\/lesvegamis.fr\\\/index.php\\\/2018\\\/11\\\/06\\\/atelier-parmentier-vegetalien-mars-2015\\\/\",\"name\":\"Atelier Parmentier v\u00e9g\u00e9talien mars 2015 - Les V\u00e9g&#039;Amis\",\"isPartOf\":{\"@id\":\"https:\\\/\\\/lesvegamis.fr\\\/#website\"},\"primaryImageOfPage\":{\"@id\":\"https:\\\/\\\/lesvegamis.fr\\\/index.php\\\/2018\\\/11\\\/06\\\/atelier-parmentier-vegetalien-mars-2015\\\/#primaryimage\"},\"image\":{\"@id\":\"https:\\\/\\\/lesvegamis.fr\\\/index.php\\\/2018\\\/11\\\/06\\\/atelier-parmentier-vegetalien-mars-2015\\\/#primaryimage\"},\"thumbnailUrl\":\"https:\\\/\\\/lesvegamis.fr\\\/wp-content\\\/uploads\\\/2022\\\/12\\\/bfded-ob_258229_ob-afd77e-atelier-de-cuisine-vegan-rea.jpg\",\"datePublished\":\"2018-11-06T11:37:01+00:00\",\"dateModified\":\"2022-12-07T17:39:56+00:00\",\"breadcrumb\":{\"@id\":\"https:\\\/\\\/lesvegamis.fr\\\/index.php\\\/2018\\\/11\\\/06\\\/atelier-parmentier-vegetalien-mars-2015\\\/#breadcrumb\"},\"inLanguage\":\"fr-FR\",\"potentialAction\":[{\"@type\":\"ReadAction\",\"target\":[\"https:\\\/\\\/lesvegamis.fr\\\/index.php\\\/2018\\\/11\\\/06\\\/atelier-parmentier-vegetalien-mars-2015\\\/\"]}]},{\"@type\":\"ImageObject\",\"inLanguage\":\"fr-FR\",\"@id\":\"https:\\\/\\\/lesvegamis.fr\\\/index.php\\\/2018\\\/11\\\/06\\\/atelier-parmentier-vegetalien-mars-2015\\\/#primaryimage\",\"url\":\"https:\\\/\\\/lesvegamis.fr\\\/wp-content\\\/uploads\\\/2022\\\/12\\\/bfded-ob_258229_ob-afd77e-atelier-de-cuisine-vegan-rea.jpg\",\"contentUrl\":\"https:\\\/\\\/lesvegamis.fr\\\/wp-content\\\/uploads\\\/2022\\\/12\\\/bfded-ob_258229_ob-afd77e-atelier-de-cuisine-vegan-rea.jpg\",\"width\":1200,\"height\":900},{\"@type\":\"BreadcrumbList\",\"@id\":\"https:\\\/\\\/lesvegamis.fr\\\/index.php\\\/2018\\\/11\\\/06\\\/atelier-parmentier-vegetalien-mars-2015\\\/#breadcrumb\",\"itemListElement\":[{\"@type\":\"ListItem\",\"position\":1,\"name\":\"Accueil\",\"item\":\"https:\\\/\\\/lesvegamis.fr\\\/\"},{\"@type\":\"ListItem\",\"position\":2,\"name\":\"Atelier Parmentier v\u00e9g\u00e9talien mars 2015\"}]},{\"@type\":\"WebSite\",\"@id\":\"https:\\\/\\\/lesvegamis.fr\\\/#website\",\"url\":\"https:\\\/\\\/lesvegamis.fr\\\/\",\"name\":\"Les V\u00e9g'Amis\",\"description\":\"L&#039;association v\u00e9gane de Pau\",\"publisher\":{\"@id\":\"https:\\\/\\\/lesvegamis.fr\\\/#organization\"},\"potentialAction\":[{\"@type\":\"SearchAction\",\"target\":{\"@type\":\"EntryPoint\",\"urlTemplate\":\"https:\\\/\\\/lesvegamis.fr\\\/?s={search_term_string}\"},\"query-input\":{\"@type\":\"PropertyValueSpecification\",\"valueRequired\":true,\"valueName\":\"search_term_string\"}}],\"inLanguage\":\"fr-FR\"},{\"@type\":\"Organization\",\"@id\":\"https:\\\/\\\/lesvegamis.fr\\\/#organization\",\"name\":\"Association vegan de Pau Les V\u00e9g'Amis\",\"url\":\"https:\\\/\\\/lesvegamis.fr\\\/\",\"logo\":{\"@type\":\"ImageObject\",\"inLanguage\":\"fr-FR\",\"@id\":\"https:\\\/\\\/lesvegamis.fr\\\/#\\\/schema\\\/logo\\\/image\\\/\",\"url\":\"https:\\\/\\\/lesvegamis.fr\\\/wp-content\\\/uploads\\\/2022\\\/12\\\/cropped-logo-couleur-nom-1.png\",\"contentUrl\":\"https:\\\/\\\/lesvegamis.fr\\\/wp-content\\\/uploads\\\/2022\\\/12\\\/cropped-logo-couleur-nom-1.png\",\"width\":192,\"height\":288,\"caption\":\"Association vegan de Pau Les V\u00e9g'Amis\"},\"image\":{\"@id\":\"https:\\\/\\\/lesvegamis.fr\\\/#\\\/schema\\\/logo\\\/image\\\/\"},\"sameAs\":[\"https:\\\/\\\/www.facebook.com\\\/lesvegamis\\\/\",\"https:\\\/\\\/www.instagram.com\\\/lesvegamis\\\/\"]},{\"@type\":\"Person\",\"@id\":\"https:\\\/\\\/lesvegamis.fr\\\/#\\\/schema\\\/person\\\/99dfc3e25008667b61b0b17835193701\",\"name\":\"Les Vegamis\",\"image\":{\"@type\":\"ImageObject\",\"inLanguage\":\"fr-FR\",\"@id\":\"https:\\\/\\\/secure.gravatar.com\\\/avatar\\\/c365180ba419067afc3f9825f3cc192e60b42a216d37a9089bfc0c3707250f43?s=96&d=identicon&r=g\",\"url\":\"https:\\\/\\\/secure.gravatar.com\\\/avatar\\\/c365180ba419067afc3f9825f3cc192e60b42a216d37a9089bfc0c3707250f43?s=96&d=identicon&r=g\",\"contentUrl\":\"https:\\\/\\\/secure.gravatar.com\\\/avatar\\\/c365180ba419067afc3f9825f3cc192e60b42a216d37a9089bfc0c3707250f43?s=96&d=identicon&r=g\",\"caption\":\"Les Vegamis\"},\"sameAs\":[\"http:\\\/\\\/lesvegamis.fr\"],\"url\":\"https:\\\/\\\/lesvegamis.fr\\\/index.php\\\/author\\\/admin6014\\\/\"}]}<\/script>\n<!-- \/ Yoast SEO plugin. -->","yoast_head_json":{"title":"Atelier Parmentier v\u00e9g\u00e9talien mars 2015 - Les V\u00e9g&#039;Amis","robots":{"index":"index","follow":"follow","max-snippet":"max-snippet:-1","max-image-preview":"max-image-preview:large","max-video-preview":"max-video-preview:-1"},"canonical":"https:\/\/lesvegamis.fr\/index.php\/2018\/11\/06\/atelier-parmentier-vegetalien-mars-2015\/","og_locale":"fr_FR","og_type":"article","og_title":"Atelier Parmentier v\u00e9g\u00e9talien mars 2015 - Les V\u00e9g&#039;Amis","og_description":"Retrouvez ici la recette du parmentier v\u00e9g\u00e9talien. La cuisine de la Maison de la Nature et de l&rsquo;Environnement n&rsquo;est pas tr\u00e8s bien adapt\u00e9e pour des ateliers \u00e0 12 personnes. Mais\u00a0c&rsquo;est... [Continuer la lecture]","og_url":"https:\/\/lesvegamis.fr\/index.php\/2018\/11\/06\/atelier-parmentier-vegetalien-mars-2015\/","og_site_name":"Les V\u00e9g&#039;Amis","article_publisher":"https:\/\/www.facebook.com\/lesvegamis\/","article_published_time":"2018-11-06T11:37:01+00:00","article_modified_time":"2022-12-07T17:39:56+00:00","og_image":[{"width":1200,"height":900,"url":"https:\/\/lesvegamis.fr\/wp-content\/uploads\/2022\/12\/bfded-ob_258229_ob-afd77e-atelier-de-cuisine-vegan-rea.jpg","type":"image\/jpeg"}],"author":"Les Vegamis","twitter_card":"summary_large_image","twitter_misc":{"\u00c9crit par":"Les Vegamis","Dur\u00e9e de lecture estim\u00e9e":"1 minute"},"schema":{"@context":"https:\/\/schema.org","@graph":[{"@type":"Article","@id":"https:\/\/lesvegamis.fr\/index.php\/2018\/11\/06\/atelier-parmentier-vegetalien-mars-2015\/#article","isPartOf":{"@id":"https:\/\/lesvegamis.fr\/index.php\/2018\/11\/06\/atelier-parmentier-vegetalien-mars-2015\/"},"author":{"name":"Les Vegamis","@id":"https:\/\/lesvegamis.fr\/#\/schema\/person\/99dfc3e25008667b61b0b17835193701"},"headline":"Atelier Parmentier v\u00e9g\u00e9talien mars 2015","datePublished":"2018-11-06T11:37:01+00:00","dateModified":"2022-12-07T17:39:56+00:00","mainEntityOfPage":{"@id":"https:\/\/lesvegamis.fr\/index.php\/2018\/11\/06\/atelier-parmentier-vegetalien-mars-2015\/"},"wordCount":211,"commentCount":0,"publisher":{"@id":"https:\/\/lesvegamis.fr\/#organization"},"image":{"@id":"https:\/\/lesvegamis.fr\/index.php\/2018\/11\/06\/atelier-parmentier-vegetalien-mars-2015\/#primaryimage"},"thumbnailUrl":"https:\/\/lesvegamis.fr\/wp-content\/uploads\/2022\/12\/bfded-ob_258229_ob-afd77e-atelier-de-cuisine-vegan-rea.jpg","articleSection":["Nos activit\u00e9s"],"inLanguage":"fr-FR","potentialAction":[{"@type":"CommentAction","name":"Comment","target":["https:\/\/lesvegamis.fr\/index.php\/2018\/11\/06\/atelier-parmentier-vegetalien-mars-2015\/#respond"]}]},{"@type":"WebPage","@id":"https:\/\/lesvegamis.fr\/index.php\/2018\/11\/06\/atelier-parmentier-vegetalien-mars-2015\/","url":"https:\/\/lesvegamis.fr\/index.php\/2018\/11\/06\/atelier-parmentier-vegetalien-mars-2015\/","name":"Atelier Parmentier v\u00e9g\u00e9talien mars 2015 - Les V\u00e9g&#039;Amis","isPartOf":{"@id":"https:\/\/lesvegamis.fr\/#website"},"primaryImageOfPage":{"@id":"https:\/\/lesvegamis.fr\/index.php\/2018\/11\/06\/atelier-parmentier-vegetalien-mars-2015\/#primaryimage"},"image":{"@id":"https:\/\/lesvegamis.fr\/index.php\/2018\/11\/06\/atelier-parmentier-vegetalien-mars-2015\/#primaryimage"},"thumbnailUrl":"https:\/\/lesvegamis.fr\/wp-content\/uploads\/2022\/12\/bfded-ob_258229_ob-afd77e-atelier-de-cuisine-vegan-rea.jpg","datePublished":"2018-11-06T11:37:01+00:00","dateModified":"2022-12-07T17:39:56+00:00","breadcrumb":{"@id":"https:\/\/lesvegamis.fr\/index.php\/2018\/11\/06\/atelier-parmentier-vegetalien-mars-2015\/#breadcrumb"},"inLanguage":"fr-FR","potentialAction":[{"@type":"ReadAction","target":["https:\/\/lesvegamis.fr\/index.php\/2018\/11\/06\/atelier-parmentier-vegetalien-mars-2015\/"]}]},{"@type":"ImageObject","inLanguage":"fr-FR","@id":"https:\/\/lesvegamis.fr\/index.php\/2018\/11\/06\/atelier-parmentier-vegetalien-mars-2015\/#primaryimage","url":"https:\/\/lesvegamis.fr\/wp-content\/uploads\/2022\/12\/bfded-ob_258229_ob-afd77e-atelier-de-cuisine-vegan-rea.jpg","contentUrl":"https:\/\/lesvegamis.fr\/wp-content\/uploads\/2022\/12\/bfded-ob_258229_ob-afd77e-atelier-de-cuisine-vegan-rea.jpg","width":1200,"height":900},{"@type":"BreadcrumbList","@id":"https:\/\/lesvegamis.fr\/index.php\/2018\/11\/06\/atelier-parmentier-vegetalien-mars-2015\/#breadcrumb","itemListElement":[{"@type":"ListItem","position":1,"name":"Accueil","item":"https:\/\/lesvegamis.fr\/"},{"@type":"ListItem","position":2,"name":"Atelier Parmentier v\u00e9g\u00e9talien mars 2015"}]},{"@type":"WebSite","@id":"https:\/\/lesvegamis.fr\/#website","url":"https:\/\/lesvegamis.fr\/","name":"Les V\u00e9g'Amis","description":"L&#039;association v\u00e9gane de Pau","publisher":{"@id":"https:\/\/lesvegamis.fr\/#organization"},"potentialAction":[{"@type":"SearchAction","target":{"@type":"EntryPoint","urlTemplate":"https:\/\/lesvegamis.fr\/?s={search_term_string}"},"query-input":{"@type":"PropertyValueSpecification","valueRequired":true,"valueName":"search_term_string"}}],"inLanguage":"fr-FR"},{"@type":"Organization","@id":"https:\/\/lesvegamis.fr\/#organization","name":"Association vegan de Pau Les V\u00e9g'Amis","url":"https:\/\/lesvegamis.fr\/","logo":{"@type":"ImageObject","inLanguage":"fr-FR","@id":"https:\/\/lesvegamis.fr\/#\/schema\/logo\/image\/","url":"https:\/\/lesvegamis.fr\/wp-content\/uploads\/2022\/12\/cropped-logo-couleur-nom-1.png","contentUrl":"https:\/\/lesvegamis.fr\/wp-content\/uploads\/2022\/12\/cropped-logo-couleur-nom-1.png","width":192,"height":288,"caption":"Association vegan de Pau Les V\u00e9g'Amis"},"image":{"@id":"https:\/\/lesvegamis.fr\/#\/schema\/logo\/image\/"},"sameAs":["https:\/\/www.facebook.com\/lesvegamis\/","https:\/\/www.instagram.com\/lesvegamis\/"]},{"@type":"Person","@id":"https:\/\/lesvegamis.fr\/#\/schema\/person\/99dfc3e25008667b61b0b17835193701","name":"Les Vegamis","image":{"@type":"ImageObject","inLanguage":"fr-FR","@id":"https:\/\/secure.gravatar.com\/avatar\/c365180ba419067afc3f9825f3cc192e60b42a216d37a9089bfc0c3707250f43?s=96&d=identicon&r=g","url":"https:\/\/secure.gravatar.com\/avatar\/c365180ba419067afc3f9825f3cc192e60b42a216d37a9089bfc0c3707250f43?s=96&d=identicon&r=g","contentUrl":"https:\/\/secure.gravatar.com\/avatar\/c365180ba419067afc3f9825f3cc192e60b42a216d37a9089bfc0c3707250f43?s=96&d=identicon&r=g","caption":"Les Vegamis"},"sameAs":["http:\/\/lesvegamis.fr"],"url":"https:\/\/lesvegamis.fr\/index.php\/author\/admin6014\/"}]}},"jetpack_featured_media_url":"https:\/\/lesvegamis.fr\/wp-content\/uploads\/2022\/12\/bfded-ob_258229_ob-afd77e-atelier-de-cuisine-vegan-rea.jpg","jetpack_sharing_enabled":true,"_links":{"self":[{"href":"https:\/\/lesvegamis.fr\/index.php\/wp-json\/wp\/v2\/posts\/193","targetHints":{"allow":["GET"]}}],"collection":[{"href":"https:\/\/lesvegamis.fr\/index.php\/wp-json\/wp\/v2\/posts"}],"about":[{"href":"https:\/\/lesvegamis.fr\/index.php\/wp-json\/wp\/v2\/types\/post"}],"author":[{"embeddable":true,"href":"https:\/\/lesvegamis.fr\/index.php\/wp-json\/wp\/v2\/users\/1"}],"replies":[{"embeddable":true,"href":"https:\/\/lesvegamis.fr\/index.php\/wp-json\/wp\/v2\/comments?post=193"}],"version-history":[{"count":2,"href":"https:\/\/lesvegamis.fr\/index.php\/wp-json\/wp\/v2\/posts\/193\/revisions"}],"predecessor-version":[{"id":1786,"href":"https:\/\/lesvegamis.fr\/index.php\/wp-json\/wp\/v2\/posts\/193\/revisions\/1786"}],"wp:featuredmedia":[{"embeddable":true,"href":"https:\/\/lesvegamis.fr\/index.php\/wp-json\/wp\/v2\/media\/1615"}],"wp:attachment":[{"href":"https:\/\/lesvegamis.fr\/index.php\/wp-json\/wp\/v2\/media?parent=193"}],"wp:term":[{"taxonomy":"category","embeddable":true,"href":"https:\/\/lesvegamis.fr\/index.php\/wp-json\/wp\/v2\/categories?post=193"},{"taxonomy":"post_tag","embeddable":true,"href":"https:\/\/lesvegamis.fr\/index.php\/wp-json\/wp\/v2\/tags?post=193"}],"curies":[{"name":"wp","href":"https:\/\/api.w.org\/{rel}","templated":true}]}}