{"id":1950,"date":"2024-09-10T22:05:35","date_gmt":"2024-09-10T20:05:35","guid":{"rendered":"https:\/\/lesvegamis.fr\/?p=1950"},"modified":"2024-09-11T18:59:17","modified_gmt":"2024-09-11T16:59:17","slug":"repas-vegan-a-pau-le-6-octobre","status":"publish","type":"post","link":"https:\/\/lesvegamis.fr\/index.php\/2024\/09\/10\/repas-vegan-a-pau-le-6-octobre\/","title":{"rendered":"Repas Partag\u00e9 V\u00e9g\u00e9talien \u00e0 Pau le 6 octobre"},"content":{"rendered":"<div class=\"wp-block-image\">\n<figure class=\"aligncenter size-large is-resized\"><img loading=\"lazy\" decoding=\"async\" width=\"724\" height=\"1024\" src=\"https:\/\/lesvegamis.fr\/wp-content\/uploads\/2024\/09\/Repas-vegan-724x1024.jpeg\" alt=\"\" class=\"wp-image-1958\" style=\"width:474px;height:auto\" srcset=\"https:\/\/lesvegamis.fr\/wp-content\/uploads\/2024\/09\/Repas-vegan-724x1024.jpeg 724w, https:\/\/lesvegamis.fr\/wp-content\/uploads\/2024\/09\/Repas-vegan-212x300.jpeg 212w, https:\/\/lesvegamis.fr\/wp-content\/uploads\/2024\/09\/Repas-vegan-768x1086.jpeg 768w, https:\/\/lesvegamis.fr\/wp-content\/uploads\/2024\/09\/Repas-vegan-1087x1536.jpeg 1087w, https:\/\/lesvegamis.fr\/wp-content\/uploads\/2024\/09\/Repas-vegan.jpeg 1415w\" sizes=\"auto, (max-width: 724px) 100vw, 724px\" \/><\/figure>\n<\/div>\n\n\n<h2 class=\"wp-block-heading\">D\u00e9couvrez la gastronomie du Maghreb avec Les V\u00e9g&rsquo;Amis ! <\/h2>\n\n\n\n<p>Nous avons le plaisir de vous inviter \u00e0 un repas partag\u00e9 v\u00e9g\u00e9talien qui aura lieu dimanche 6 octobre \u00e0 la <strong>Maison de la Nature et de l\u2019Environnement de Pau<\/strong>. Ce sera l&rsquo;occasion parfaite pour d\u00e9couvrir et savourer ensemble les d\u00e9lices de la <strong>gastronomie des pays du Maghreb<\/strong>, en version 100% v\u00e9g\u00e9tale.<\/p>\n\n\n\n<h3 class=\"wp-block-heading\">Informations pratiques<\/h3>\n\n\n\n<ul class=\"wp-block-list\">\n<li><strong>Date<\/strong> : Dimanche 6 octobre<\/li>\n\n\n\n<li><strong>Lieu<\/strong> : <a href=\"https:\/\/lesvegamis.fr\/index.php\/2018\/10\/07\/la-mne\/\">Maison de la Nature et de l\u2019Environnement<\/a> de Pau &#8211; Domaine de Sers<\/li>\n\n\n\n<li><strong>Atelier<\/strong> : Rendez-vous \u00e0 <strong>10h30\/11h<\/strong><\/li>\n\n\n\n<li><strong>Repas<\/strong> : Rendez-vous \u00e0 <strong>12h30<\/strong>.<\/li>\n\n\n\n<li><strong>Th\u00e8me<\/strong> : Gastronomie du Maghreb<\/li>\n<\/ul>\n\n\n\n<h3 class=\"wp-block-heading\">Comment participer ? <\/h3>\n\n\n\n<p>C\u2019est simple ! Il suffit d&rsquo;arriver pour le repas \u00e0 l&rsquo;heure du rendez-vous avec un plat v\u00e9g\u00e9talien \u00e0 partager et profiter de cette belle occasion pour d\u00e9couvrir de nouvelles saveurs et faire de belles rencontres.<\/p>\n\n\n\n<p>Vous avez aussi la possibilit\u00e9 de venir d\u00e8s 10h30\/11h pour cuisiner un couscous avec B\u00e9n\u00e9dicte. Dans ce cas, vous n\u2019avez que des l\u00e9gumes \u00e0 amener. <\/p>\n\n\n\n<p>Afin que suffisamment de tables et de chaises soient pr\u00e9vues, merci de pr\u00e9venir de votre venue avant le 30 septembre en envoyant un message\u00a0<a href=\"https:\/\/lesvegamis.fr\/index.php\/nous-contacter\/\">sur nos r\u00e9seaux sociaux ou notre adresse mail ou \u00e0 notre num\u00e9ro de t\u00e9l\u00e9phone<\/a>.<\/p>\n\n\n\n<h3 class=\"wp-block-heading\">Que pouvez-vous apporter ?<\/h3>\n\n\n\n<p>Pour ce repas convivial, chaque participant est invit\u00e9 \u00e0 contribuer en apportant un plat \u00e0 partager. Nous vous sugg\u00e9rons quelques id\u00e9es inspir\u00e9es des saveurs riches et vari\u00e9es du Maghreb. Voici une liste d&rsquo;entr\u00e9es, plats et desserts v\u00e9g\u00e9taliens que vous pouvez pr\u00e9parer chez vous, en prenant soin d\u2019utiliser des alternatives v\u00e9g\u00e9taliennes lorsque n\u00e9cessaire.<\/p>\n\n\n\n<h3 class=\"wp-block-heading\"><strong>Entr\u00e9es :<\/strong><\/h3>\n\n\n\n<ul class=\"wp-block-list\">\n<li><strong><a href=\"https:\/\/www.marciatack.fr\/recette-slata-mechouia\/\">Salade m\u00e9chouia<\/a><\/strong> (Tunisie) : salade de poivrons, tomates, ail et oignons grill\u00e9s.<\/li>\n\n\n\n<li><strong><a href=\"https:\/\/vegan-pratique.fr\/recettes\/zaalouk-aubergines-a-marocaine\/\">Zaalouk<\/a><\/strong> (Maroc) : pur\u00e9e savoureuse d&rsquo;aubergines grill\u00e9es, m\u00e9lang\u00e9e \u00e0 des tomates, ail et \u00e9pices.<\/li>\n\n\n\n<li><a href=\"https:\/\/freethepickle.fr\/2021\/01\/29\/soupe-aux-pois-chiches-et-legumes-dhiver-facon-chorba\/\"><strong>Chorba<\/strong> <strong>hajala<\/strong><\/a> (Alg\u00e9rie) : soupe traditionnelle aux l\u00e9gumes, pois chiches et \u00e9pices.<\/li>\n\n\n\n<li><strong><a href=\"https:\/\/www.gourmandenise.fr\/salade-carottes-cumin\/\">Salade de carottes<\/a> <\/strong>(Maroc) : carottes assaisonn\u00e9es de cumin, citron et coriandre.<\/li>\n\n\n\n<li><strong><a href=\"https:\/\/miam.com\/recette-soupe-harira-vegane-aux-pst\">Harira<\/a><\/strong> (Maroc) : soupe \u00e0 base de lentilles, pois chiches et \u00e9pices.<\/li>\n\n\n\n<li><a href=\"https:\/\/www.undejeunerdesoleil.com\/2016\/07\/taktouka-salade-marocaine-poivrons-tomates.html\"><strong>Taktouka<\/strong> <\/a>(Maroc) : m\u00e9lange de poivrons et tomates cuits avec de l&rsquo;ail et des \u00e9pices.<\/li>\n\n\n\n<li><a href=\"https:\/\/vegan-pratique.fr\/recettes\/taboule-rapide\/\"><strong>Taboul\u00e9<\/strong> <\/a>: semoule de couscous avec persil, menthe, tomates, concombre et citron.<\/li>\n\n\n\n<li><strong><a href=\"https:\/\/francevegetalienne.fr\/plats-du-monde-aims-en-france\/2020\/10\/8\/brik-vgtalien-vegan\">Brick<\/a> farcies<\/strong> : croustillantes et savoureuses, garnies d\u2019un m\u00e9lange de l\u00e9gumes vari\u00e9s.<\/li>\n\n\n\n<li><strong><a href=\"https:\/\/cuillereetsaladier.blogspot.com\/2017\/03\/caviar-de-betterave.html\">Caviar de betterave<\/a><\/strong> (Alg\u00e9rie) : une pur\u00e9e de betteraves cuites avec de l&rsquo;ail et du vinaigre de cidre.<\/li>\n<\/ul>\n\n\n\n<h3 class=\"wp-block-heading\"><strong>Plats :<\/strong><\/h3>\n\n\n\n<ul class=\"wp-block-list\">\n<li><strong><a href=\"https:\/\/vegan-pratique.fr\/recettes\/couscous-aux-boulettes-de-pois-chiches\/\">Couscous<\/a> <\/strong>(Maroc, Alg\u00e9rie, Tunisie) : couscous aux l\u00e9gumes color\u00e9s et pois chiches.<\/li>\n\n\n\n<li><strong><a href=\"https:\/\/vegan-pratique.fr\/recettes\/tajine-aux-citrons-confits\/\">Tajine<\/a><\/strong> (Maroc) : mijot\u00e9 de l\u00e9gumes (potiron, carottes, courgettes) aux \u00e9pices marocaines.<\/li>\n\n\n\n<li><strong><a href=\"https:\/\/leplatdujour.tumblr.com\/post\/169660620347\/rfissa-vegan\">Rfissa<\/a><\/strong> (Maroc) : msemen \u00e9miett\u00e9 avec un rago\u00fbt de lentilles, d\u2019oignons et d&rsquo;\u00e9pices.<\/li>\n\n\n\n<li><strong><a href=\"https:\/\/maviesaineetmoi.com\/des-msemens-vegan-sans-ble-cest-possible\/\">Msemen<\/a><\/strong> (Maroc) : cr\u00eapes feuillet\u00e9es \u00e0 la semoule<\/li>\n\n\n\n<li><strong><a href=\"https:\/\/francevegetalienne.fr\/plats-du-monde-aims-en-france\/2021\/1\/14\/loubia-vgtalien-vegan\">Loubia<\/a><\/strong> (Alg\u00e9rie) : rago\u00fbt de haricots blancs, tomates et \u00e9pices.<\/li>\n\n\n\n<li><strong><a href=\"https:\/\/bevegan.be\/fr\/recette-chakchouka-avec-de-loeuf-sur-le-plat-vegane\/\">Chakchouka<\/a> <\/strong>(Tunisie) : rago\u00fbt de tomates, poivrons et oignons, v\u00e9ganis\u00e9 avec du tofu brouill\u00e9.<\/li>\n\n\n\n<li><strong>Mderbel<\/strong> (Alg\u00e9rie) : aubergines grill\u00e9es avec une sauce tomate \u00e0 l&rsquo;ail.<\/li>\n\n\n\n<li><strong>H\u2019rira<\/strong> (Alg\u00e9rie) : soupe aux lentilles et pois chiches.<\/li>\n\n\n\n<li><strong><a href=\"https:\/\/123veggie.fr\/recette\/dolma\/\">Dolma<\/a><\/strong> (Alg\u00e9rie) : l\u00e9gumes farcis au riz et aux \u00e9pices<\/li>\n<\/ul>\n\n\n\n<h3 class=\"wp-block-heading\"><strong>Desserts :<\/strong><\/h3>\n\n\n\n<ul class=\"wp-block-list\">\n<li><a href=\"https:\/\/vegan-pratique.fr\/recettes\/makrouts-aux-noix\/\"><strong>Makroud<\/strong> <\/a>: g\u00e2teau \u00e0 base de semoule, farci aux dattes et imbib\u00e9 de sirop \u00e0 la fleur d&rsquo;oranger. <\/li>\n\n\n\n<li><strong><a href=\"https:\/\/www.recettesvegetales.com\/ghriba-aux-amandes\/\">Ghriba<\/a><\/strong> : petits biscuits sabl\u00e9s aux amandes.<\/li>\n\n\n\n<li><strong>Sellou<\/strong> : dessert marocain fait \u00e0 base de farine torr\u00e9fi\u00e9e, d&rsquo;amandes et de graines de s\u00e9same. <\/li>\n\n\n\n<li><strong><a href=\"https:\/\/jenemangepasdegraines.webnode.fr\/products\/chebakia\/\">Chebakia<\/a><\/strong> : biscuits en forme de fleur frits et enrob\u00e9s de sirop d&rsquo;agave.<\/li>\n\n\n\n<li><strong><a href=\"https:\/\/francevegetalienne.fr\/plats-du-monde-aims-en-france\/2020\/5\/7\/zlabia-vgtalien-vegan\">Zlabia<\/a><\/strong> : p\u00e2tisserie faite de p\u00e2te frite tremp\u00e9e dans un sirop. <\/li>\n\n\n\n<li><strong><a href=\"https:\/\/miam.com\/recette-halva-vegan-a-la-semoule\">Halwa<\/a><\/strong> : dessert \u00e0 base de semoule et de fruits secs comme les amandes ou les pistaches. <\/li>\n\n\n\n<li><strong><a href=\"https:\/\/www.tambouilleetdelices.fr\/2014\/10\/19\/briouates-vegan-aux-dattes\/\">Briouates<\/a><\/strong> (Maroc) : feuilles de bricks fourr\u00e9es aux dates.<\/li>\n<\/ul>\n","protected":false},"excerpt":{"rendered":"<p>Les Veg\u2019Amis organisent un repas partag\u00e9 vegan sur la cuisine du Maghreb le 6 octobre \u00e0 12h30 \u00e0 la Maison de la Nature et de l\u2019Environnement, Pau. Apportez un plat vegan pour une d\u00e9couverte culinaire et des rencontres. Confirmez votre pr\u00e9sence via r\u00e9seaux sociaux, email ou t\u00e9l\u00e9phone.<\/p>\n","protected":false},"author":4,"featured_media":1960,"comment_status":"closed","ping_status":"closed","sticky":false,"template":"","format":"standard","meta":{"jetpack_post_was_ever_published":false,"_jetpack_newsletter_access":"","_jetpack_dont_email_post_to_subs":false,"_jetpack_newsletter_tier_id":0,"_jetpack_memberships_contains_paywalled_content":false,"_jetpack_memberships_contains_paid_content":false,"footnotes":""},"categories":[8],"tags":[23,22,21],"class_list":["post-1950","post","type-post","status-publish","format-standard","has-post-thumbnail","hentry","category-activites","tag-bearn","tag-pau","tag-vegan"],"yoast_head":"<!-- This site is optimized with the Yoast SEO plugin v27.5 - https:\/\/yoast.com\/product\/yoast-seo-wordpress\/ -->\n<title>Repas Partag\u00e9 V\u00e9g\u00e9talien \u00e0 Pau le 6 octobre - Les V\u00e9g&#039;Amis<\/title>\n<meta name=\"description\" content=\"Participez \u00e0 un repas partag\u00e9 v\u00e9g\u00e9talien sur le th\u00e8me de la gastronomie du Maghreb le dimanche 6 octobre et d\u00e9couvrez de nouvelles saveurs !\" \/>\n<meta name=\"robots\" content=\"index, follow, max-snippet:-1, max-image-preview:large, max-video-preview:-1\" \/>\n<link rel=\"canonical\" href=\"https:\/\/lesvegamis.fr\/index.php\/2024\/09\/10\/repas-vegan-a-pau-le-6-octobre\/\" \/>\n<meta property=\"og:locale\" content=\"fr_FR\" \/>\n<meta property=\"og:type\" content=\"article\" \/>\n<meta property=\"og:title\" content=\"Repas Partag\u00e9 V\u00e9g\u00e9talien \u00e0 Pau le 6 octobre - Les V\u00e9g&#039;Amis\" \/>\n<meta property=\"og:description\" content=\"Participez \u00e0 un repas partag\u00e9 v\u00e9g\u00e9talien sur le th\u00e8me de la gastronomie du Maghreb le dimanche 6 octobre et d\u00e9couvrez de nouvelles saveurs !\" \/>\n<meta property=\"og:url\" content=\"https:\/\/lesvegamis.fr\/index.php\/2024\/09\/10\/repas-vegan-a-pau-le-6-octobre\/\" \/>\n<meta property=\"og:site_name\" content=\"Les V\u00e9g&#039;Amis\" \/>\n<meta property=\"article:publisher\" content=\"https:\/\/www.facebook.com\/lesvegamis\/\" \/>\n<meta property=\"article:published_time\" content=\"2024-09-10T20:05:35+00:00\" \/>\n<meta property=\"article:modified_time\" content=\"2024-09-11T16:59:17+00:00\" \/>\n<meta property=\"og:image\" content=\"https:\/\/lesvegamis.fr\/wp-content\/uploads\/2024\/09\/Repas-vegan-1920-x-1080-px-2.jpeg\" \/>\n\t<meta property=\"og:image:width\" content=\"1920\" \/>\n\t<meta property=\"og:image:height\" content=\"1080\" \/>\n\t<meta property=\"og:image:type\" content=\"image\/jpeg\" \/>\n<meta name=\"author\" content=\"Marie-Anne\" \/>\n<meta name=\"twitter:card\" content=\"summary_large_image\" \/>\n<meta name=\"twitter:label1\" content=\"\u00c9crit par\" \/>\n\t<meta name=\"twitter:data1\" content=\"Marie-Anne\" \/>\n\t<meta name=\"twitter:label2\" content=\"Dur\u00e9e de lecture estim\u00e9e\" \/>\n\t<meta name=\"twitter:data2\" content=\"4 minutes\" \/>\n<script type=\"application\/ld+json\" class=\"yoast-schema-graph\">{\"@context\":\"https:\\\/\\\/schema.org\",\"@graph\":[{\"@type\":\"Article\",\"@id\":\"https:\\\/\\\/lesvegamis.fr\\\/index.php\\\/2024\\\/09\\\/10\\\/repas-vegan-a-pau-le-6-octobre\\\/#article\",\"isPartOf\":{\"@id\":\"https:\\\/\\\/lesvegamis.fr\\\/index.php\\\/2024\\\/09\\\/10\\\/repas-vegan-a-pau-le-6-octobre\\\/\"},\"author\":{\"name\":\"Marie-Anne\",\"@id\":\"https:\\\/\\\/lesvegamis.fr\\\/#\\\/schema\\\/person\\\/ccad9a46c7b4719c8ab8a54279c927a0\"},\"headline\":\"Repas Partag\u00e9 V\u00e9g\u00e9talien \u00e0 Pau le 6 octobre\",\"datePublished\":\"2024-09-10T20:05:35+00:00\",\"dateModified\":\"2024-09-11T16:59:17+00:00\",\"mainEntityOfPage\":{\"@id\":\"https:\\\/\\\/lesvegamis.fr\\\/index.php\\\/2024\\\/09\\\/10\\\/repas-vegan-a-pau-le-6-octobre\\\/\"},\"wordCount\":604,\"publisher\":{\"@id\":\"https:\\\/\\\/lesvegamis.fr\\\/#organization\"},\"image\":{\"@id\":\"https:\\\/\\\/lesvegamis.fr\\\/index.php\\\/2024\\\/09\\\/10\\\/repas-vegan-a-pau-le-6-octobre\\\/#primaryimage\"},\"thumbnailUrl\":\"https:\\\/\\\/lesvegamis.fr\\\/wp-content\\\/uploads\\\/2024\\\/09\\\/Repas-vegan-1920-x-1080-px-2.jpeg\",\"keywords\":[\"B\u00e9arn\",\"pau\",\"Vegan\"],\"articleSection\":[\"Nos activit\u00e9s\"],\"inLanguage\":\"fr-FR\"},{\"@type\":\"WebPage\",\"@id\":\"https:\\\/\\\/lesvegamis.fr\\\/index.php\\\/2024\\\/09\\\/10\\\/repas-vegan-a-pau-le-6-octobre\\\/\",\"url\":\"https:\\\/\\\/lesvegamis.fr\\\/index.php\\\/2024\\\/09\\\/10\\\/repas-vegan-a-pau-le-6-octobre\\\/\",\"name\":\"Repas Partag\u00e9 V\u00e9g\u00e9talien \u00e0 Pau le 6 octobre - Les V\u00e9g&#039;Amis\",\"isPartOf\":{\"@id\":\"https:\\\/\\\/lesvegamis.fr\\\/#website\"},\"primaryImageOfPage\":{\"@id\":\"https:\\\/\\\/lesvegamis.fr\\\/index.php\\\/2024\\\/09\\\/10\\\/repas-vegan-a-pau-le-6-octobre\\\/#primaryimage\"},\"image\":{\"@id\":\"https:\\\/\\\/lesvegamis.fr\\\/index.php\\\/2024\\\/09\\\/10\\\/repas-vegan-a-pau-le-6-octobre\\\/#primaryimage\"},\"thumbnailUrl\":\"https:\\\/\\\/lesvegamis.fr\\\/wp-content\\\/uploads\\\/2024\\\/09\\\/Repas-vegan-1920-x-1080-px-2.jpeg\",\"datePublished\":\"2024-09-10T20:05:35+00:00\",\"dateModified\":\"2024-09-11T16:59:17+00:00\",\"description\":\"Participez \u00e0 un repas partag\u00e9 v\u00e9g\u00e9talien sur le th\u00e8me de la gastronomie du Maghreb le dimanche 6 octobre et d\u00e9couvrez de nouvelles saveurs !\",\"breadcrumb\":{\"@id\":\"https:\\\/\\\/lesvegamis.fr\\\/index.php\\\/2024\\\/09\\\/10\\\/repas-vegan-a-pau-le-6-octobre\\\/#breadcrumb\"},\"inLanguage\":\"fr-FR\",\"potentialAction\":[{\"@type\":\"ReadAction\",\"target\":[\"https:\\\/\\\/lesvegamis.fr\\\/index.php\\\/2024\\\/09\\\/10\\\/repas-vegan-a-pau-le-6-octobre\\\/\"]}]},{\"@type\":\"ImageObject\",\"inLanguage\":\"fr-FR\",\"@id\":\"https:\\\/\\\/lesvegamis.fr\\\/index.php\\\/2024\\\/09\\\/10\\\/repas-vegan-a-pau-le-6-octobre\\\/#primaryimage\",\"url\":\"https:\\\/\\\/lesvegamis.fr\\\/wp-content\\\/uploads\\\/2024\\\/09\\\/Repas-vegan-1920-x-1080-px-2.jpeg\",\"contentUrl\":\"https:\\\/\\\/lesvegamis.fr\\\/wp-content\\\/uploads\\\/2024\\\/09\\\/Repas-vegan-1920-x-1080-px-2.jpeg\",\"width\":1920,\"height\":1080},{\"@type\":\"BreadcrumbList\",\"@id\":\"https:\\\/\\\/lesvegamis.fr\\\/index.php\\\/2024\\\/09\\\/10\\\/repas-vegan-a-pau-le-6-octobre\\\/#breadcrumb\",\"itemListElement\":[{\"@type\":\"ListItem\",\"position\":1,\"name\":\"Accueil\",\"item\":\"https:\\\/\\\/lesvegamis.fr\\\/\"},{\"@type\":\"ListItem\",\"position\":2,\"name\":\"Repas Partag\u00e9 V\u00e9g\u00e9talien \u00e0 Pau le 6 octobre\"}]},{\"@type\":\"WebSite\",\"@id\":\"https:\\\/\\\/lesvegamis.fr\\\/#website\",\"url\":\"https:\\\/\\\/lesvegamis.fr\\\/\",\"name\":\"Les V\u00e9g'Amis\",\"description\":\"L&#039;association v\u00e9gane de Pau\",\"publisher\":{\"@id\":\"https:\\\/\\\/lesvegamis.fr\\\/#organization\"},\"potentialAction\":[{\"@type\":\"SearchAction\",\"target\":{\"@type\":\"EntryPoint\",\"urlTemplate\":\"https:\\\/\\\/lesvegamis.fr\\\/?s={search_term_string}\"},\"query-input\":{\"@type\":\"PropertyValueSpecification\",\"valueRequired\":true,\"valueName\":\"search_term_string\"}}],\"inLanguage\":\"fr-FR\"},{\"@type\":\"Organization\",\"@id\":\"https:\\\/\\\/lesvegamis.fr\\\/#organization\",\"name\":\"Association vegan de Pau Les V\u00e9g'Amis\",\"url\":\"https:\\\/\\\/lesvegamis.fr\\\/\",\"logo\":{\"@type\":\"ImageObject\",\"inLanguage\":\"fr-FR\",\"@id\":\"https:\\\/\\\/lesvegamis.fr\\\/#\\\/schema\\\/logo\\\/image\\\/\",\"url\":\"https:\\\/\\\/lesvegamis.fr\\\/wp-content\\\/uploads\\\/2022\\\/12\\\/cropped-logo-couleur-nom-1.png\",\"contentUrl\":\"https:\\\/\\\/lesvegamis.fr\\\/wp-content\\\/uploads\\\/2022\\\/12\\\/cropped-logo-couleur-nom-1.png\",\"width\":192,\"height\":288,\"caption\":\"Association vegan de Pau Les V\u00e9g'Amis\"},\"image\":{\"@id\":\"https:\\\/\\\/lesvegamis.fr\\\/#\\\/schema\\\/logo\\\/image\\\/\"},\"sameAs\":[\"https:\\\/\\\/www.facebook.com\\\/lesvegamis\\\/\",\"https:\\\/\\\/www.instagram.com\\\/lesvegamis\\\/\"]},{\"@type\":\"Person\",\"@id\":\"https:\\\/\\\/lesvegamis.fr\\\/#\\\/schema\\\/person\\\/ccad9a46c7b4719c8ab8a54279c927a0\",\"name\":\"Marie-Anne\",\"image\":{\"@type\":\"ImageObject\",\"inLanguage\":\"fr-FR\",\"@id\":\"https:\\\/\\\/secure.gravatar.com\\\/avatar\\\/f0e2c2fc209c0f8c58558565ef6a29e43de2180dc263c0a1cffe3a505c799071?s=96&d=identicon&r=g\",\"url\":\"https:\\\/\\\/secure.gravatar.com\\\/avatar\\\/f0e2c2fc209c0f8c58558565ef6a29e43de2180dc263c0a1cffe3a505c799071?s=96&d=identicon&r=g\",\"contentUrl\":\"https:\\\/\\\/secure.gravatar.com\\\/avatar\\\/f0e2c2fc209c0f8c58558565ef6a29e43de2180dc263c0a1cffe3a505c799071?s=96&d=identicon&r=g\",\"caption\":\"Marie-Anne\"},\"sameAs\":[\"https:\\\/\\\/lesvegamis.fr\\\/\"],\"url\":\"https:\\\/\\\/lesvegamis.fr\\\/index.php\\\/author\\\/lesvegamis-editeur\\\/\"}]}<\/script>\n<!-- \/ Yoast SEO plugin. -->","yoast_head_json":{"title":"Repas Partag\u00e9 V\u00e9g\u00e9talien \u00e0 Pau le 6 octobre - Les V\u00e9g&#039;Amis","description":"Participez \u00e0 un repas partag\u00e9 v\u00e9g\u00e9talien sur le th\u00e8me de la gastronomie du Maghreb le dimanche 6 octobre et d\u00e9couvrez de nouvelles saveurs !","robots":{"index":"index","follow":"follow","max-snippet":"max-snippet:-1","max-image-preview":"max-image-preview:large","max-video-preview":"max-video-preview:-1"},"canonical":"https:\/\/lesvegamis.fr\/index.php\/2024\/09\/10\/repas-vegan-a-pau-le-6-octobre\/","og_locale":"fr_FR","og_type":"article","og_title":"Repas Partag\u00e9 V\u00e9g\u00e9talien \u00e0 Pau le 6 octobre - Les V\u00e9g&#039;Amis","og_description":"Participez \u00e0 un repas partag\u00e9 v\u00e9g\u00e9talien sur le th\u00e8me de la gastronomie du Maghreb le dimanche 6 octobre et d\u00e9couvrez de nouvelles saveurs !","og_url":"https:\/\/lesvegamis.fr\/index.php\/2024\/09\/10\/repas-vegan-a-pau-le-6-octobre\/","og_site_name":"Les V\u00e9g&#039;Amis","article_publisher":"https:\/\/www.facebook.com\/lesvegamis\/","article_published_time":"2024-09-10T20:05:35+00:00","article_modified_time":"2024-09-11T16:59:17+00:00","og_image":[{"width":1920,"height":1080,"url":"https:\/\/lesvegamis.fr\/wp-content\/uploads\/2024\/09\/Repas-vegan-1920-x-1080-px-2.jpeg","type":"image\/jpeg"}],"author":"Marie-Anne","twitter_card":"summary_large_image","twitter_misc":{"\u00c9crit par":"Marie-Anne","Dur\u00e9e de lecture estim\u00e9e":"4 minutes"},"schema":{"@context":"https:\/\/schema.org","@graph":[{"@type":"Article","@id":"https:\/\/lesvegamis.fr\/index.php\/2024\/09\/10\/repas-vegan-a-pau-le-6-octobre\/#article","isPartOf":{"@id":"https:\/\/lesvegamis.fr\/index.php\/2024\/09\/10\/repas-vegan-a-pau-le-6-octobre\/"},"author":{"name":"Marie-Anne","@id":"https:\/\/lesvegamis.fr\/#\/schema\/person\/ccad9a46c7b4719c8ab8a54279c927a0"},"headline":"Repas Partag\u00e9 V\u00e9g\u00e9talien \u00e0 Pau le 6 octobre","datePublished":"2024-09-10T20:05:35+00:00","dateModified":"2024-09-11T16:59:17+00:00","mainEntityOfPage":{"@id":"https:\/\/lesvegamis.fr\/index.php\/2024\/09\/10\/repas-vegan-a-pau-le-6-octobre\/"},"wordCount":604,"publisher":{"@id":"https:\/\/lesvegamis.fr\/#organization"},"image":{"@id":"https:\/\/lesvegamis.fr\/index.php\/2024\/09\/10\/repas-vegan-a-pau-le-6-octobre\/#primaryimage"},"thumbnailUrl":"https:\/\/lesvegamis.fr\/wp-content\/uploads\/2024\/09\/Repas-vegan-1920-x-1080-px-2.jpeg","keywords":["B\u00e9arn","pau","Vegan"],"articleSection":["Nos activit\u00e9s"],"inLanguage":"fr-FR"},{"@type":"WebPage","@id":"https:\/\/lesvegamis.fr\/index.php\/2024\/09\/10\/repas-vegan-a-pau-le-6-octobre\/","url":"https:\/\/lesvegamis.fr\/index.php\/2024\/09\/10\/repas-vegan-a-pau-le-6-octobre\/","name":"Repas Partag\u00e9 V\u00e9g\u00e9talien \u00e0 Pau le 6 octobre - Les V\u00e9g&#039;Amis","isPartOf":{"@id":"https:\/\/lesvegamis.fr\/#website"},"primaryImageOfPage":{"@id":"https:\/\/lesvegamis.fr\/index.php\/2024\/09\/10\/repas-vegan-a-pau-le-6-octobre\/#primaryimage"},"image":{"@id":"https:\/\/lesvegamis.fr\/index.php\/2024\/09\/10\/repas-vegan-a-pau-le-6-octobre\/#primaryimage"},"thumbnailUrl":"https:\/\/lesvegamis.fr\/wp-content\/uploads\/2024\/09\/Repas-vegan-1920-x-1080-px-2.jpeg","datePublished":"2024-09-10T20:05:35+00:00","dateModified":"2024-09-11T16:59:17+00:00","description":"Participez \u00e0 un repas partag\u00e9 v\u00e9g\u00e9talien sur le th\u00e8me de la gastronomie du Maghreb le dimanche 6 octobre et d\u00e9couvrez de nouvelles saveurs !","breadcrumb":{"@id":"https:\/\/lesvegamis.fr\/index.php\/2024\/09\/10\/repas-vegan-a-pau-le-6-octobre\/#breadcrumb"},"inLanguage":"fr-FR","potentialAction":[{"@type":"ReadAction","target":["https:\/\/lesvegamis.fr\/index.php\/2024\/09\/10\/repas-vegan-a-pau-le-6-octobre\/"]}]},{"@type":"ImageObject","inLanguage":"fr-FR","@id":"https:\/\/lesvegamis.fr\/index.php\/2024\/09\/10\/repas-vegan-a-pau-le-6-octobre\/#primaryimage","url":"https:\/\/lesvegamis.fr\/wp-content\/uploads\/2024\/09\/Repas-vegan-1920-x-1080-px-2.jpeg","contentUrl":"https:\/\/lesvegamis.fr\/wp-content\/uploads\/2024\/09\/Repas-vegan-1920-x-1080-px-2.jpeg","width":1920,"height":1080},{"@type":"BreadcrumbList","@id":"https:\/\/lesvegamis.fr\/index.php\/2024\/09\/10\/repas-vegan-a-pau-le-6-octobre\/#breadcrumb","itemListElement":[{"@type":"ListItem","position":1,"name":"Accueil","item":"https:\/\/lesvegamis.fr\/"},{"@type":"ListItem","position":2,"name":"Repas Partag\u00e9 V\u00e9g\u00e9talien \u00e0 Pau le 6 octobre"}]},{"@type":"WebSite","@id":"https:\/\/lesvegamis.fr\/#website","url":"https:\/\/lesvegamis.fr\/","name":"Les V\u00e9g'Amis","description":"L&#039;association v\u00e9gane de Pau","publisher":{"@id":"https:\/\/lesvegamis.fr\/#organization"},"potentialAction":[{"@type":"SearchAction","target":{"@type":"EntryPoint","urlTemplate":"https:\/\/lesvegamis.fr\/?s={search_term_string}"},"query-input":{"@type":"PropertyValueSpecification","valueRequired":true,"valueName":"search_term_string"}}],"inLanguage":"fr-FR"},{"@type":"Organization","@id":"https:\/\/lesvegamis.fr\/#organization","name":"Association vegan de Pau Les V\u00e9g'Amis","url":"https:\/\/lesvegamis.fr\/","logo":{"@type":"ImageObject","inLanguage":"fr-FR","@id":"https:\/\/lesvegamis.fr\/#\/schema\/logo\/image\/","url":"https:\/\/lesvegamis.fr\/wp-content\/uploads\/2022\/12\/cropped-logo-couleur-nom-1.png","contentUrl":"https:\/\/lesvegamis.fr\/wp-content\/uploads\/2022\/12\/cropped-logo-couleur-nom-1.png","width":192,"height":288,"caption":"Association vegan de Pau Les V\u00e9g'Amis"},"image":{"@id":"https:\/\/lesvegamis.fr\/#\/schema\/logo\/image\/"},"sameAs":["https:\/\/www.facebook.com\/lesvegamis\/","https:\/\/www.instagram.com\/lesvegamis\/"]},{"@type":"Person","@id":"https:\/\/lesvegamis.fr\/#\/schema\/person\/ccad9a46c7b4719c8ab8a54279c927a0","name":"Marie-Anne","image":{"@type":"ImageObject","inLanguage":"fr-FR","@id":"https:\/\/secure.gravatar.com\/avatar\/f0e2c2fc209c0f8c58558565ef6a29e43de2180dc263c0a1cffe3a505c799071?s=96&d=identicon&r=g","url":"https:\/\/secure.gravatar.com\/avatar\/f0e2c2fc209c0f8c58558565ef6a29e43de2180dc263c0a1cffe3a505c799071?s=96&d=identicon&r=g","contentUrl":"https:\/\/secure.gravatar.com\/avatar\/f0e2c2fc209c0f8c58558565ef6a29e43de2180dc263c0a1cffe3a505c799071?s=96&d=identicon&r=g","caption":"Marie-Anne"},"sameAs":["https:\/\/lesvegamis.fr\/"],"url":"https:\/\/lesvegamis.fr\/index.php\/author\/lesvegamis-editeur\/"}]}},"jetpack_featured_media_url":"https:\/\/lesvegamis.fr\/wp-content\/uploads\/2024\/09\/Repas-vegan-1920-x-1080-px-2.jpeg","jetpack_sharing_enabled":true,"_links":{"self":[{"href":"https:\/\/lesvegamis.fr\/index.php\/wp-json\/wp\/v2\/posts\/1950","targetHints":{"allow":["GET"]}}],"collection":[{"href":"https:\/\/lesvegamis.fr\/index.php\/wp-json\/wp\/v2\/posts"}],"about":[{"href":"https:\/\/lesvegamis.fr\/index.php\/wp-json\/wp\/v2\/types\/post"}],"author":[{"embeddable":true,"href":"https:\/\/lesvegamis.fr\/index.php\/wp-json\/wp\/v2\/users\/4"}],"replies":[{"embeddable":true,"href":"https:\/\/lesvegamis.fr\/index.php\/wp-json\/wp\/v2\/comments?post=1950"}],"version-history":[{"count":6,"href":"https:\/\/lesvegamis.fr\/index.php\/wp-json\/wp\/v2\/posts\/1950\/revisions"}],"predecessor-version":[{"id":1962,"href":"https:\/\/lesvegamis.fr\/index.php\/wp-json\/wp\/v2\/posts\/1950\/revisions\/1962"}],"wp:featuredmedia":[{"embeddable":true,"href":"https:\/\/lesvegamis.fr\/index.php\/wp-json\/wp\/v2\/media\/1960"}],"wp:attachment":[{"href":"https:\/\/lesvegamis.fr\/index.php\/wp-json\/wp\/v2\/media?parent=1950"}],"wp:term":[{"taxonomy":"category","embeddable":true,"href":"https:\/\/lesvegamis.fr\/index.php\/wp-json\/wp\/v2\/categories?post=1950"},{"taxonomy":"post_tag","embeddable":true,"href":"https:\/\/lesvegamis.fr\/index.php\/wp-json\/wp\/v2\/tags?post=1950"}],"curies":[{"name":"wp","href":"https:\/\/api.w.org\/{rel}","templated":true}]}}