{"id":2008,"date":"2025-03-09T21:27:25","date_gmt":"2025-03-09T20:27:25","guid":{"rendered":"https:\/\/lesvegamis.fr\/?p=2008"},"modified":"2026-02-08T13:55:00","modified_gmt":"2026-02-08T12:55:00","slug":"repas-vegan-nordique-dimanche-6-avril-a-la-mne","status":"publish","type":"post","link":"https:\/\/lesvegamis.fr\/index.php\/2025\/03\/09\/repas-vegan-nordique-dimanche-6-avril-a-la-mne\/","title":{"rendered":"Repas vegan Nordique\u00a0dimanche 6 avril \u00e0 la MNE"},"content":{"rendered":"\n<p><strong>D\u00e9couvrez les saveurs Scandinaves avec Les Veg\u2019Amis !<\/strong><\/p>\n\n\n\n<p>Nous sommes ravis de vous inviter \u00e0 notre prochain repas partag\u00e9 vegan, qui aura lieu le&nbsp;<strong>dimanche 6 avril \u00e0 12h30<\/strong>&nbsp;\u00e0 la&nbsp;<strong>Maison de la Nature et de l\u2019Environnement (MNE) de Pau<\/strong>. Cette fois, direction le Grand Nord avec un th\u00e8me inspir\u00e9 de la cuisine&nbsp;<strong>scandinave<\/strong>&nbsp;!<\/p>\n\n\n\n<p><strong>Pourquoi la Cuisine Scandinave ?<\/strong><\/p>\n\n\n\n<p>La cuisine scandinave \u00e9voque des saveurs simples et raffin\u00e9es, mettant en avant des produits frais et naturels. L\u00e9gumes-racines, c\u00e9r\u00e9ales, baies, champignons et algues sont \u00e0 l\u2019honneur, offrant une diversit\u00e9 de plats \u00e9quilibr\u00e9s et savoureux. En version v\u00e9g\u00e9tale, elle se r\u00e9invente tout en conservant son authenticit\u00e9.<\/p>\n\n\n\n<p><strong>Comment Participer ?<\/strong><\/p>\n\n\n\n<p>C\u2019est tr\u00e8s simple ! Il suffit d\u2019apporter&nbsp;<strong>un plat v\u00e9g\u00e9talien inspir\u00e9 de la cuisine scandinave<\/strong>&nbsp;\u00e0 partager avec le groupe. C\u2019est une belle occasion de go\u00fbter de nouvelles saveurs et de passer un moment convivial avec d\u2019autres passionn\u00e9s de cuisine v\u00e9g\u00e9tale.<\/p>\n\n\n\n<p>Afin de pr\u00e9voir suffisamment de places, merci de&nbsp;<strong>confirmer votre pr\u00e9sence avant le 4 avril<\/strong>&nbsp;en nous contactant via nos r\u00e9seaux sociaux, notre adresse e-mail ou notre num\u00e9ro de t\u00e9l\u00e9phone.<\/p>\n\n\n\n<p><strong>Infos Pratiques<\/strong><\/p>\n\n\n\n<p>\u2022 <strong>Date<\/strong>&nbsp;: Dimanche 6 avril 2025<\/p>\n\n\n\n<p>\u2022 <strong>Heure<\/strong>&nbsp;: 12h30<\/p>\n\n\n\n<p>\u2022 <strong>Lieu<\/strong>&nbsp;: Maison de la Nature et de l\u2019Environnement (MNE) de Pau<\/p>\n\n\n\n<p>\u2022 <strong>Adresse<\/strong>&nbsp;: Domaine de Sers<\/p>\n\n\n\n<p>Rejoignez-nous pour un moment de partage et de d\u00e9couverte culinaire. Nous avons h\u00e2te de vous retrouver autour de d\u00e9licieux plats nordiques !<\/p>\n\n\n\n<p><strong>Quoi apporter ?<\/strong><\/p>\n\n\n\n<p>\u2022 <strong>Vos couverts r\u00e9utilisables<\/strong>&nbsp;: assiette, couverts, verre, tasse ou gobelet.<\/p>\n\n\n\n<p>\u2022 <strong>Un plat v\u00e9g\u00e9talien inspir\u00e9 du th\u00e8me<\/strong>&nbsp;: une entr\u00e9e, un plat ou un dessert, selon votre inspiration ! Attention \u00e0 respecter les crit\u00e8res de la cuisine v\u00e9g\u00e9talienne (sans chair animale, \u0153ufs, produits laitiers ou miel).<\/p>\n\n\n\n<p><strong>En manque d\u2019inspiration ?<\/strong><\/p>\n\n\n\n<p>Voici quelques id\u00e9es de plats scandinaves que vous pouvez adapter en version v\u00e9g\u00e9tale :<\/p>\n\n\n\n<p><strong>Entr\u00e9es et accompagnements<\/strong><\/p>\n\n\n\n<p>\u2022 Sm\u00f8rrebr\u00f8d aux l\u00e9gumes et houmous (tartines danoises)<\/p>\n\n\n\n<p>\u2022 Pickles de l\u00e9gumes nordiques<\/p>\n\n\n\n<p>\u2022 Pain de seigle su\u00e9dois (Kn\u00e4ckebr\u00f6d)<\/p>\n\n\n\n<p>\u2022 Salade de pommes de terre \u00e0 l\u2019aneth<\/p>\n\n\n\n<p>\u2022 Soupe de betteraves (R\u00f6dbetssoppa)<\/p>\n\n\n\n<p>\u2022 Caviar d\u2019algues fa\u00e7on \u201ccaviar v\u00e9g\u00e9tal\u201d<\/p>\n\n\n\n<p><strong>Plats<\/strong><\/p>\n\n\n\n<p>\u2022 Rago\u00fbt de l\u00e9gumes nordique (inspir\u00e9 du lapskaus)<\/p>\n\n\n\n<p>\u2022 Boulettes aux \u00e9pices nordiques<\/p>\n\n\n\n<p>\u2022 P\u00e2t\u00e9 forestier aux champignons et noisettes<\/p>\n\n\n\n<p>\u2022 Tofu marin\u00e9 \u00e0 la moutarde et \u00e0 l\u2019aneth<\/p>\n\n\n\n<p>\u2022 Chou rouge brais\u00e9 aux pommes<\/p>\n\n\n\n<p>\u2022 Pommes de terre r\u00f4ties au fenouil et \u00e0 l\u2019aneth<\/p>\n\n\n\n<p><strong>Desserts<\/strong><\/p>\n\n\n\n<p>\u2022 Kanelbullar (roul\u00e9s \u00e0 la cannelle su\u00e9dois)<\/p>\n\n\n\n<p>\u2022 Kladdkaka (g\u00e2teau au chocolat su\u00e9dois)<\/p>\n\n\n\n<p>\u2022 Pudding de semoule aux baies nordiques<\/p>\n\n\n\n<p>\u2022 Compote de pommes et airelles<\/p>\n\n\n\n<p>\u2022 Biscuits sabl\u00e9s \u00e0 la cardamome<\/p>\n\n\n\n<p>\u2022 Riz au lait de coco et \u00e9pices nordiques<\/p>\n\n\n\n<p><strong>Pourquoi Rejoindre Les Veg\u2019Amis ?<\/strong><\/p>\n\n\n\n<p>Les Veg\u2019Amis est une association qui rassemble des passionn\u00e9s de cuisine v\u00e9g\u00e9tale et de protection animale. Nos repas partag\u00e9s sont l\u2019occasion id\u00e9ale de d\u00e9couvrir des gastronomies du monde, d\u2019\u00e9changer des recettes et de partager un moment convivial autour de nos valeurs communes.<\/p>\n\n\n\n<p>Nous vous attendons nombreux pour ce voyage culinaire en terres nordiques !<\/p>\n\n\n\n<figure class=\"wp-block-image size-large\"><img loading=\"lazy\" decoding=\"async\" width=\"724\" height=\"1024\" src=\"https:\/\/lesvegamis.fr\/wp-content\/uploads\/2025\/03\/VegAmis-2025-3-724x1024.jpeg\" alt=\"\" class=\"wp-image-2009\" srcset=\"https:\/\/lesvegamis.fr\/wp-content\/uploads\/2025\/03\/VegAmis-2025-3-724x1024.jpeg 724w, https:\/\/lesvegamis.fr\/wp-content\/uploads\/2025\/03\/VegAmis-2025-3-212x300.jpeg 212w, https:\/\/lesvegamis.fr\/wp-content\/uploads\/2025\/03\/VegAmis-2025-3-768x1086.jpeg 768w, https:\/\/lesvegamis.fr\/wp-content\/uploads\/2025\/03\/VegAmis-2025-3-1087x1536.jpeg 1087w, https:\/\/lesvegamis.fr\/wp-content\/uploads\/2025\/03\/VegAmis-2025-3-1320x1866.jpeg 1320w, https:\/\/lesvegamis.fr\/wp-content\/uploads\/2025\/03\/VegAmis-2025-3.jpeg 1415w\" sizes=\"auto, (max-width: 724px) 100vw, 724px\" \/><\/figure>\n\n\n\n<p><\/p>\n","protected":false},"excerpt":{"rendered":"<p>D\u00e9couvrez les saveurs Scandinaves avec Les Veg\u2019Amis ! Nous sommes ravis de vous inviter \u00e0 notre prochain repas partag\u00e9 vegan, qui aura lieu le&nbsp;dimanche 6 avril \u00e0 12h30&nbsp;\u00e0 la&nbsp;Maison de&#8230; <a class=\"read-more\" href=\"https:\/\/lesvegamis.fr\/index.php\/2025\/03\/09\/repas-vegan-nordique-dimanche-6-avril-a-la-mne\/\">[Continuer la lecture]<\/a><\/p>\n","protected":false},"author":4,"featured_media":2009,"comment_status":"closed","ping_status":"closed","sticky":false,"template":"","format":"standard","meta":{"jetpack_post_was_ever_published":false,"_jetpack_newsletter_access":"","_jetpack_dont_email_post_to_subs":false,"_jetpack_newsletter_tier_id":0,"_jetpack_memberships_contains_paywalled_content":false,"_jetpack_memberships_contains_paid_content":false,"footnotes":""},"categories":[8],"tags":[23,22,21],"class_list":["post-2008","post","type-post","status-publish","format-standard","has-post-thumbnail","hentry","category-activites","tag-bearn","tag-pau","tag-vegan"],"yoast_head":"<!-- This site is optimized with the Yoast SEO plugin v27.5 - https:\/\/yoast.com\/product\/yoast-seo-wordpress\/ -->\n<title>Repas vegan Nordique\u00a0dimanche 6 avril \u00e0 la MNE - Les V\u00e9g&#039;Amis<\/title>\n<meta name=\"robots\" content=\"index, follow, max-snippet:-1, max-image-preview:large, max-video-preview:-1\" \/>\n<link rel=\"canonical\" href=\"https:\/\/lesvegamis.fr\/index.php\/2025\/03\/09\/repas-vegan-nordique-dimanche-6-avril-a-la-mne\/\" \/>\n<meta property=\"og:locale\" content=\"fr_FR\" \/>\n<meta property=\"og:type\" content=\"article\" \/>\n<meta property=\"og:title\" content=\"Repas vegan Nordique\u00a0dimanche 6 avril \u00e0 la MNE - Les V\u00e9g&#039;Amis\" \/>\n<meta property=\"og:description\" content=\"D\u00e9couvrez les saveurs Scandinaves avec Les Veg\u2019Amis ! Nous sommes ravis de vous inviter \u00e0 notre prochain repas partag\u00e9 vegan, qui aura lieu le&nbsp;dimanche 6 avril \u00e0 12h30&nbsp;\u00e0 la&nbsp;Maison de... [Continuer la lecture]\" \/>\n<meta property=\"og:url\" content=\"https:\/\/lesvegamis.fr\/index.php\/2025\/03\/09\/repas-vegan-nordique-dimanche-6-avril-a-la-mne\/\" \/>\n<meta property=\"og:site_name\" content=\"Les V\u00e9g&#039;Amis\" \/>\n<meta property=\"article:publisher\" content=\"https:\/\/www.facebook.com\/lesvegamis\/\" \/>\n<meta property=\"article:published_time\" content=\"2025-03-09T20:27:25+00:00\" \/>\n<meta property=\"article:modified_time\" content=\"2026-02-08T12:55:00+00:00\" \/>\n<meta property=\"og:image\" content=\"https:\/\/lesvegamis.fr\/wp-content\/uploads\/2025\/03\/VegAmis-2025-3.jpeg\" \/>\n\t<meta property=\"og:image:width\" content=\"1415\" \/>\n\t<meta property=\"og:image:height\" content=\"2000\" \/>\n\t<meta property=\"og:image:type\" content=\"image\/jpeg\" \/>\n<meta name=\"author\" content=\"Marie-Anne\" \/>\n<meta name=\"twitter:card\" content=\"summary_large_image\" \/>\n<meta name=\"twitter:label1\" content=\"\u00c9crit par\" \/>\n\t<meta name=\"twitter:data1\" content=\"Marie-Anne\" \/>\n\t<meta name=\"twitter:label2\" content=\"Dur\u00e9e de lecture estim\u00e9e\" \/>\n\t<meta name=\"twitter:data2\" content=\"3 minutes\" \/>\n<script type=\"application\/ld+json\" class=\"yoast-schema-graph\">{\"@context\":\"https:\\\/\\\/schema.org\",\"@graph\":[{\"@type\":\"Article\",\"@id\":\"https:\\\/\\\/lesvegamis.fr\\\/index.php\\\/2025\\\/03\\\/09\\\/repas-vegan-nordique-dimanche-6-avril-a-la-mne\\\/#article\",\"isPartOf\":{\"@id\":\"https:\\\/\\\/lesvegamis.fr\\\/index.php\\\/2025\\\/03\\\/09\\\/repas-vegan-nordique-dimanche-6-avril-a-la-mne\\\/\"},\"author\":{\"name\":\"Marie-Anne\",\"@id\":\"https:\\\/\\\/lesvegamis.fr\\\/#\\\/schema\\\/person\\\/ccad9a46c7b4719c8ab8a54279c927a0\"},\"headline\":\"Repas vegan Nordique\u00a0dimanche 6 avril \u00e0 la MNE\",\"datePublished\":\"2025-03-09T20:27:25+00:00\",\"dateModified\":\"2026-02-08T12:55:00+00:00\",\"mainEntityOfPage\":{\"@id\":\"https:\\\/\\\/lesvegamis.fr\\\/index.php\\\/2025\\\/03\\\/09\\\/repas-vegan-nordique-dimanche-6-avril-a-la-mne\\\/\"},\"wordCount\":535,\"publisher\":{\"@id\":\"https:\\\/\\\/lesvegamis.fr\\\/#organization\"},\"image\":{\"@id\":\"https:\\\/\\\/lesvegamis.fr\\\/index.php\\\/2025\\\/03\\\/09\\\/repas-vegan-nordique-dimanche-6-avril-a-la-mne\\\/#primaryimage\"},\"thumbnailUrl\":\"https:\\\/\\\/lesvegamis.fr\\\/wp-content\\\/uploads\\\/2025\\\/03\\\/VegAmis-2025-3.jpeg\",\"keywords\":[\"B\u00e9arn\",\"pau\",\"Vegan\"],\"articleSection\":[\"Nos activit\u00e9s\"],\"inLanguage\":\"fr-FR\"},{\"@type\":\"WebPage\",\"@id\":\"https:\\\/\\\/lesvegamis.fr\\\/index.php\\\/2025\\\/03\\\/09\\\/repas-vegan-nordique-dimanche-6-avril-a-la-mne\\\/\",\"url\":\"https:\\\/\\\/lesvegamis.fr\\\/index.php\\\/2025\\\/03\\\/09\\\/repas-vegan-nordique-dimanche-6-avril-a-la-mne\\\/\",\"name\":\"Repas vegan Nordique\u00a0dimanche 6 avril \u00e0 la MNE - Les V\u00e9g&#039;Amis\",\"isPartOf\":{\"@id\":\"https:\\\/\\\/lesvegamis.fr\\\/#website\"},\"primaryImageOfPage\":{\"@id\":\"https:\\\/\\\/lesvegamis.fr\\\/index.php\\\/2025\\\/03\\\/09\\\/repas-vegan-nordique-dimanche-6-avril-a-la-mne\\\/#primaryimage\"},\"image\":{\"@id\":\"https:\\\/\\\/lesvegamis.fr\\\/index.php\\\/2025\\\/03\\\/09\\\/repas-vegan-nordique-dimanche-6-avril-a-la-mne\\\/#primaryimage\"},\"thumbnailUrl\":\"https:\\\/\\\/lesvegamis.fr\\\/wp-content\\\/uploads\\\/2025\\\/03\\\/VegAmis-2025-3.jpeg\",\"datePublished\":\"2025-03-09T20:27:25+00:00\",\"dateModified\":\"2026-02-08T12:55:00+00:00\",\"breadcrumb\":{\"@id\":\"https:\\\/\\\/lesvegamis.fr\\\/index.php\\\/2025\\\/03\\\/09\\\/repas-vegan-nordique-dimanche-6-avril-a-la-mne\\\/#breadcrumb\"},\"inLanguage\":\"fr-FR\",\"potentialAction\":[{\"@type\":\"ReadAction\",\"target\":[\"https:\\\/\\\/lesvegamis.fr\\\/index.php\\\/2025\\\/03\\\/09\\\/repas-vegan-nordique-dimanche-6-avril-a-la-mne\\\/\"]}]},{\"@type\":\"ImageObject\",\"inLanguage\":\"fr-FR\",\"@id\":\"https:\\\/\\\/lesvegamis.fr\\\/index.php\\\/2025\\\/03\\\/09\\\/repas-vegan-nordique-dimanche-6-avril-a-la-mne\\\/#primaryimage\",\"url\":\"https:\\\/\\\/lesvegamis.fr\\\/wp-content\\\/uploads\\\/2025\\\/03\\\/VegAmis-2025-3.jpeg\",\"contentUrl\":\"https:\\\/\\\/lesvegamis.fr\\\/wp-content\\\/uploads\\\/2025\\\/03\\\/VegAmis-2025-3.jpeg\",\"width\":1415,\"height\":2000},{\"@type\":\"BreadcrumbList\",\"@id\":\"https:\\\/\\\/lesvegamis.fr\\\/index.php\\\/2025\\\/03\\\/09\\\/repas-vegan-nordique-dimanche-6-avril-a-la-mne\\\/#breadcrumb\",\"itemListElement\":[{\"@type\":\"ListItem\",\"position\":1,\"name\":\"Accueil\",\"item\":\"https:\\\/\\\/lesvegamis.fr\\\/\"},{\"@type\":\"ListItem\",\"position\":2,\"name\":\"Repas vegan Nordique\u00a0dimanche 6 avril \u00e0 la MNE\"}]},{\"@type\":\"WebSite\",\"@id\":\"https:\\\/\\\/lesvegamis.fr\\\/#website\",\"url\":\"https:\\\/\\\/lesvegamis.fr\\\/\",\"name\":\"Les V\u00e9g'Amis\",\"description\":\"L&#039;association v\u00e9gane de Pau\",\"publisher\":{\"@id\":\"https:\\\/\\\/lesvegamis.fr\\\/#organization\"},\"potentialAction\":[{\"@type\":\"SearchAction\",\"target\":{\"@type\":\"EntryPoint\",\"urlTemplate\":\"https:\\\/\\\/lesvegamis.fr\\\/?s={search_term_string}\"},\"query-input\":{\"@type\":\"PropertyValueSpecification\",\"valueRequired\":true,\"valueName\":\"search_term_string\"}}],\"inLanguage\":\"fr-FR\"},{\"@type\":\"Organization\",\"@id\":\"https:\\\/\\\/lesvegamis.fr\\\/#organization\",\"name\":\"Association vegan de Pau Les V\u00e9g'Amis\",\"url\":\"https:\\\/\\\/lesvegamis.fr\\\/\",\"logo\":{\"@type\":\"ImageObject\",\"inLanguage\":\"fr-FR\",\"@id\":\"https:\\\/\\\/lesvegamis.fr\\\/#\\\/schema\\\/logo\\\/image\\\/\",\"url\":\"https:\\\/\\\/lesvegamis.fr\\\/wp-content\\\/uploads\\\/2022\\\/12\\\/cropped-logo-couleur-nom-1.png\",\"contentUrl\":\"https:\\\/\\\/lesvegamis.fr\\\/wp-content\\\/uploads\\\/2022\\\/12\\\/cropped-logo-couleur-nom-1.png\",\"width\":192,\"height\":288,\"caption\":\"Association vegan de Pau Les V\u00e9g'Amis\"},\"image\":{\"@id\":\"https:\\\/\\\/lesvegamis.fr\\\/#\\\/schema\\\/logo\\\/image\\\/\"},\"sameAs\":[\"https:\\\/\\\/www.facebook.com\\\/lesvegamis\\\/\",\"https:\\\/\\\/www.instagram.com\\\/lesvegamis\\\/\"]},{\"@type\":\"Person\",\"@id\":\"https:\\\/\\\/lesvegamis.fr\\\/#\\\/schema\\\/person\\\/ccad9a46c7b4719c8ab8a54279c927a0\",\"name\":\"Marie-Anne\",\"image\":{\"@type\":\"ImageObject\",\"inLanguage\":\"fr-FR\",\"@id\":\"https:\\\/\\\/secure.gravatar.com\\\/avatar\\\/f0e2c2fc209c0f8c58558565ef6a29e43de2180dc263c0a1cffe3a505c799071?s=96&d=identicon&r=g\",\"url\":\"https:\\\/\\\/secure.gravatar.com\\\/avatar\\\/f0e2c2fc209c0f8c58558565ef6a29e43de2180dc263c0a1cffe3a505c799071?s=96&d=identicon&r=g\",\"contentUrl\":\"https:\\\/\\\/secure.gravatar.com\\\/avatar\\\/f0e2c2fc209c0f8c58558565ef6a29e43de2180dc263c0a1cffe3a505c799071?s=96&d=identicon&r=g\",\"caption\":\"Marie-Anne\"},\"sameAs\":[\"https:\\\/\\\/lesvegamis.fr\\\/\"],\"url\":\"https:\\\/\\\/lesvegamis.fr\\\/index.php\\\/author\\\/lesvegamis-editeur\\\/\"}]}<\/script>\n<!-- \/ Yoast SEO plugin. -->","yoast_head_json":{"title":"Repas vegan Nordique\u00a0dimanche 6 avril \u00e0 la MNE - Les V\u00e9g&#039;Amis","robots":{"index":"index","follow":"follow","max-snippet":"max-snippet:-1","max-image-preview":"max-image-preview:large","max-video-preview":"max-video-preview:-1"},"canonical":"https:\/\/lesvegamis.fr\/index.php\/2025\/03\/09\/repas-vegan-nordique-dimanche-6-avril-a-la-mne\/","og_locale":"fr_FR","og_type":"article","og_title":"Repas vegan Nordique\u00a0dimanche 6 avril \u00e0 la MNE - Les V\u00e9g&#039;Amis","og_description":"D\u00e9couvrez les saveurs Scandinaves avec Les Veg\u2019Amis ! Nous sommes ravis de vous inviter \u00e0 notre prochain repas partag\u00e9 vegan, qui aura lieu le&nbsp;dimanche 6 avril \u00e0 12h30&nbsp;\u00e0 la&nbsp;Maison de... [Continuer la lecture]","og_url":"https:\/\/lesvegamis.fr\/index.php\/2025\/03\/09\/repas-vegan-nordique-dimanche-6-avril-a-la-mne\/","og_site_name":"Les V\u00e9g&#039;Amis","article_publisher":"https:\/\/www.facebook.com\/lesvegamis\/","article_published_time":"2025-03-09T20:27:25+00:00","article_modified_time":"2026-02-08T12:55:00+00:00","og_image":[{"width":1415,"height":2000,"url":"https:\/\/lesvegamis.fr\/wp-content\/uploads\/2025\/03\/VegAmis-2025-3.jpeg","type":"image\/jpeg"}],"author":"Marie-Anne","twitter_card":"summary_large_image","twitter_misc":{"\u00c9crit par":"Marie-Anne","Dur\u00e9e de lecture estim\u00e9e":"3 minutes"},"schema":{"@context":"https:\/\/schema.org","@graph":[{"@type":"Article","@id":"https:\/\/lesvegamis.fr\/index.php\/2025\/03\/09\/repas-vegan-nordique-dimanche-6-avril-a-la-mne\/#article","isPartOf":{"@id":"https:\/\/lesvegamis.fr\/index.php\/2025\/03\/09\/repas-vegan-nordique-dimanche-6-avril-a-la-mne\/"},"author":{"name":"Marie-Anne","@id":"https:\/\/lesvegamis.fr\/#\/schema\/person\/ccad9a46c7b4719c8ab8a54279c927a0"},"headline":"Repas vegan Nordique\u00a0dimanche 6 avril \u00e0 la MNE","datePublished":"2025-03-09T20:27:25+00:00","dateModified":"2026-02-08T12:55:00+00:00","mainEntityOfPage":{"@id":"https:\/\/lesvegamis.fr\/index.php\/2025\/03\/09\/repas-vegan-nordique-dimanche-6-avril-a-la-mne\/"},"wordCount":535,"publisher":{"@id":"https:\/\/lesvegamis.fr\/#organization"},"image":{"@id":"https:\/\/lesvegamis.fr\/index.php\/2025\/03\/09\/repas-vegan-nordique-dimanche-6-avril-a-la-mne\/#primaryimage"},"thumbnailUrl":"https:\/\/lesvegamis.fr\/wp-content\/uploads\/2025\/03\/VegAmis-2025-3.jpeg","keywords":["B\u00e9arn","pau","Vegan"],"articleSection":["Nos activit\u00e9s"],"inLanguage":"fr-FR"},{"@type":"WebPage","@id":"https:\/\/lesvegamis.fr\/index.php\/2025\/03\/09\/repas-vegan-nordique-dimanche-6-avril-a-la-mne\/","url":"https:\/\/lesvegamis.fr\/index.php\/2025\/03\/09\/repas-vegan-nordique-dimanche-6-avril-a-la-mne\/","name":"Repas vegan Nordique\u00a0dimanche 6 avril \u00e0 la MNE - Les V\u00e9g&#039;Amis","isPartOf":{"@id":"https:\/\/lesvegamis.fr\/#website"},"primaryImageOfPage":{"@id":"https:\/\/lesvegamis.fr\/index.php\/2025\/03\/09\/repas-vegan-nordique-dimanche-6-avril-a-la-mne\/#primaryimage"},"image":{"@id":"https:\/\/lesvegamis.fr\/index.php\/2025\/03\/09\/repas-vegan-nordique-dimanche-6-avril-a-la-mne\/#primaryimage"},"thumbnailUrl":"https:\/\/lesvegamis.fr\/wp-content\/uploads\/2025\/03\/VegAmis-2025-3.jpeg","datePublished":"2025-03-09T20:27:25+00:00","dateModified":"2026-02-08T12:55:00+00:00","breadcrumb":{"@id":"https:\/\/lesvegamis.fr\/index.php\/2025\/03\/09\/repas-vegan-nordique-dimanche-6-avril-a-la-mne\/#breadcrumb"},"inLanguage":"fr-FR","potentialAction":[{"@type":"ReadAction","target":["https:\/\/lesvegamis.fr\/index.php\/2025\/03\/09\/repas-vegan-nordique-dimanche-6-avril-a-la-mne\/"]}]},{"@type":"ImageObject","inLanguage":"fr-FR","@id":"https:\/\/lesvegamis.fr\/index.php\/2025\/03\/09\/repas-vegan-nordique-dimanche-6-avril-a-la-mne\/#primaryimage","url":"https:\/\/lesvegamis.fr\/wp-content\/uploads\/2025\/03\/VegAmis-2025-3.jpeg","contentUrl":"https:\/\/lesvegamis.fr\/wp-content\/uploads\/2025\/03\/VegAmis-2025-3.jpeg","width":1415,"height":2000},{"@type":"BreadcrumbList","@id":"https:\/\/lesvegamis.fr\/index.php\/2025\/03\/09\/repas-vegan-nordique-dimanche-6-avril-a-la-mne\/#breadcrumb","itemListElement":[{"@type":"ListItem","position":1,"name":"Accueil","item":"https:\/\/lesvegamis.fr\/"},{"@type":"ListItem","position":2,"name":"Repas vegan Nordique\u00a0dimanche 6 avril \u00e0 la MNE"}]},{"@type":"WebSite","@id":"https:\/\/lesvegamis.fr\/#website","url":"https:\/\/lesvegamis.fr\/","name":"Les V\u00e9g'Amis","description":"L&#039;association v\u00e9gane de Pau","publisher":{"@id":"https:\/\/lesvegamis.fr\/#organization"},"potentialAction":[{"@type":"SearchAction","target":{"@type":"EntryPoint","urlTemplate":"https:\/\/lesvegamis.fr\/?s={search_term_string}"},"query-input":{"@type":"PropertyValueSpecification","valueRequired":true,"valueName":"search_term_string"}}],"inLanguage":"fr-FR"},{"@type":"Organization","@id":"https:\/\/lesvegamis.fr\/#organization","name":"Association vegan de Pau Les V\u00e9g'Amis","url":"https:\/\/lesvegamis.fr\/","logo":{"@type":"ImageObject","inLanguage":"fr-FR","@id":"https:\/\/lesvegamis.fr\/#\/schema\/logo\/image\/","url":"https:\/\/lesvegamis.fr\/wp-content\/uploads\/2022\/12\/cropped-logo-couleur-nom-1.png","contentUrl":"https:\/\/lesvegamis.fr\/wp-content\/uploads\/2022\/12\/cropped-logo-couleur-nom-1.png","width":192,"height":288,"caption":"Association vegan de Pau Les V\u00e9g'Amis"},"image":{"@id":"https:\/\/lesvegamis.fr\/#\/schema\/logo\/image\/"},"sameAs":["https:\/\/www.facebook.com\/lesvegamis\/","https:\/\/www.instagram.com\/lesvegamis\/"]},{"@type":"Person","@id":"https:\/\/lesvegamis.fr\/#\/schema\/person\/ccad9a46c7b4719c8ab8a54279c927a0","name":"Marie-Anne","image":{"@type":"ImageObject","inLanguage":"fr-FR","@id":"https:\/\/secure.gravatar.com\/avatar\/f0e2c2fc209c0f8c58558565ef6a29e43de2180dc263c0a1cffe3a505c799071?s=96&d=identicon&r=g","url":"https:\/\/secure.gravatar.com\/avatar\/f0e2c2fc209c0f8c58558565ef6a29e43de2180dc263c0a1cffe3a505c799071?s=96&d=identicon&r=g","contentUrl":"https:\/\/secure.gravatar.com\/avatar\/f0e2c2fc209c0f8c58558565ef6a29e43de2180dc263c0a1cffe3a505c799071?s=96&d=identicon&r=g","caption":"Marie-Anne"},"sameAs":["https:\/\/lesvegamis.fr\/"],"url":"https:\/\/lesvegamis.fr\/index.php\/author\/lesvegamis-editeur\/"}]}},"jetpack_featured_media_url":"https:\/\/lesvegamis.fr\/wp-content\/uploads\/2025\/03\/VegAmis-2025-3.jpeg","jetpack_sharing_enabled":true,"_links":{"self":[{"href":"https:\/\/lesvegamis.fr\/index.php\/wp-json\/wp\/v2\/posts\/2008","targetHints":{"allow":["GET"]}}],"collection":[{"href":"https:\/\/lesvegamis.fr\/index.php\/wp-json\/wp\/v2\/posts"}],"about":[{"href":"https:\/\/lesvegamis.fr\/index.php\/wp-json\/wp\/v2\/types\/post"}],"author":[{"embeddable":true,"href":"https:\/\/lesvegamis.fr\/index.php\/wp-json\/wp\/v2\/users\/4"}],"replies":[{"embeddable":true,"href":"https:\/\/lesvegamis.fr\/index.php\/wp-json\/wp\/v2\/comments?post=2008"}],"version-history":[{"count":1,"href":"https:\/\/lesvegamis.fr\/index.php\/wp-json\/wp\/v2\/posts\/2008\/revisions"}],"predecessor-version":[{"id":2010,"href":"https:\/\/lesvegamis.fr\/index.php\/wp-json\/wp\/v2\/posts\/2008\/revisions\/2010"}],"wp:featuredmedia":[{"embeddable":true,"href":"https:\/\/lesvegamis.fr\/index.php\/wp-json\/wp\/v2\/media\/2009"}],"wp:attachment":[{"href":"https:\/\/lesvegamis.fr\/index.php\/wp-json\/wp\/v2\/media?parent=2008"}],"wp:term":[{"taxonomy":"category","embeddable":true,"href":"https:\/\/lesvegamis.fr\/index.php\/wp-json\/wp\/v2\/categories?post=2008"},{"taxonomy":"post_tag","embeddable":true,"href":"https:\/\/lesvegamis.fr\/index.php\/wp-json\/wp\/v2\/tags?post=2008"}],"curies":[{"name":"wp","href":"https:\/\/api.w.org\/{rel}","templated":true}]}}