{"id":2029,"date":"2025-09-12T16:48:36","date_gmt":"2025-09-12T14:48:36","guid":{"rendered":"https:\/\/lesvegamis.fr\/?p=2029"},"modified":"2026-02-08T13:54:41","modified_gmt":"2026-02-08T12:54:41","slug":"banquet-medieval-des-vegamis-dimanche-5-octobre-a-12h30","status":"publish","type":"post","link":"https:\/\/lesvegamis.fr\/index.php\/2025\/09\/12\/banquet-medieval-des-vegamis-dimanche-5-octobre-a-12h30\/","title":{"rendered":"Banquet m\u00e9di\u00e9val des Vegamis \u2013 Dimanche 5 octobre \u00e0 12h30"},"content":{"rendered":"\n<p>Oyez, oyez, braves convives !<\/p>\n\n\n\n<p>Le dimanche 5 octobre, \u00e0 la Maison de la Nature et de l\u2019Environnement de Pau (Domaine de Sers), les Vegamis vous convient \u00e0 un banquet digne des grandes tables de <strong>Gaston III\u00a0de Foix-B\u00e9arn<\/strong>\u00a0dit\u00a0<strong><a href=\"https:\/\/fr.wikipedia.org\/wiki\/Gaston_III_de_Foix-B\u00e9arn\">F\u00e9bus<\/a><\/strong>, en version v\u00e9g\u00e9tale.<\/p>\n\n\n<div class=\"wp-block-image\">\n<figure class=\"aligncenter size-full\"><img loading=\"lazy\" decoding=\"async\" width=\"448\" height=\"371\" src=\"https:\/\/lesvegamis.fr\/wp-content\/uploads\/2025\/09\/0dd18fcf6e3730e4c887c411b9280188-851658561.jpg\" alt=\"\" class=\"wp-image-2035\" srcset=\"https:\/\/lesvegamis.fr\/wp-content\/uploads\/2025\/09\/0dd18fcf6e3730e4c887c411b9280188-851658561.jpg 448w, https:\/\/lesvegamis.fr\/wp-content\/uploads\/2025\/09\/0dd18fcf6e3730e4c887c411b9280188-851658561-300x248.jpg 300w\" sizes=\"auto, (max-width: 448px) 100vw, 448px\" \/><\/figure>\n<\/div>\n\n\n<p><strong>\ud83c\udf5e Un festin m\u00e9di\u00e9val\u2026 en version 100 % v\u00e9g\u00e9tale<\/strong><\/p>\n\n\n\n<p>Pas de sanglier \u00e0 la broche, rassurez-vous ! Nous vous invitons \u00e0 revisiter la cuisine du Moyen \u00c2ge avec cr\u00e9ativit\u00e9, gourmandise et en version v\u00e9g\u00e9tale. De nombreux ingr\u00e9dients consomm\u00e9s actuellement n&rsquo;\u00e9taient pas encore cultiv\u00e9s en Europe (Tomates, ma\u00efs, concombres, poivrons, aubergines&#8230;) ou bien n&rsquo;arrivaient pas encore jusqu&rsquo;\u00e0 chez nous (riz, bananes, cacao, caf\u00e9&#8230;) .<\/p>\n\n\n\n<p>Voici donc les ingr\u00e9dients et pistes inspirantes pour vos recettes :<\/p>\n\n\n\n<ul class=\"wp-block-list\">\n<li>Les l\u00e9gumes anciens : panais, navets, poireaux, choux, carottes color\u00e9es, f\u00e8ves et pois. De quoi pr\u00e9parer soupes \u00e9paisses, potages et rago\u00fbts parfum\u00e9s.<\/li>\n\n\n\n<li>Les c\u00e9r\u00e9ales et pains rustiques : orge, seigle, \u00e9peautre, millet\u2026 parfaits pour des galettes, tourtes ou pains \u00e0 partager.<\/li>\n\n\n\n<li>Les champignons : c\u00e8pes, morilles, girolles&#8230; <\/li>\n\n\n\n<li>Les salades sauvages : pissenlit, plantain, ortie, ciboulette sauvage&#8230; <\/li>\n\n\n\n<li>Les fruits et fruits secs : pommes, poires, prunes, raisins secs, figues, dattes, noisettes, amandes et noix. Id\u00e9als pour des desserts ou pour relever un plat sal\u00e9.<\/li>\n\n\n\n<li>Les \u00e9pices et herbes : cannelle, gingembre, clou de girofle, safran, poivre\u2026 mais aussi persil, sauge, coriandre ou menthe pour des plats bien relev\u00e9s et color\u00e9s !<\/li>\n\n\n\n<li>Les douceurs m\u00e9di\u00e9vales : flans, entremets aux amandes, compotes de fruits, tartes rustiques\u2026 \u00e0 revisiter sans produits animaux.<\/li>\n<\/ul>\n\n\n\n<p>Bref, imaginez un banquet o\u00f9 troubadours et chevaliers se r\u00e9galeraient de plats simples mais savoureux, g\u00e9n\u00e9reusement \u00e9pic\u00e9s et joliment pr\u00e9sent\u00e9s.<\/p>\n\n\n\n<p><strong>\ud83d\udcdc Les informations sacr\u00e9es<\/strong><\/p>\n\n\n\n<ul class=\"wp-block-list\">\n<li>\ud83d\udcc5 Date : Dimanche 5 octobre<\/li>\n\n\n\n<li>\ud83d\udd67 Heure : 12h30<\/li>\n\n\n\n<li>\ud83d\udccd Lieu : Maison de la Nature et de l\u2019Environnement de Pau \u2013 Domaine de Sers<\/li>\n\n\n\n<li>\ud83c\udf7d\ufe0f Chacun apporte un plat v\u00e9g\u00e9talien \u00e0 partager, son \u00e9cuelle, ses couverts, un gobelet et un torchon. <\/li>\n<\/ul>\n\n\n\n<p><strong>\ud83c\udfb6 Que la ripaille commence !<\/strong><\/p>\n\n\n\n<p>Ce banquet m\u00e9di\u00e9val sera l\u2019occasion de voyager dans le temps, de red\u00e9couvrir des ingr\u00e9dients oubli\u00e9s et de partager un moment convivial et festif autour d\u2019une grande table. Les look et tenues inspir\u00e9es de cette \u00e9poques sont donc bienvenues ! Alors, sortez vos tuniques, vos \u00e9pices et vos meilleures id\u00e9es\u2026 et rejoignez-nous pour un festin digne des plus humbles fiefs du Moyen \u00c2ge ! <\/p>\n\n\n\n<figure class=\"wp-block-image\"><img loading=\"lazy\" decoding=\"async\" width=\"1415\" height=\"2000\" src=\"https:\/\/lesvegamis.fr\/wp-content\/uploads\/2025\/09\/VegAmis-2025-9.jpeg\" alt=\"\" class=\"wp-image-2032\" srcset=\"https:\/\/lesvegamis.fr\/wp-content\/uploads\/2025\/09\/VegAmis-2025-9.jpeg 1415w, https:\/\/lesvegamis.fr\/wp-content\/uploads\/2025\/09\/VegAmis-2025-9-212x300.jpeg 212w, https:\/\/lesvegamis.fr\/wp-content\/uploads\/2025\/09\/VegAmis-2025-9-724x1024.jpeg 724w, https:\/\/lesvegamis.fr\/wp-content\/uploads\/2025\/09\/VegAmis-2025-9-768x1086.jpeg 768w, https:\/\/lesvegamis.fr\/wp-content\/uploads\/2025\/09\/VegAmis-2025-9-1087x1536.jpeg 1087w, https:\/\/lesvegamis.fr\/wp-content\/uploads\/2025\/09\/VegAmis-2025-9-1320x1866.jpeg 1320w\" sizes=\"auto, (max-width: 1415px) 100vw, 1415px\" \/><\/figure>\n\n\n\n<p>Et si vous manquez encore d&rsquo;inspiration, voici quelques exemple de recettes : <\/p>\n\n\n\n<p><strong>\ud83e\udd63<\/strong> <strong>Soupe de pois cass\u00e9s aux herbes<\/strong><\/p>\n\n\n\n<p>Au Moyen \u00c2ge, les potages \u00e9taient tr\u00e8s populaires.<\/p>\n\n\n\n<ul class=\"wp-block-list\">\n<li>Ingr\u00e9dients : pois cass\u00e9s, oignons, carottes, poireaux, ail, bouillon de l\u00e9gumes, herbes (sauge, persil, coriandre), un filet d\u2019huile d\u2019olive.<\/li>\n\n\n\n<li>Pr\u00e9paration : cuire les pois cass\u00e9s jusqu\u2019\u00e0 ce qu\u2019ils soient tendres, mixer grossi\u00e8rement ou garder une texture rustique, relever avec les herbes fra\u00eeches.<\/li>\n<\/ul>\n\n\n\n<p><strong>\ud83e\udd67<\/strong> <strong>Tarte rustique aux poires et aux amandes<\/strong><\/p>\n\n\n\n<p>Les fruits et fruits secs \u00e9taient souvent utilis\u00e9s dans les plats.<\/p>\n\n\n\n<ul class=\"wp-block-list\">\n<li>Ingr\u00e9dients : p\u00e2te maison \u00e0 la farine de seigle ou d\u2019\u00e9peautre, poires, poudre d\u2019amandes, un peu de sucre complet, cannelle.<\/li>\n\n\n\n<li>Pr\u00e9paration : \u00e9taler la p\u00e2te, garnir de tranches de poires et saupoudrer d\u2019amandes et de cannelle, cuire au four jusqu\u2019\u00e0 dorure.<\/li>\n<\/ul>\n\n\n\n<p><strong>\ud83c\udf5e<\/strong> <strong>Galettes d\u2019orge aux herbes<\/strong><\/p>\n\n\n\n<p>Les c\u00e9r\u00e9ales constituaient la base de l\u2019alimentation m\u00e9di\u00e9vale.<\/p>\n\n\n\n<ul class=\"wp-block-list\">\n<li>Ingr\u00e9dients : farine d\u2019orge ou d\u2019\u00e9peautre, eau, huile d\u2019olive, sel, herbes (thym, origan, sauge).<\/li>\n\n\n\n<li>Pr\u00e9paration : m\u00e9langer les ingr\u00e9dients pour former une p\u00e2te, \u00e9taler en petites galettes \u00e9paisses, cuire au four ou \u00e0 la po\u00eale.<\/li>\n<\/ul>\n\n\n\n<p><strong>\ud83c\udf47<\/strong> <strong>Compot\u00e9e de fruits secs aux \u00e9pices<\/strong><\/p>\n\n\n\n<p>Une douceur inspir\u00e9e des entremets m\u00e9di\u00e9vaux.<\/p>\n\n\n\n<ul class=\"wp-block-list\">\n<li>Ingr\u00e9dients : figues, raisins secs, dattes, pommes, un peu de vin rouge ou jus de raisin, cannelle, clou de girofle.<\/li>\n\n\n\n<li>Pr\u00e9paration : faire mijoter les fruits dans le liquide parfum\u00e9 aux \u00e9pices jusqu\u2019\u00e0 obtenir une compote riche et parfum\u00e9e. Servir ti\u00e8de.<\/li>\n<\/ul>\n\n\n\n<p><strong>\ud83c\udf76<\/strong> <strong>Hypocras revisit\u00e9 (boisson \u00e9pic\u00e9e)<\/strong><\/p>\n\n\n\n<p>\u00c0 l\u2019\u00e9poque, on aimait les vins \u00e9pic\u00e9s, ici revisit\u00e9s en version sans alcool.<\/p>\n\n\n\n<ul class=\"wp-block-list\">\n<li>Ingr\u00e9dients : jus de raisin ou de pomme, b\u00e2tons de cannelle, clous de girofle, gingembre frais, zeste d\u2019orange.<\/li>\n\n\n\n<li>Pr\u00e9paration : faire chauffer doucement le jus avec les \u00e9pices, laisser infuser, servir chaud ou froid.<\/li>\n<\/ul>\n\n\n\n<p>On trouve aussi des recettes authentiques retrouv\u00e9es dans de vieux grimoires :<\/p>\n\n\n\n<p>Des recette v\u00e9g\u00e9tariennes authentiques du moyen-\u00e2ge inspir\u00e9es des manuscrits anciens, la plupart sont v\u00e9g\u00e9taliennes : <a href=\"https:\/\/recettemedievale.fr\/category\/vegetarienne\/ \">https:\/\/recettemedievale.fr\/category\/vegetarienne\/ <\/a><\/p>\n\n\n\n<p>A l&rsquo;\u00e9poque la viande \u00e9tait d\u00e9sign\u00e9e par le mot \u00ab\u00a0chair\u00a0\u00bb , et le mot \u00ab\u00a0viande\u00a0\u00bb d\u00e9signaient ce qui entretient la vie, les vivres, l&rsquo;alimentation au sens large. Il est donc tout \u00e0 fait l\u00e9gitime de parler de \u00ab\u00a0viande v\u00e9g\u00e9tale\u00a0\u00bb de nos jours \u00e0 propos des simili-carn\u00e9s, et m\u00eame de parler de viande tout court \ud83d\ude09 <\/p>\n\n\n\n<p><\/p>\n","protected":false},"excerpt":{"rendered":"<p>Oyez, oyez, braves convives ! Le dimanche 5 octobre, \u00e0 la Maison de la Nature et de l\u2019Environnement de Pau (Domaine de Sers), les Vegamis vous convient \u00e0 un banquet&#8230; <a class=\"read-more\" href=\"https:\/\/lesvegamis.fr\/index.php\/2025\/09\/12\/banquet-medieval-des-vegamis-dimanche-5-octobre-a-12h30\/\">[Continuer la lecture]<\/a><\/p>\n","protected":false},"author":4,"featured_media":2032,"comment_status":"closed","ping_status":"closed","sticky":false,"template":"","format":"standard","meta":{"jetpack_post_was_ever_published":false,"_jetpack_newsletter_access":"","_jetpack_dont_email_post_to_subs":false,"_jetpack_newsletter_tier_id":0,"_jetpack_memberships_contains_paywalled_content":false,"_jetpack_memberships_contains_paid_content":false,"footnotes":""},"categories":[8],"tags":[23,22,21],"class_list":["post-2029","post","type-post","status-publish","format-standard","has-post-thumbnail","hentry","category-activites","tag-bearn","tag-pau","tag-vegan"],"yoast_head":"<!-- This site is optimized with the Yoast SEO plugin v27.5 - https:\/\/yoast.com\/product\/yoast-seo-wordpress\/ -->\n<title>Banquet m\u00e9di\u00e9val des Vegamis \u2013 Dimanche 5 octobre \u00e0 12h30 - Les V\u00e9g&#039;Amis<\/title>\n<meta name=\"robots\" content=\"index, follow, max-snippet:-1, max-image-preview:large, max-video-preview:-1\" \/>\n<link rel=\"canonical\" href=\"https:\/\/lesvegamis.fr\/index.php\/2025\/09\/12\/banquet-medieval-des-vegamis-dimanche-5-octobre-a-12h30\/\" \/>\n<meta property=\"og:locale\" content=\"fr_FR\" \/>\n<meta property=\"og:type\" content=\"article\" \/>\n<meta property=\"og:title\" content=\"Banquet m\u00e9di\u00e9val des Vegamis \u2013 Dimanche 5 octobre \u00e0 12h30 - Les V\u00e9g&#039;Amis\" \/>\n<meta property=\"og:description\" content=\"Oyez, oyez, braves convives ! Le dimanche 5 octobre, \u00e0 la Maison de la Nature et de l\u2019Environnement de Pau (Domaine de Sers), les Vegamis vous convient \u00e0 un banquet... [Continuer la lecture]\" \/>\n<meta property=\"og:url\" content=\"https:\/\/lesvegamis.fr\/index.php\/2025\/09\/12\/banquet-medieval-des-vegamis-dimanche-5-octobre-a-12h30\/\" \/>\n<meta property=\"og:site_name\" content=\"Les V\u00e9g&#039;Amis\" \/>\n<meta property=\"article:publisher\" content=\"https:\/\/www.facebook.com\/lesvegamis\/\" \/>\n<meta property=\"article:published_time\" content=\"2025-09-12T14:48:36+00:00\" \/>\n<meta property=\"article:modified_time\" content=\"2026-02-08T12:54:41+00:00\" \/>\n<meta property=\"og:image\" content=\"https:\/\/lesvegamis.fr\/wp-content\/uploads\/2025\/09\/VegAmis-2025-9.jpeg\" \/>\n\t<meta property=\"og:image:width\" content=\"1415\" \/>\n\t<meta property=\"og:image:height\" content=\"2000\" \/>\n\t<meta property=\"og:image:type\" content=\"image\/jpeg\" \/>\n<meta name=\"author\" content=\"Marie-Anne\" \/>\n<meta name=\"twitter:card\" content=\"summary_large_image\" \/>\n<meta name=\"twitter:label1\" content=\"\u00c9crit par\" \/>\n\t<meta name=\"twitter:data1\" content=\"Marie-Anne\" \/>\n\t<meta name=\"twitter:label2\" content=\"Dur\u00e9e de lecture estim\u00e9e\" \/>\n\t<meta name=\"twitter:data2\" content=\"5 minutes\" \/>\n<script type=\"application\/ld+json\" class=\"yoast-schema-graph\">{\"@context\":\"https:\\\/\\\/schema.org\",\"@graph\":[{\"@type\":\"Article\",\"@id\":\"https:\\\/\\\/lesvegamis.fr\\\/index.php\\\/2025\\\/09\\\/12\\\/banquet-medieval-des-vegamis-dimanche-5-octobre-a-12h30\\\/#article\",\"isPartOf\":{\"@id\":\"https:\\\/\\\/lesvegamis.fr\\\/index.php\\\/2025\\\/09\\\/12\\\/banquet-medieval-des-vegamis-dimanche-5-octobre-a-12h30\\\/\"},\"author\":{\"name\":\"Marie-Anne\",\"@id\":\"https:\\\/\\\/lesvegamis.fr\\\/#\\\/schema\\\/person\\\/ccad9a46c7b4719c8ab8a54279c927a0\"},\"headline\":\"Banquet m\u00e9di\u00e9val des Vegamis \u2013 Dimanche 5 octobre \u00e0 12h30\",\"datePublished\":\"2025-09-12T14:48:36+00:00\",\"dateModified\":\"2026-02-08T12:54:41+00:00\",\"mainEntityOfPage\":{\"@id\":\"https:\\\/\\\/lesvegamis.fr\\\/index.php\\\/2025\\\/09\\\/12\\\/banquet-medieval-des-vegamis-dimanche-5-octobre-a-12h30\\\/\"},\"wordCount\":817,\"publisher\":{\"@id\":\"https:\\\/\\\/lesvegamis.fr\\\/#organization\"},\"image\":{\"@id\":\"https:\\\/\\\/lesvegamis.fr\\\/index.php\\\/2025\\\/09\\\/12\\\/banquet-medieval-des-vegamis-dimanche-5-octobre-a-12h30\\\/#primaryimage\"},\"thumbnailUrl\":\"https:\\\/\\\/lesvegamis.fr\\\/wp-content\\\/uploads\\\/2025\\\/09\\\/VegAmis-2025-9.jpeg\",\"keywords\":[\"B\u00e9arn\",\"pau\",\"Vegan\"],\"articleSection\":[\"Nos activit\u00e9s\"],\"inLanguage\":\"fr-FR\"},{\"@type\":\"WebPage\",\"@id\":\"https:\\\/\\\/lesvegamis.fr\\\/index.php\\\/2025\\\/09\\\/12\\\/banquet-medieval-des-vegamis-dimanche-5-octobre-a-12h30\\\/\",\"url\":\"https:\\\/\\\/lesvegamis.fr\\\/index.php\\\/2025\\\/09\\\/12\\\/banquet-medieval-des-vegamis-dimanche-5-octobre-a-12h30\\\/\",\"name\":\"Banquet m\u00e9di\u00e9val des Vegamis \u2013 Dimanche 5 octobre \u00e0 12h30 - Les V\u00e9g&#039;Amis\",\"isPartOf\":{\"@id\":\"https:\\\/\\\/lesvegamis.fr\\\/#website\"},\"primaryImageOfPage\":{\"@id\":\"https:\\\/\\\/lesvegamis.fr\\\/index.php\\\/2025\\\/09\\\/12\\\/banquet-medieval-des-vegamis-dimanche-5-octobre-a-12h30\\\/#primaryimage\"},\"image\":{\"@id\":\"https:\\\/\\\/lesvegamis.fr\\\/index.php\\\/2025\\\/09\\\/12\\\/banquet-medieval-des-vegamis-dimanche-5-octobre-a-12h30\\\/#primaryimage\"},\"thumbnailUrl\":\"https:\\\/\\\/lesvegamis.fr\\\/wp-content\\\/uploads\\\/2025\\\/09\\\/VegAmis-2025-9.jpeg\",\"datePublished\":\"2025-09-12T14:48:36+00:00\",\"dateModified\":\"2026-02-08T12:54:41+00:00\",\"breadcrumb\":{\"@id\":\"https:\\\/\\\/lesvegamis.fr\\\/index.php\\\/2025\\\/09\\\/12\\\/banquet-medieval-des-vegamis-dimanche-5-octobre-a-12h30\\\/#breadcrumb\"},\"inLanguage\":\"fr-FR\",\"potentialAction\":[{\"@type\":\"ReadAction\",\"target\":[\"https:\\\/\\\/lesvegamis.fr\\\/index.php\\\/2025\\\/09\\\/12\\\/banquet-medieval-des-vegamis-dimanche-5-octobre-a-12h30\\\/\"]}]},{\"@type\":\"ImageObject\",\"inLanguage\":\"fr-FR\",\"@id\":\"https:\\\/\\\/lesvegamis.fr\\\/index.php\\\/2025\\\/09\\\/12\\\/banquet-medieval-des-vegamis-dimanche-5-octobre-a-12h30\\\/#primaryimage\",\"url\":\"https:\\\/\\\/lesvegamis.fr\\\/wp-content\\\/uploads\\\/2025\\\/09\\\/VegAmis-2025-9.jpeg\",\"contentUrl\":\"https:\\\/\\\/lesvegamis.fr\\\/wp-content\\\/uploads\\\/2025\\\/09\\\/VegAmis-2025-9.jpeg\",\"width\":1415,\"height\":2000},{\"@type\":\"BreadcrumbList\",\"@id\":\"https:\\\/\\\/lesvegamis.fr\\\/index.php\\\/2025\\\/09\\\/12\\\/banquet-medieval-des-vegamis-dimanche-5-octobre-a-12h30\\\/#breadcrumb\",\"itemListElement\":[{\"@type\":\"ListItem\",\"position\":1,\"name\":\"Accueil\",\"item\":\"https:\\\/\\\/lesvegamis.fr\\\/\"},{\"@type\":\"ListItem\",\"position\":2,\"name\":\"Banquet m\u00e9di\u00e9val des Vegamis \u2013 Dimanche 5 octobre \u00e0 12h30\"}]},{\"@type\":\"WebSite\",\"@id\":\"https:\\\/\\\/lesvegamis.fr\\\/#website\",\"url\":\"https:\\\/\\\/lesvegamis.fr\\\/\",\"name\":\"Les V\u00e9g'Amis\",\"description\":\"L&#039;association v\u00e9gane de Pau\",\"publisher\":{\"@id\":\"https:\\\/\\\/lesvegamis.fr\\\/#organization\"},\"potentialAction\":[{\"@type\":\"SearchAction\",\"target\":{\"@type\":\"EntryPoint\",\"urlTemplate\":\"https:\\\/\\\/lesvegamis.fr\\\/?s={search_term_string}\"},\"query-input\":{\"@type\":\"PropertyValueSpecification\",\"valueRequired\":true,\"valueName\":\"search_term_string\"}}],\"inLanguage\":\"fr-FR\"},{\"@type\":\"Organization\",\"@id\":\"https:\\\/\\\/lesvegamis.fr\\\/#organization\",\"name\":\"Association vegan de Pau Les V\u00e9g'Amis\",\"url\":\"https:\\\/\\\/lesvegamis.fr\\\/\",\"logo\":{\"@type\":\"ImageObject\",\"inLanguage\":\"fr-FR\",\"@id\":\"https:\\\/\\\/lesvegamis.fr\\\/#\\\/schema\\\/logo\\\/image\\\/\",\"url\":\"https:\\\/\\\/lesvegamis.fr\\\/wp-content\\\/uploads\\\/2022\\\/12\\\/cropped-logo-couleur-nom-1.png\",\"contentUrl\":\"https:\\\/\\\/lesvegamis.fr\\\/wp-content\\\/uploads\\\/2022\\\/12\\\/cropped-logo-couleur-nom-1.png\",\"width\":192,\"height\":288,\"caption\":\"Association vegan de Pau Les V\u00e9g'Amis\"},\"image\":{\"@id\":\"https:\\\/\\\/lesvegamis.fr\\\/#\\\/schema\\\/logo\\\/image\\\/\"},\"sameAs\":[\"https:\\\/\\\/www.facebook.com\\\/lesvegamis\\\/\",\"https:\\\/\\\/www.instagram.com\\\/lesvegamis\\\/\"]},{\"@type\":\"Person\",\"@id\":\"https:\\\/\\\/lesvegamis.fr\\\/#\\\/schema\\\/person\\\/ccad9a46c7b4719c8ab8a54279c927a0\",\"name\":\"Marie-Anne\",\"image\":{\"@type\":\"ImageObject\",\"inLanguage\":\"fr-FR\",\"@id\":\"https:\\\/\\\/secure.gravatar.com\\\/avatar\\\/f0e2c2fc209c0f8c58558565ef6a29e43de2180dc263c0a1cffe3a505c799071?s=96&d=identicon&r=g\",\"url\":\"https:\\\/\\\/secure.gravatar.com\\\/avatar\\\/f0e2c2fc209c0f8c58558565ef6a29e43de2180dc263c0a1cffe3a505c799071?s=96&d=identicon&r=g\",\"contentUrl\":\"https:\\\/\\\/secure.gravatar.com\\\/avatar\\\/f0e2c2fc209c0f8c58558565ef6a29e43de2180dc263c0a1cffe3a505c799071?s=96&d=identicon&r=g\",\"caption\":\"Marie-Anne\"},\"sameAs\":[\"https:\\\/\\\/lesvegamis.fr\\\/\"],\"url\":\"https:\\\/\\\/lesvegamis.fr\\\/index.php\\\/author\\\/lesvegamis-editeur\\\/\"}]}<\/script>\n<!-- \/ Yoast SEO plugin. -->","yoast_head_json":{"title":"Banquet m\u00e9di\u00e9val des Vegamis \u2013 Dimanche 5 octobre \u00e0 12h30 - Les V\u00e9g&#039;Amis","robots":{"index":"index","follow":"follow","max-snippet":"max-snippet:-1","max-image-preview":"max-image-preview:large","max-video-preview":"max-video-preview:-1"},"canonical":"https:\/\/lesvegamis.fr\/index.php\/2025\/09\/12\/banquet-medieval-des-vegamis-dimanche-5-octobre-a-12h30\/","og_locale":"fr_FR","og_type":"article","og_title":"Banquet m\u00e9di\u00e9val des Vegamis \u2013 Dimanche 5 octobre \u00e0 12h30 - Les V\u00e9g&#039;Amis","og_description":"Oyez, oyez, braves convives ! Le dimanche 5 octobre, \u00e0 la Maison de la Nature et de l\u2019Environnement de Pau (Domaine de Sers), les Vegamis vous convient \u00e0 un banquet... [Continuer la lecture]","og_url":"https:\/\/lesvegamis.fr\/index.php\/2025\/09\/12\/banquet-medieval-des-vegamis-dimanche-5-octobre-a-12h30\/","og_site_name":"Les V\u00e9g&#039;Amis","article_publisher":"https:\/\/www.facebook.com\/lesvegamis\/","article_published_time":"2025-09-12T14:48:36+00:00","article_modified_time":"2026-02-08T12:54:41+00:00","og_image":[{"width":1415,"height":2000,"url":"https:\/\/lesvegamis.fr\/wp-content\/uploads\/2025\/09\/VegAmis-2025-9.jpeg","type":"image\/jpeg"}],"author":"Marie-Anne","twitter_card":"summary_large_image","twitter_misc":{"\u00c9crit par":"Marie-Anne","Dur\u00e9e de lecture estim\u00e9e":"5 minutes"},"schema":{"@context":"https:\/\/schema.org","@graph":[{"@type":"Article","@id":"https:\/\/lesvegamis.fr\/index.php\/2025\/09\/12\/banquet-medieval-des-vegamis-dimanche-5-octobre-a-12h30\/#article","isPartOf":{"@id":"https:\/\/lesvegamis.fr\/index.php\/2025\/09\/12\/banquet-medieval-des-vegamis-dimanche-5-octobre-a-12h30\/"},"author":{"name":"Marie-Anne","@id":"https:\/\/lesvegamis.fr\/#\/schema\/person\/ccad9a46c7b4719c8ab8a54279c927a0"},"headline":"Banquet m\u00e9di\u00e9val des Vegamis \u2013 Dimanche 5 octobre \u00e0 12h30","datePublished":"2025-09-12T14:48:36+00:00","dateModified":"2026-02-08T12:54:41+00:00","mainEntityOfPage":{"@id":"https:\/\/lesvegamis.fr\/index.php\/2025\/09\/12\/banquet-medieval-des-vegamis-dimanche-5-octobre-a-12h30\/"},"wordCount":817,"publisher":{"@id":"https:\/\/lesvegamis.fr\/#organization"},"image":{"@id":"https:\/\/lesvegamis.fr\/index.php\/2025\/09\/12\/banquet-medieval-des-vegamis-dimanche-5-octobre-a-12h30\/#primaryimage"},"thumbnailUrl":"https:\/\/lesvegamis.fr\/wp-content\/uploads\/2025\/09\/VegAmis-2025-9.jpeg","keywords":["B\u00e9arn","pau","Vegan"],"articleSection":["Nos activit\u00e9s"],"inLanguage":"fr-FR"},{"@type":"WebPage","@id":"https:\/\/lesvegamis.fr\/index.php\/2025\/09\/12\/banquet-medieval-des-vegamis-dimanche-5-octobre-a-12h30\/","url":"https:\/\/lesvegamis.fr\/index.php\/2025\/09\/12\/banquet-medieval-des-vegamis-dimanche-5-octobre-a-12h30\/","name":"Banquet m\u00e9di\u00e9val des Vegamis \u2013 Dimanche 5 octobre \u00e0 12h30 - Les V\u00e9g&#039;Amis","isPartOf":{"@id":"https:\/\/lesvegamis.fr\/#website"},"primaryImageOfPage":{"@id":"https:\/\/lesvegamis.fr\/index.php\/2025\/09\/12\/banquet-medieval-des-vegamis-dimanche-5-octobre-a-12h30\/#primaryimage"},"image":{"@id":"https:\/\/lesvegamis.fr\/index.php\/2025\/09\/12\/banquet-medieval-des-vegamis-dimanche-5-octobre-a-12h30\/#primaryimage"},"thumbnailUrl":"https:\/\/lesvegamis.fr\/wp-content\/uploads\/2025\/09\/VegAmis-2025-9.jpeg","datePublished":"2025-09-12T14:48:36+00:00","dateModified":"2026-02-08T12:54:41+00:00","breadcrumb":{"@id":"https:\/\/lesvegamis.fr\/index.php\/2025\/09\/12\/banquet-medieval-des-vegamis-dimanche-5-octobre-a-12h30\/#breadcrumb"},"inLanguage":"fr-FR","potentialAction":[{"@type":"ReadAction","target":["https:\/\/lesvegamis.fr\/index.php\/2025\/09\/12\/banquet-medieval-des-vegamis-dimanche-5-octobre-a-12h30\/"]}]},{"@type":"ImageObject","inLanguage":"fr-FR","@id":"https:\/\/lesvegamis.fr\/index.php\/2025\/09\/12\/banquet-medieval-des-vegamis-dimanche-5-octobre-a-12h30\/#primaryimage","url":"https:\/\/lesvegamis.fr\/wp-content\/uploads\/2025\/09\/VegAmis-2025-9.jpeg","contentUrl":"https:\/\/lesvegamis.fr\/wp-content\/uploads\/2025\/09\/VegAmis-2025-9.jpeg","width":1415,"height":2000},{"@type":"BreadcrumbList","@id":"https:\/\/lesvegamis.fr\/index.php\/2025\/09\/12\/banquet-medieval-des-vegamis-dimanche-5-octobre-a-12h30\/#breadcrumb","itemListElement":[{"@type":"ListItem","position":1,"name":"Accueil","item":"https:\/\/lesvegamis.fr\/"},{"@type":"ListItem","position":2,"name":"Banquet m\u00e9di\u00e9val des Vegamis \u2013 Dimanche 5 octobre \u00e0 12h30"}]},{"@type":"WebSite","@id":"https:\/\/lesvegamis.fr\/#website","url":"https:\/\/lesvegamis.fr\/","name":"Les V\u00e9g'Amis","description":"L&#039;association v\u00e9gane de Pau","publisher":{"@id":"https:\/\/lesvegamis.fr\/#organization"},"potentialAction":[{"@type":"SearchAction","target":{"@type":"EntryPoint","urlTemplate":"https:\/\/lesvegamis.fr\/?s={search_term_string}"},"query-input":{"@type":"PropertyValueSpecification","valueRequired":true,"valueName":"search_term_string"}}],"inLanguage":"fr-FR"},{"@type":"Organization","@id":"https:\/\/lesvegamis.fr\/#organization","name":"Association vegan de Pau Les V\u00e9g'Amis","url":"https:\/\/lesvegamis.fr\/","logo":{"@type":"ImageObject","inLanguage":"fr-FR","@id":"https:\/\/lesvegamis.fr\/#\/schema\/logo\/image\/","url":"https:\/\/lesvegamis.fr\/wp-content\/uploads\/2022\/12\/cropped-logo-couleur-nom-1.png","contentUrl":"https:\/\/lesvegamis.fr\/wp-content\/uploads\/2022\/12\/cropped-logo-couleur-nom-1.png","width":192,"height":288,"caption":"Association vegan de Pau Les V\u00e9g'Amis"},"image":{"@id":"https:\/\/lesvegamis.fr\/#\/schema\/logo\/image\/"},"sameAs":["https:\/\/www.facebook.com\/lesvegamis\/","https:\/\/www.instagram.com\/lesvegamis\/"]},{"@type":"Person","@id":"https:\/\/lesvegamis.fr\/#\/schema\/person\/ccad9a46c7b4719c8ab8a54279c927a0","name":"Marie-Anne","image":{"@type":"ImageObject","inLanguage":"fr-FR","@id":"https:\/\/secure.gravatar.com\/avatar\/f0e2c2fc209c0f8c58558565ef6a29e43de2180dc263c0a1cffe3a505c799071?s=96&d=identicon&r=g","url":"https:\/\/secure.gravatar.com\/avatar\/f0e2c2fc209c0f8c58558565ef6a29e43de2180dc263c0a1cffe3a505c799071?s=96&d=identicon&r=g","contentUrl":"https:\/\/secure.gravatar.com\/avatar\/f0e2c2fc209c0f8c58558565ef6a29e43de2180dc263c0a1cffe3a505c799071?s=96&d=identicon&r=g","caption":"Marie-Anne"},"sameAs":["https:\/\/lesvegamis.fr\/"],"url":"https:\/\/lesvegamis.fr\/index.php\/author\/lesvegamis-editeur\/"}]}},"jetpack_featured_media_url":"https:\/\/lesvegamis.fr\/wp-content\/uploads\/2025\/09\/VegAmis-2025-9.jpeg","jetpack_sharing_enabled":true,"_links":{"self":[{"href":"https:\/\/lesvegamis.fr\/index.php\/wp-json\/wp\/v2\/posts\/2029","targetHints":{"allow":["GET"]}}],"collection":[{"href":"https:\/\/lesvegamis.fr\/index.php\/wp-json\/wp\/v2\/posts"}],"about":[{"href":"https:\/\/lesvegamis.fr\/index.php\/wp-json\/wp\/v2\/types\/post"}],"author":[{"embeddable":true,"href":"https:\/\/lesvegamis.fr\/index.php\/wp-json\/wp\/v2\/users\/4"}],"replies":[{"embeddable":true,"href":"https:\/\/lesvegamis.fr\/index.php\/wp-json\/wp\/v2\/comments?post=2029"}],"version-history":[{"count":4,"href":"https:\/\/lesvegamis.fr\/index.php\/wp-json\/wp\/v2\/posts\/2029\/revisions"}],"predecessor-version":[{"id":2041,"href":"https:\/\/lesvegamis.fr\/index.php\/wp-json\/wp\/v2\/posts\/2029\/revisions\/2041"}],"wp:featuredmedia":[{"embeddable":true,"href":"https:\/\/lesvegamis.fr\/index.php\/wp-json\/wp\/v2\/media\/2032"}],"wp:attachment":[{"href":"https:\/\/lesvegamis.fr\/index.php\/wp-json\/wp\/v2\/media?parent=2029"}],"wp:term":[{"taxonomy":"category","embeddable":true,"href":"https:\/\/lesvegamis.fr\/index.php\/wp-json\/wp\/v2\/categories?post=2029"},{"taxonomy":"post_tag","embeddable":true,"href":"https:\/\/lesvegamis.fr\/index.php\/wp-json\/wp\/v2\/tags?post=2029"}],"curies":[{"name":"wp","href":"https:\/\/api.w.org\/{rel}","templated":true}]}}