{"id":207,"date":"2018-11-08T19:40:17","date_gmt":"2018-11-08T18:40:17","guid":{"rendered":"http:\/\/lesvegamis.fr\/?p=207"},"modified":"2022-12-07T18:33:03","modified_gmt":"2022-12-07T17:33:03","slug":"repas-partage-burger-juin-2018","status":"publish","type":"post","link":"https:\/\/lesvegamis.fr\/index.php\/2018\/11\/08\/repas-partage-burger-juin-2018\/","title":{"rendered":"Repas partag\u00e9 (Burger) Juin 2018"},"content":{"rendered":"<p>Le 17 juin 2018 nous avons organis\u00e9 un repas partag\u00e9 \u00e0 la Maison de la Nature et de l&rsquo;Environnement de Pau. Nous nous sommes r\u00e9uni\u00b7e\u00b7s pour pr\u00e9parer des burgers v\u00e9g\u00e9taliens maison, ainsi que des frites maison aussi.<\/p>\n<p>Nous avons cuisin\u00e9 tous\u00b7tes ensemble avant le repas : sur la photo, St\u00e9phanie, Dylan et B\u00e9n\u00e9dicte en train de donner le meilleur d&rsquo;elleux-m\u00eames pour confectionner des hamburgers super bons !<br \/>\nN&rsquo;h\u00e9sitez pas a venir lors de nos repas partag\u00e9s : la participation est de 3\u20ac pour les membres cotisants et de 5\u20ac pour les autres \ud83d\ude09<\/p>\n<p><img loading=\"lazy\" decoding=\"async\" class=\"alignnone size-full wp-image-1428\" src=\"https:\/\/lesvegamis.fr\/wp-content\/uploads\/2022\/12\/41d45-35411459_10156339714929326_7896080868689575936_n.jpg\" alt=\"\" width=\"960\" height=\"720\" srcset=\"https:\/\/lesvegamis.fr\/wp-content\/uploads\/2022\/12\/41d45-35411459_10156339714929326_7896080868689575936_n.jpg 960w, https:\/\/lesvegamis.fr\/wp-content\/uploads\/2022\/12\/41d45-35411459_10156339714929326_7896080868689575936_n-300x225.jpg 300w, https:\/\/lesvegamis.fr\/wp-content\/uploads\/2022\/12\/41d45-35411459_10156339714929326_7896080868689575936_n-768x576.jpg 768w\" sizes=\"auto, (max-width: 960px) 100vw, 960px\" \/><\/p>\n<p>St\u00e9phanie pr\u00e9parant les frites avec courage.<\/p>\n<p><img loading=\"lazy\" decoding=\"async\" class=\"alignnone size-full wp-image-1462\" src=\"https:\/\/lesvegamis.fr\/wp-content\/uploads\/2022\/12\/128ea-35542628_1876425195752313_5008924648826470400_n.jpg\" alt=\"\" width=\"722\" height=\"960\" srcset=\"https:\/\/lesvegamis.fr\/wp-content\/uploads\/2022\/12\/128ea-35542628_1876425195752313_5008924648826470400_n.jpg 722w, https:\/\/lesvegamis.fr\/wp-content\/uploads\/2022\/12\/128ea-35542628_1876425195752313_5008924648826470400_n-226x300.jpg 226w\" sizes=\"auto, (max-width: 722px) 100vw, 722px\" \/><img loading=\"lazy\" decoding=\"async\" class=\"alignnone  wp-image-1373\" src=\"https:\/\/lesvegamis.fr\/wp-content\/uploads\/2022\/12\/6c077-35464680_10156339714829326_9090737030073155584_n.jpg\" alt=\"\" width=\"721\" height=\"541\" srcset=\"https:\/\/lesvegamis.fr\/wp-content\/uploads\/2022\/12\/6c077-35464680_10156339714829326_9090737030073155584_n.jpg 960w, https:\/\/lesvegamis.fr\/wp-content\/uploads\/2022\/12\/6c077-35464680_10156339714829326_9090737030073155584_n-300x225.jpg 300w, https:\/\/lesvegamis.fr\/wp-content\/uploads\/2022\/12\/6c077-35464680_10156339714829326_9090737030073155584_n-768x576.jpg 768w\" sizes=\"auto, (max-width: 721px) 100vw, 721px\" \/><img loading=\"lazy\" decoding=\"async\" class=\"alignnone size-large wp-image-1412\" src=\"https:\/\/lesvegamis.fr\/wp-content\/uploads\/2022\/12\/15a64-35493207_1876425675752265_7244714310490914816_n-1024x770.jpg\" alt=\"\" width=\"640\" height=\"481\" srcset=\"https:\/\/lesvegamis.fr\/wp-content\/uploads\/2022\/12\/15a64-35493207_1876425675752265_7244714310490914816_n-1024x770.jpg 1024w, https:\/\/lesvegamis.fr\/wp-content\/uploads\/2022\/12\/15a64-35493207_1876425675752265_7244714310490914816_n-300x226.jpg 300w, https:\/\/lesvegamis.fr\/wp-content\/uploads\/2022\/12\/15a64-35493207_1876425675752265_7244714310490914816_n-768x578.jpg 768w, https:\/\/lesvegamis.fr\/wp-content\/uploads\/2022\/12\/15a64-35493207_1876425675752265_7244714310490914816_n-1536x1155.jpg 1536w, https:\/\/lesvegamis.fr\/wp-content\/uploads\/2022\/12\/15a64-35493207_1876425675752265_7244714310490914816_n.jpg 2000w\" sizes=\"auto, (max-width: 640px) 100vw, 640px\" \/><\/p>\n<p>Voici les pains burgers dont la p\u00e2te a \u00e9t\u00e9 confectionn\u00e9e par St\u00e9phanie et que nous avons ensuite fais cuire \u00e0 la MNE afin de faire nos burgers maison \ud83c\udf54 ils \u00e9taient a la fois moelleux et croustillants, un d\u00e9lice !<\/p>\n<p><img loading=\"lazy\" decoding=\"async\" class=\"alignnone size-large wp-image-1526\" src=\"https:\/\/lesvegamis.fr\/wp-content\/uploads\/2022\/12\/8442e-35540758_1876425962418903_5171020833451147264_n-1024x770.jpg\" alt=\"\" width=\"640\" height=\"481\" srcset=\"https:\/\/lesvegamis.fr\/wp-content\/uploads\/2022\/12\/8442e-35540758_1876425962418903_5171020833451147264_n-1024x770.jpg 1024w, https:\/\/lesvegamis.fr\/wp-content\/uploads\/2022\/12\/8442e-35540758_1876425962418903_5171020833451147264_n-300x226.jpg 300w, https:\/\/lesvegamis.fr\/wp-content\/uploads\/2022\/12\/8442e-35540758_1876425962418903_5171020833451147264_n-768x578.jpg 768w, https:\/\/lesvegamis.fr\/wp-content\/uploads\/2022\/12\/8442e-35540758_1876425962418903_5171020833451147264_n-1536x1155.jpg 1536w, https:\/\/lesvegamis.fr\/wp-content\/uploads\/2022\/12\/8442e-35540758_1876425962418903_5171020833451147264_n.jpg 2000w\" sizes=\"auto, (max-width: 640px) 100vw, 640px\" \/><img loading=\"lazy\" decoding=\"async\" class=\"alignnone size-full wp-image-1701\" src=\"https:\/\/lesvegamis.fr\/wp-content\/uploads\/2022\/12\/f1300-35429393_10156339715044326_8447107915587780608_n.jpg\" alt=\"\" width=\"960\" height=\"720\" srcset=\"https:\/\/lesvegamis.fr\/wp-content\/uploads\/2022\/12\/f1300-35429393_10156339715044326_8447107915587780608_n.jpg 960w, https:\/\/lesvegamis.fr\/wp-content\/uploads\/2022\/12\/f1300-35429393_10156339715044326_8447107915587780608_n-300x225.jpg 300w, https:\/\/lesvegamis.fr\/wp-content\/uploads\/2022\/12\/f1300-35429393_10156339715044326_8447107915587780608_n-768x576.jpg 768w\" sizes=\"auto, (max-width: 960px) 100vw, 960px\" \/>Notre table dans le jardin de la MNE : nous n&rsquo;attendions plus que les burgers soient cuits et termin\u00e9s, afin de pouvoir tout manger (activit\u00e9 principale dans l&rsquo;association&#8230;) \ud83c\udf54<img loading=\"lazy\" decoding=\"async\" class=\"alignnone size-full wp-image-1616\" src=\"https:\/\/lesvegamis.fr\/wp-content\/uploads\/2022\/12\/c5b2c-35463188_10156339715349326_7812408188434644992_n.jpg\" alt=\"\" width=\"960\" height=\"720\" srcset=\"https:\/\/lesvegamis.fr\/wp-content\/uploads\/2022\/12\/c5b2c-35463188_10156339715349326_7812408188434644992_n.jpg 960w, https:\/\/lesvegamis.fr\/wp-content\/uploads\/2022\/12\/c5b2c-35463188_10156339715349326_7812408188434644992_n-300x225.jpg 300w, https:\/\/lesvegamis.fr\/wp-content\/uploads\/2022\/12\/c5b2c-35463188_10156339715349326_7812408188434644992_n-768x576.jpg 768w\" sizes=\"auto, (max-width: 960px) 100vw, 960px\" \/><img loading=\"lazy\" decoding=\"async\" class=\"alignnone size-full wp-image-1447\" src=\"https:\/\/lesvegamis.fr\/wp-content\/uploads\/2022\/12\/75f14-35507230_10156339715584326_8467371094548938752_n.jpg\" alt=\"\" width=\"960\" height=\"720\" srcset=\"https:\/\/lesvegamis.fr\/wp-content\/uploads\/2022\/12\/75f14-35507230_10156339715584326_8467371094548938752_n.jpg 960w, https:\/\/lesvegamis.fr\/wp-content\/uploads\/2022\/12\/75f14-35507230_10156339715584326_8467371094548938752_n-300x225.jpg 300w, https:\/\/lesvegamis.fr\/wp-content\/uploads\/2022\/12\/75f14-35507230_10156339715584326_8467371094548938752_n-768x576.jpg 768w\" sizes=\"auto, (max-width: 960px) 100vw, 960px\" \/><\/p>\n<p>Voici les membres de l&rsquo;association et quelques personnes curieuses, une fois pass\u00e9s \u00e0 table ! La m\u00e9t\u00e9o a \u00e9t\u00e9 cl\u00e9mente le temps du repas heureusement \ud83c\udf54 Nous nous sommes r\u00e9gal\u00e9\u00b7e\u00b7s dans la bonne ambiance !<\/p>\n<p><img loading=\"lazy\" decoding=\"async\" class=\"alignnone size-large wp-image-1604\" src=\"https:\/\/lesvegamis.fr\/wp-content\/uploads\/2022\/12\/ba0a7-35522481_1876424819085684_7038714879972212736_n-1024x770.jpg\" alt=\"\" width=\"640\" height=\"481\" srcset=\"https:\/\/lesvegamis.fr\/wp-content\/uploads\/2022\/12\/ba0a7-35522481_1876424819085684_7038714879972212736_n-1024x770.jpg 1024w, https:\/\/lesvegamis.fr\/wp-content\/uploads\/2022\/12\/ba0a7-35522481_1876424819085684_7038714879972212736_n-300x226.jpg 300w, https:\/\/lesvegamis.fr\/wp-content\/uploads\/2022\/12\/ba0a7-35522481_1876424819085684_7038714879972212736_n-768x578.jpg 768w, https:\/\/lesvegamis.fr\/wp-content\/uploads\/2022\/12\/ba0a7-35522481_1876424819085684_7038714879972212736_n-1536x1155.jpg 1536w, https:\/\/lesvegamis.fr\/wp-content\/uploads\/2022\/12\/ba0a7-35522481_1876424819085684_7038714879972212736_n.jpg 2000w\" sizes=\"auto, (max-width: 640px) 100vw, 640px\" \/><\/p>\n<p>Et voici les assiettes finales avec nos burgers maison et nos frites maison ! C&rsquo;\u00e9tait vraiment d\u00e9licieux et tr\u00e8s copieux \ud83c\udf54 Nous le referions sans h\u00e9siter !<\/p>\n<p><img loading=\"lazy\" decoding=\"async\" class=\"alignnone size-full wp-image-1560\" src=\"https:\/\/lesvegamis.fr\/wp-content\/uploads\/2022\/12\/77504-35724622_1876423695752463_3691453158879395840_n.jpg\" alt=\"\" width=\"722\" height=\"960\" srcset=\"https:\/\/lesvegamis.fr\/wp-content\/uploads\/2022\/12\/77504-35724622_1876423695752463_3691453158879395840_n.jpg 722w, https:\/\/lesvegamis.fr\/wp-content\/uploads\/2022\/12\/77504-35724622_1876423695752463_3691453158879395840_n-226x300.jpg 226w\" sizes=\"auto, (max-width: 722px) 100vw, 722px\" \/><\/p>\n<p>Une partie de nos membres se reposant dans l&rsquo;herbe pour dig\u00e9rer les burgers \ud83c\udf54 Le jardin de la Maison de la Nature et de l&rsquo;environnement de Pau est tr\u00e8s agr\u00e9able pour faire une pause et se relaxer \ud83c\udf3f\ud83c\udf43<\/p>\n<p><img loading=\"lazy\" decoding=\"async\" class=\"alignnone size-large wp-image-1698\" src=\"https:\/\/lesvegamis.fr\/wp-content\/uploads\/2022\/12\/f626e-35659941_1876423552419144_7561348555206557696_n-1024x770.jpg\" alt=\"\" width=\"640\" height=\"481\" srcset=\"https:\/\/lesvegamis.fr\/wp-content\/uploads\/2022\/12\/f626e-35659941_1876423552419144_7561348555206557696_n-1024x770.jpg 1024w, https:\/\/lesvegamis.fr\/wp-content\/uploads\/2022\/12\/f626e-35659941_1876423552419144_7561348555206557696_n-300x226.jpg 300w, https:\/\/lesvegamis.fr\/wp-content\/uploads\/2022\/12\/f626e-35659941_1876423552419144_7561348555206557696_n-768x578.jpg 768w, https:\/\/lesvegamis.fr\/wp-content\/uploads\/2022\/12\/f626e-35659941_1876423552419144_7561348555206557696_n-1536x1155.jpg 1536w, https:\/\/lesvegamis.fr\/wp-content\/uploads\/2022\/12\/f626e-35659941_1876423552419144_7561348555206557696_n.jpg 2000w\" sizes=\"auto, (max-width: 640px) 100vw, 640px\" \/><\/p>\n","protected":false},"excerpt":{"rendered":"<p>Le 17 juin 2018 nous avons organis\u00e9 un repas partag\u00e9 \u00e0 la Maison de la Nature et de l&rsquo;Environnement de Pau. Nous nous sommes r\u00e9uni\u00b7e\u00b7s pour pr\u00e9parer des burgers v\u00e9g\u00e9taliens&#8230; <a class=\"read-more\" href=\"https:\/\/lesvegamis.fr\/index.php\/2018\/11\/08\/repas-partage-burger-juin-2018\/\">[Continuer la lecture]<\/a><\/p>\n","protected":false},"author":1,"featured_media":1558,"comment_status":"open","ping_status":"open","sticky":false,"template":"","format":"standard","meta":{"jetpack_post_was_ever_published":false,"_jetpack_newsletter_access":"","_jetpack_dont_email_post_to_subs":false,"_jetpack_newsletter_tier_id":0,"_jetpack_memberships_contains_paywalled_content":false,"_jetpack_memberships_contains_paid_content":false,"footnotes":""},"categories":[8],"tags":[],"class_list":["post-207","post","type-post","status-publish","format-standard","has-post-thumbnail","hentry","category-activites"],"yoast_head":"<!-- This site is optimized with the Yoast SEO plugin v27.4 - https:\/\/yoast.com\/product\/yoast-seo-wordpress\/ -->\n<title>Repas partag\u00e9 (Burger) Juin 2018 - Les V\u00e9g&#039;Amis<\/title>\n<meta name=\"description\" content=\"Repas partag\u00e9 de l&#039;association Les Veg&#039;Amis \u00e0 la MNE de Pau en juin 2017. Au menu : Burger vegan et frites maison !\" \/>\n<meta name=\"robots\" content=\"index, follow, max-snippet:-1, max-image-preview:large, max-video-preview:-1\" \/>\n<link rel=\"canonical\" href=\"https:\/\/lesvegamis.fr\/index.php\/2018\/11\/08\/repas-partage-burger-juin-2018\/\" \/>\n<meta property=\"og:locale\" content=\"fr_FR\" \/>\n<meta property=\"og:type\" content=\"article\" \/>\n<meta property=\"og:title\" content=\"Repas partag\u00e9 (Burger) Juin 2018 - Les V\u00e9g&#039;Amis\" \/>\n<meta property=\"og:description\" content=\"Repas partag\u00e9 de l&#039;association Les Veg&#039;Amis \u00e0 la MNE de Pau en juin 2017. Au menu : Burger vegan et frites maison !\" \/>\n<meta property=\"og:url\" content=\"https:\/\/lesvegamis.fr\/index.php\/2018\/11\/08\/repas-partage-burger-juin-2018\/\" \/>\n<meta property=\"og:site_name\" content=\"Les V\u00e9g&#039;Amis\" \/>\n<meta property=\"article:publisher\" content=\"https:\/\/www.facebook.com\/lesvegamis\/\" \/>\n<meta property=\"article:published_time\" content=\"2018-11-08T18:40:17+00:00\" \/>\n<meta property=\"article:modified_time\" content=\"2022-12-07T17:33:03+00:00\" \/>\n<meta property=\"og:image\" content=\"https:\/\/lesvegamis.fr\/wp-content\/uploads\/2022\/12\/74675-35522481_1876424819085684_7038714879972212736_n.jpg\" \/>\n\t<meta property=\"og:image:width\" content=\"2000\" \/>\n\t<meta property=\"og:image:height\" content=\"1504\" \/>\n\t<meta property=\"og:image:type\" content=\"image\/jpeg\" \/>\n<meta name=\"author\" content=\"Les Vegamis\" \/>\n<meta name=\"twitter:card\" content=\"summary_large_image\" \/>\n<meta name=\"twitter:label1\" content=\"\u00c9crit par\" \/>\n\t<meta name=\"twitter:data1\" content=\"Les Vegamis\" \/>\n\t<meta name=\"twitter:label2\" content=\"Dur\u00e9e de lecture estim\u00e9e\" \/>\n\t<meta name=\"twitter:data2\" content=\"1 minute\" \/>\n<script type=\"application\/ld+json\" class=\"yoast-schema-graph\">{\"@context\":\"https:\\\/\\\/schema.org\",\"@graph\":[{\"@type\":\"Article\",\"@id\":\"https:\\\/\\\/lesvegamis.fr\\\/index.php\\\/2018\\\/11\\\/08\\\/repas-partage-burger-juin-2018\\\/#article\",\"isPartOf\":{\"@id\":\"https:\\\/\\\/lesvegamis.fr\\\/index.php\\\/2018\\\/11\\\/08\\\/repas-partage-burger-juin-2018\\\/\"},\"author\":{\"name\":\"Les Vegamis\",\"@id\":\"https:\\\/\\\/lesvegamis.fr\\\/#\\\/schema\\\/person\\\/99dfc3e25008667b61b0b17835193701\"},\"headline\":\"Repas partag\u00e9 (Burger) Juin 2018\",\"datePublished\":\"2018-11-08T18:40:17+00:00\",\"dateModified\":\"2022-12-07T17:33:03+00:00\",\"mainEntityOfPage\":{\"@id\":\"https:\\\/\\\/lesvegamis.fr\\\/index.php\\\/2018\\\/11\\\/08\\\/repas-partage-burger-juin-2018\\\/\"},\"wordCount\":283,\"commentCount\":0,\"publisher\":{\"@id\":\"https:\\\/\\\/lesvegamis.fr\\\/#organization\"},\"image\":{\"@id\":\"https:\\\/\\\/lesvegamis.fr\\\/index.php\\\/2018\\\/11\\\/08\\\/repas-partage-burger-juin-2018\\\/#primaryimage\"},\"thumbnailUrl\":\"https:\\\/\\\/lesvegamis.fr\\\/wp-content\\\/uploads\\\/2022\\\/12\\\/74675-35522481_1876424819085684_7038714879972212736_n.jpg\",\"articleSection\":[\"Nos activit\u00e9s\"],\"inLanguage\":\"fr-FR\",\"potentialAction\":[{\"@type\":\"CommentAction\",\"name\":\"Comment\",\"target\":[\"https:\\\/\\\/lesvegamis.fr\\\/index.php\\\/2018\\\/11\\\/08\\\/repas-partage-burger-juin-2018\\\/#respond\"]}]},{\"@type\":\"WebPage\",\"@id\":\"https:\\\/\\\/lesvegamis.fr\\\/index.php\\\/2018\\\/11\\\/08\\\/repas-partage-burger-juin-2018\\\/\",\"url\":\"https:\\\/\\\/lesvegamis.fr\\\/index.php\\\/2018\\\/11\\\/08\\\/repas-partage-burger-juin-2018\\\/\",\"name\":\"Repas partag\u00e9 (Burger) Juin 2018 - Les V\u00e9g&#039;Amis\",\"isPartOf\":{\"@id\":\"https:\\\/\\\/lesvegamis.fr\\\/#website\"},\"primaryImageOfPage\":{\"@id\":\"https:\\\/\\\/lesvegamis.fr\\\/index.php\\\/2018\\\/11\\\/08\\\/repas-partage-burger-juin-2018\\\/#primaryimage\"},\"image\":{\"@id\":\"https:\\\/\\\/lesvegamis.fr\\\/index.php\\\/2018\\\/11\\\/08\\\/repas-partage-burger-juin-2018\\\/#primaryimage\"},\"thumbnailUrl\":\"https:\\\/\\\/lesvegamis.fr\\\/wp-content\\\/uploads\\\/2022\\\/12\\\/74675-35522481_1876424819085684_7038714879972212736_n.jpg\",\"datePublished\":\"2018-11-08T18:40:17+00:00\",\"dateModified\":\"2022-12-07T17:33:03+00:00\",\"description\":\"Repas partag\u00e9 de l'association Les Veg'Amis \u00e0 la MNE de Pau en juin 2017. Au menu : Burger vegan et frites maison !\",\"breadcrumb\":{\"@id\":\"https:\\\/\\\/lesvegamis.fr\\\/index.php\\\/2018\\\/11\\\/08\\\/repas-partage-burger-juin-2018\\\/#breadcrumb\"},\"inLanguage\":\"fr-FR\",\"potentialAction\":[{\"@type\":\"ReadAction\",\"target\":[\"https:\\\/\\\/lesvegamis.fr\\\/index.php\\\/2018\\\/11\\\/08\\\/repas-partage-burger-juin-2018\\\/\"]}]},{\"@type\":\"ImageObject\",\"inLanguage\":\"fr-FR\",\"@id\":\"https:\\\/\\\/lesvegamis.fr\\\/index.php\\\/2018\\\/11\\\/08\\\/repas-partage-burger-juin-2018\\\/#primaryimage\",\"url\":\"https:\\\/\\\/lesvegamis.fr\\\/wp-content\\\/uploads\\\/2022\\\/12\\\/74675-35522481_1876424819085684_7038714879972212736_n.jpg\",\"contentUrl\":\"https:\\\/\\\/lesvegamis.fr\\\/wp-content\\\/uploads\\\/2022\\\/12\\\/74675-35522481_1876424819085684_7038714879972212736_n.jpg\",\"width\":2000,\"height\":1504},{\"@type\":\"BreadcrumbList\",\"@id\":\"https:\\\/\\\/lesvegamis.fr\\\/index.php\\\/2018\\\/11\\\/08\\\/repas-partage-burger-juin-2018\\\/#breadcrumb\",\"itemListElement\":[{\"@type\":\"ListItem\",\"position\":1,\"name\":\"Accueil\",\"item\":\"https:\\\/\\\/lesvegamis.fr\\\/\"},{\"@type\":\"ListItem\",\"position\":2,\"name\":\"Repas partag\u00e9 (Burger) Juin 2018\"}]},{\"@type\":\"WebSite\",\"@id\":\"https:\\\/\\\/lesvegamis.fr\\\/#website\",\"url\":\"https:\\\/\\\/lesvegamis.fr\\\/\",\"name\":\"Les V\u00e9g'Amis\",\"description\":\"L&#039;association v\u00e9gane de Pau\",\"publisher\":{\"@id\":\"https:\\\/\\\/lesvegamis.fr\\\/#organization\"},\"potentialAction\":[{\"@type\":\"SearchAction\",\"target\":{\"@type\":\"EntryPoint\",\"urlTemplate\":\"https:\\\/\\\/lesvegamis.fr\\\/?s={search_term_string}\"},\"query-input\":{\"@type\":\"PropertyValueSpecification\",\"valueRequired\":true,\"valueName\":\"search_term_string\"}}],\"inLanguage\":\"fr-FR\"},{\"@type\":\"Organization\",\"@id\":\"https:\\\/\\\/lesvegamis.fr\\\/#organization\",\"name\":\"Association vegan de Pau Les V\u00e9g'Amis\",\"url\":\"https:\\\/\\\/lesvegamis.fr\\\/\",\"logo\":{\"@type\":\"ImageObject\",\"inLanguage\":\"fr-FR\",\"@id\":\"https:\\\/\\\/lesvegamis.fr\\\/#\\\/schema\\\/logo\\\/image\\\/\",\"url\":\"https:\\\/\\\/lesvegamis.fr\\\/wp-content\\\/uploads\\\/2022\\\/12\\\/cropped-logo-couleur-nom-1.png\",\"contentUrl\":\"https:\\\/\\\/lesvegamis.fr\\\/wp-content\\\/uploads\\\/2022\\\/12\\\/cropped-logo-couleur-nom-1.png\",\"width\":192,\"height\":288,\"caption\":\"Association vegan de Pau Les V\u00e9g'Amis\"},\"image\":{\"@id\":\"https:\\\/\\\/lesvegamis.fr\\\/#\\\/schema\\\/logo\\\/image\\\/\"},\"sameAs\":[\"https:\\\/\\\/www.facebook.com\\\/lesvegamis\\\/\",\"https:\\\/\\\/www.instagram.com\\\/lesvegamis\\\/\"]},{\"@type\":\"Person\",\"@id\":\"https:\\\/\\\/lesvegamis.fr\\\/#\\\/schema\\\/person\\\/99dfc3e25008667b61b0b17835193701\",\"name\":\"Les Vegamis\",\"image\":{\"@type\":\"ImageObject\",\"inLanguage\":\"fr-FR\",\"@id\":\"https:\\\/\\\/secure.gravatar.com\\\/avatar\\\/c365180ba419067afc3f9825f3cc192e60b42a216d37a9089bfc0c3707250f43?s=96&d=identicon&r=g\",\"url\":\"https:\\\/\\\/secure.gravatar.com\\\/avatar\\\/c365180ba419067afc3f9825f3cc192e60b42a216d37a9089bfc0c3707250f43?s=96&d=identicon&r=g\",\"contentUrl\":\"https:\\\/\\\/secure.gravatar.com\\\/avatar\\\/c365180ba419067afc3f9825f3cc192e60b42a216d37a9089bfc0c3707250f43?s=96&d=identicon&r=g\",\"caption\":\"Les Vegamis\"},\"sameAs\":[\"http:\\\/\\\/lesvegamis.fr\"],\"url\":\"https:\\\/\\\/lesvegamis.fr\\\/index.php\\\/author\\\/admin6014\\\/\"}]}<\/script>\n<!-- \/ Yoast SEO plugin. -->","yoast_head_json":{"title":"Repas partag\u00e9 (Burger) Juin 2018 - Les V\u00e9g&#039;Amis","description":"Repas partag\u00e9 de l'association Les Veg'Amis \u00e0 la MNE de Pau en juin 2017. Au menu : Burger vegan et frites maison !","robots":{"index":"index","follow":"follow","max-snippet":"max-snippet:-1","max-image-preview":"max-image-preview:large","max-video-preview":"max-video-preview:-1"},"canonical":"https:\/\/lesvegamis.fr\/index.php\/2018\/11\/08\/repas-partage-burger-juin-2018\/","og_locale":"fr_FR","og_type":"article","og_title":"Repas partag\u00e9 (Burger) Juin 2018 - Les V\u00e9g&#039;Amis","og_description":"Repas partag\u00e9 de l'association Les Veg'Amis \u00e0 la MNE de Pau en juin 2017. Au menu : Burger vegan et frites maison !","og_url":"https:\/\/lesvegamis.fr\/index.php\/2018\/11\/08\/repas-partage-burger-juin-2018\/","og_site_name":"Les V\u00e9g&#039;Amis","article_publisher":"https:\/\/www.facebook.com\/lesvegamis\/","article_published_time":"2018-11-08T18:40:17+00:00","article_modified_time":"2022-12-07T17:33:03+00:00","og_image":[{"width":2000,"height":1504,"url":"https:\/\/lesvegamis.fr\/wp-content\/uploads\/2022\/12\/74675-35522481_1876424819085684_7038714879972212736_n.jpg","type":"image\/jpeg"}],"author":"Les Vegamis","twitter_card":"summary_large_image","twitter_misc":{"\u00c9crit par":"Les Vegamis","Dur\u00e9e de lecture estim\u00e9e":"1 minute"},"schema":{"@context":"https:\/\/schema.org","@graph":[{"@type":"Article","@id":"https:\/\/lesvegamis.fr\/index.php\/2018\/11\/08\/repas-partage-burger-juin-2018\/#article","isPartOf":{"@id":"https:\/\/lesvegamis.fr\/index.php\/2018\/11\/08\/repas-partage-burger-juin-2018\/"},"author":{"name":"Les Vegamis","@id":"https:\/\/lesvegamis.fr\/#\/schema\/person\/99dfc3e25008667b61b0b17835193701"},"headline":"Repas partag\u00e9 (Burger) Juin 2018","datePublished":"2018-11-08T18:40:17+00:00","dateModified":"2022-12-07T17:33:03+00:00","mainEntityOfPage":{"@id":"https:\/\/lesvegamis.fr\/index.php\/2018\/11\/08\/repas-partage-burger-juin-2018\/"},"wordCount":283,"commentCount":0,"publisher":{"@id":"https:\/\/lesvegamis.fr\/#organization"},"image":{"@id":"https:\/\/lesvegamis.fr\/index.php\/2018\/11\/08\/repas-partage-burger-juin-2018\/#primaryimage"},"thumbnailUrl":"https:\/\/lesvegamis.fr\/wp-content\/uploads\/2022\/12\/74675-35522481_1876424819085684_7038714879972212736_n.jpg","articleSection":["Nos activit\u00e9s"],"inLanguage":"fr-FR","potentialAction":[{"@type":"CommentAction","name":"Comment","target":["https:\/\/lesvegamis.fr\/index.php\/2018\/11\/08\/repas-partage-burger-juin-2018\/#respond"]}]},{"@type":"WebPage","@id":"https:\/\/lesvegamis.fr\/index.php\/2018\/11\/08\/repas-partage-burger-juin-2018\/","url":"https:\/\/lesvegamis.fr\/index.php\/2018\/11\/08\/repas-partage-burger-juin-2018\/","name":"Repas partag\u00e9 (Burger) Juin 2018 - Les V\u00e9g&#039;Amis","isPartOf":{"@id":"https:\/\/lesvegamis.fr\/#website"},"primaryImageOfPage":{"@id":"https:\/\/lesvegamis.fr\/index.php\/2018\/11\/08\/repas-partage-burger-juin-2018\/#primaryimage"},"image":{"@id":"https:\/\/lesvegamis.fr\/index.php\/2018\/11\/08\/repas-partage-burger-juin-2018\/#primaryimage"},"thumbnailUrl":"https:\/\/lesvegamis.fr\/wp-content\/uploads\/2022\/12\/74675-35522481_1876424819085684_7038714879972212736_n.jpg","datePublished":"2018-11-08T18:40:17+00:00","dateModified":"2022-12-07T17:33:03+00:00","description":"Repas partag\u00e9 de l'association Les Veg'Amis \u00e0 la MNE de Pau en juin 2017. Au menu : Burger vegan et frites maison !","breadcrumb":{"@id":"https:\/\/lesvegamis.fr\/index.php\/2018\/11\/08\/repas-partage-burger-juin-2018\/#breadcrumb"},"inLanguage":"fr-FR","potentialAction":[{"@type":"ReadAction","target":["https:\/\/lesvegamis.fr\/index.php\/2018\/11\/08\/repas-partage-burger-juin-2018\/"]}]},{"@type":"ImageObject","inLanguage":"fr-FR","@id":"https:\/\/lesvegamis.fr\/index.php\/2018\/11\/08\/repas-partage-burger-juin-2018\/#primaryimage","url":"https:\/\/lesvegamis.fr\/wp-content\/uploads\/2022\/12\/74675-35522481_1876424819085684_7038714879972212736_n.jpg","contentUrl":"https:\/\/lesvegamis.fr\/wp-content\/uploads\/2022\/12\/74675-35522481_1876424819085684_7038714879972212736_n.jpg","width":2000,"height":1504},{"@type":"BreadcrumbList","@id":"https:\/\/lesvegamis.fr\/index.php\/2018\/11\/08\/repas-partage-burger-juin-2018\/#breadcrumb","itemListElement":[{"@type":"ListItem","position":1,"name":"Accueil","item":"https:\/\/lesvegamis.fr\/"},{"@type":"ListItem","position":2,"name":"Repas partag\u00e9 (Burger) Juin 2018"}]},{"@type":"WebSite","@id":"https:\/\/lesvegamis.fr\/#website","url":"https:\/\/lesvegamis.fr\/","name":"Les V\u00e9g'Amis","description":"L&#039;association v\u00e9gane de Pau","publisher":{"@id":"https:\/\/lesvegamis.fr\/#organization"},"potentialAction":[{"@type":"SearchAction","target":{"@type":"EntryPoint","urlTemplate":"https:\/\/lesvegamis.fr\/?s={search_term_string}"},"query-input":{"@type":"PropertyValueSpecification","valueRequired":true,"valueName":"search_term_string"}}],"inLanguage":"fr-FR"},{"@type":"Organization","@id":"https:\/\/lesvegamis.fr\/#organization","name":"Association vegan de Pau Les V\u00e9g'Amis","url":"https:\/\/lesvegamis.fr\/","logo":{"@type":"ImageObject","inLanguage":"fr-FR","@id":"https:\/\/lesvegamis.fr\/#\/schema\/logo\/image\/","url":"https:\/\/lesvegamis.fr\/wp-content\/uploads\/2022\/12\/cropped-logo-couleur-nom-1.png","contentUrl":"https:\/\/lesvegamis.fr\/wp-content\/uploads\/2022\/12\/cropped-logo-couleur-nom-1.png","width":192,"height":288,"caption":"Association vegan de Pau Les V\u00e9g'Amis"},"image":{"@id":"https:\/\/lesvegamis.fr\/#\/schema\/logo\/image\/"},"sameAs":["https:\/\/www.facebook.com\/lesvegamis\/","https:\/\/www.instagram.com\/lesvegamis\/"]},{"@type":"Person","@id":"https:\/\/lesvegamis.fr\/#\/schema\/person\/99dfc3e25008667b61b0b17835193701","name":"Les Vegamis","image":{"@type":"ImageObject","inLanguage":"fr-FR","@id":"https:\/\/secure.gravatar.com\/avatar\/c365180ba419067afc3f9825f3cc192e60b42a216d37a9089bfc0c3707250f43?s=96&d=identicon&r=g","url":"https:\/\/secure.gravatar.com\/avatar\/c365180ba419067afc3f9825f3cc192e60b42a216d37a9089bfc0c3707250f43?s=96&d=identicon&r=g","contentUrl":"https:\/\/secure.gravatar.com\/avatar\/c365180ba419067afc3f9825f3cc192e60b42a216d37a9089bfc0c3707250f43?s=96&d=identicon&r=g","caption":"Les Vegamis"},"sameAs":["http:\/\/lesvegamis.fr"],"url":"https:\/\/lesvegamis.fr\/index.php\/author\/admin6014\/"}]}},"jetpack_featured_media_url":"https:\/\/lesvegamis.fr\/wp-content\/uploads\/2022\/12\/74675-35522481_1876424819085684_7038714879972212736_n.jpg","jetpack_sharing_enabled":true,"_links":{"self":[{"href":"https:\/\/lesvegamis.fr\/index.php\/wp-json\/wp\/v2\/posts\/207","targetHints":{"allow":["GET"]}}],"collection":[{"href":"https:\/\/lesvegamis.fr\/index.php\/wp-json\/wp\/v2\/posts"}],"about":[{"href":"https:\/\/lesvegamis.fr\/index.php\/wp-json\/wp\/v2\/types\/post"}],"author":[{"embeddable":true,"href":"https:\/\/lesvegamis.fr\/index.php\/wp-json\/wp\/v2\/users\/1"}],"replies":[{"embeddable":true,"href":"https:\/\/lesvegamis.fr\/index.php\/wp-json\/wp\/v2\/comments?post=207"}],"version-history":[{"count":2,"href":"https:\/\/lesvegamis.fr\/index.php\/wp-json\/wp\/v2\/posts\/207\/revisions"}],"predecessor-version":[{"id":1784,"href":"https:\/\/lesvegamis.fr\/index.php\/wp-json\/wp\/v2\/posts\/207\/revisions\/1784"}],"wp:featuredmedia":[{"embeddable":true,"href":"https:\/\/lesvegamis.fr\/index.php\/wp-json\/wp\/v2\/media\/1558"}],"wp:attachment":[{"href":"https:\/\/lesvegamis.fr\/index.php\/wp-json\/wp\/v2\/media?parent=207"}],"wp:term":[{"taxonomy":"category","embeddable":true,"href":"https:\/\/lesvegamis.fr\/index.php\/wp-json\/wp\/v2\/categories?post=207"},{"taxonomy":"post_tag","embeddable":true,"href":"https:\/\/lesvegamis.fr\/index.php\/wp-json\/wp\/v2\/tags?post=207"}],"curies":[{"name":"wp","href":"https:\/\/api.w.org\/{rel}","templated":true}]}}