{"id":223,"date":"2018-11-13T11:44:13","date_gmt":"2018-11-13T10:44:13","guid":{"rendered":"http:\/\/lesvegamis.fr\/?p=223"},"modified":"2022-12-07T18:26:55","modified_gmt":"2022-12-07T17:26:55","slug":"atelier-fauxmage-le-18-novembre-2018","status":"publish","type":"post","link":"https:\/\/lesvegamis.fr\/index.php\/2018\/11\/13\/atelier-fauxmage-le-18-novembre-2018\/","title":{"rendered":"Atelier fauxmage le 18 novembre 2018"},"content":{"rendered":"<p>Nous avons organis\u00e9 le dimanche 18 novembre un repas v\u00e9g\u00e9talien \u00e0 la MNE, suivi d&rsquo;un atelier fabrication de fauxmage v\u00e9g\u00e9talien.<br \/>\nLe repas a \u00e9t\u00e9 partag\u00e9 fa\u00e7on \u00ab\u00a0auberge espagnole\u00a0\u00bb : chacun-e a amen\u00e9 quelque chose \u00e0 manger de v\u00e9g\u00e9talien, sal\u00e9 et\/ou sucr\u00e9, et on a tout partag\u00e9 \ud83d\ude42<\/p>\n<p>Vous n&rsquo;\u00eates pas membre de l&rsquo;association et souhaitez d\u00e9couvrir nos activit\u00e9s ? Vous \u00eates le ou la bienvenu-e !<br \/>\nLa participation financi\u00e8re \u00e9tait de 3\u20ac pour les membres \u00e0 jour de cotisations et de 5\u20ac pour les autres.<\/p>\n<p>Le rendez-vous \u00e9tait fix\u00e9 vers midi \u00e0 la Maison de la Nature et de l\u2019Environnement du Domaine de Sers pour commencer par le repas !<img loading=\"lazy\" decoding=\"async\" class=\"alignnone size-large wp-image-1431\" src=\"https:\/\/lesvegamis.fr\/wp-content\/uploads\/2022\/12\/48b4d-46510520_315310369071395_5390399387744600064_n-1024x768.jpg\" alt=\"\" width=\"640\" height=\"480\" srcset=\"https:\/\/lesvegamis.fr\/wp-content\/uploads\/2022\/12\/48b4d-46510520_315310369071395_5390399387744600064_n-1024x768.jpg 1024w, https:\/\/lesvegamis.fr\/wp-content\/uploads\/2022\/12\/48b4d-46510520_315310369071395_5390399387744600064_n-300x225.jpg 300w, https:\/\/lesvegamis.fr\/wp-content\/uploads\/2022\/12\/48b4d-46510520_315310369071395_5390399387744600064_n-768x576.jpg 768w, https:\/\/lesvegamis.fr\/wp-content\/uploads\/2022\/12\/48b4d-46510520_315310369071395_5390399387744600064_n-1536x1152.jpg 1536w, https:\/\/lesvegamis.fr\/wp-content\/uploads\/2022\/12\/48b4d-46510520_315310369071395_5390399387744600064_n-2048x1536.jpg 2048w\" sizes=\"auto, (max-width: 640px) 100vw, 640px\" \/><img loading=\"lazy\" decoding=\"async\" class=\"alignnone size-large wp-image-1391\" src=\"https:\/\/lesvegamis.fr\/wp-content\/uploads\/2022\/12\/8c19b-modif-1024x770.png\" alt=\"\" width=\"640\" height=\"481\" srcset=\"https:\/\/lesvegamis.fr\/wp-content\/uploads\/2022\/12\/8c19b-modif-1024x770.png 1024w, https:\/\/lesvegamis.fr\/wp-content\/uploads\/2022\/12\/8c19b-modif-300x226.png 300w, https:\/\/lesvegamis.fr\/wp-content\/uploads\/2022\/12\/8c19b-modif-768x578.png 768w, https:\/\/lesvegamis.fr\/wp-content\/uploads\/2022\/12\/8c19b-modif-1536x1155.png 1536w, https:\/\/lesvegamis.fr\/wp-content\/uploads\/2022\/12\/8c19b-modif-2048x1540.png 2048w\" sizes=\"auto, (max-width: 640px) 100vw, 640px\" \/><\/p>\n<p>Elle est pas belle, cette tabl\u00e9e ?<img loading=\"lazy\" decoding=\"async\" class=\"alignnone size-large wp-image-1379\" src=\"https:\/\/lesvegamis.fr\/wp-content\/uploads\/2022\/12\/7a818-p81118-130831-1024x770.jpg\" alt=\"\" width=\"640\" height=\"481\" srcset=\"https:\/\/lesvegamis.fr\/wp-content\/uploads\/2022\/12\/7a818-p81118-130831-1024x770.jpg 1024w, https:\/\/lesvegamis.fr\/wp-content\/uploads\/2022\/12\/7a818-p81118-130831-300x226.jpg 300w, https:\/\/lesvegamis.fr\/wp-content\/uploads\/2022\/12\/7a818-p81118-130831-768x578.jpg 768w, https:\/\/lesvegamis.fr\/wp-content\/uploads\/2022\/12\/7a818-p81118-130831-1536x1155.jpg 1536w, https:\/\/lesvegamis.fr\/wp-content\/uploads\/2022\/12\/7a818-p81118-130831-2048x1540.jpg 2048w\" sizes=\"auto, (max-width: 640px) 100vw, 640px\" \/><img loading=\"lazy\" decoding=\"async\" class=\"alignnone size-large wp-image-1516\" src=\"https:\/\/lesvegamis.fr\/wp-content\/uploads\/2022\/12\/5893c-p81118-130913-770x1024.jpg\" alt=\"\" width=\"640\" height=\"851\" srcset=\"https:\/\/lesvegamis.fr\/wp-content\/uploads\/2022\/12\/5893c-p81118-130913-770x1024.jpg 770w, https:\/\/lesvegamis.fr\/wp-content\/uploads\/2022\/12\/5893c-p81118-130913-226x300.jpg 226w, https:\/\/lesvegamis.fr\/wp-content\/uploads\/2022\/12\/5893c-p81118-130913-768x1021.jpg 768w, https:\/\/lesvegamis.fr\/wp-content\/uploads\/2022\/12\/5893c-p81118-130913-1155x1536.jpg 1155w, https:\/\/lesvegamis.fr\/wp-content\/uploads\/2022\/12\/5893c-p81118-130913-1540x2048.jpg 1540w, https:\/\/lesvegamis.fr\/wp-content\/uploads\/2022\/12\/5893c-p81118-130913-scaled.jpg 1925w\" sizes=\"auto, (max-width: 640px) 100vw, 640px\" \/><\/p>\n<p>Roul\u00e9 aux patates douces de Martin :<img loading=\"lazy\" decoding=\"async\" class=\"alignnone size-large wp-image-1322\" src=\"https:\/\/lesvegamis.fr\/wp-content\/uploads\/2022\/12\/0ed5b-p81118-131134-1024x1024.jpg\" alt=\"\" width=\"640\" height=\"640\" srcset=\"https:\/\/lesvegamis.fr\/wp-content\/uploads\/2022\/12\/0ed5b-p81118-131134-1024x1024.jpg 1024w, https:\/\/lesvegamis.fr\/wp-content\/uploads\/2022\/12\/0ed5b-p81118-131134-300x300.jpg 300w, https:\/\/lesvegamis.fr\/wp-content\/uploads\/2022\/12\/0ed5b-p81118-131134-150x150.jpg 150w, https:\/\/lesvegamis.fr\/wp-content\/uploads\/2022\/12\/0ed5b-p81118-131134-768x768.jpg 768w, https:\/\/lesvegamis.fr\/wp-content\/uploads\/2022\/12\/0ed5b-p81118-131134-1536x1536.jpg 1536w, https:\/\/lesvegamis.fr\/wp-content\/uploads\/2022\/12\/0ed5b-p81118-131134-2048x2048.jpg 2048w\" sizes=\"auto, (max-width: 640px) 100vw, 640px\" \/><img loading=\"lazy\" decoding=\"async\" class=\"alignnone size-large wp-image-1644\" src=\"https:\/\/lesvegamis.fr\/wp-content\/uploads\/2022\/12\/d800f-p81118-131147-770x1024.jpg\" alt=\"\" width=\"640\" height=\"851\" srcset=\"https:\/\/lesvegamis.fr\/wp-content\/uploads\/2022\/12\/d800f-p81118-131147-770x1024.jpg 770w, https:\/\/lesvegamis.fr\/wp-content\/uploads\/2022\/12\/d800f-p81118-131147-226x300.jpg 226w, https:\/\/lesvegamis.fr\/wp-content\/uploads\/2022\/12\/d800f-p81118-131147-768x1021.jpg 768w, https:\/\/lesvegamis.fr\/wp-content\/uploads\/2022\/12\/d800f-p81118-131147-1155x1536.jpg 1155w, https:\/\/lesvegamis.fr\/wp-content\/uploads\/2022\/12\/d800f-p81118-131147-1540x2048.jpg 1540w, https:\/\/lesvegamis.fr\/wp-content\/uploads\/2022\/12\/d800f-p81118-131147-scaled.jpg 1925w\" sizes=\"auto, (max-width: 640px) 100vw, 640px\" \/><\/p>\n<p>Velout\u00e9 de butternut de Rose :<img loading=\"lazy\" decoding=\"async\" class=\"alignnone size-large wp-image-1367\" src=\"https:\/\/lesvegamis.fr\/wp-content\/uploads\/2022\/12\/6ab54-p81118-131407-1024x1024.jpg\" alt=\"\" width=\"640\" height=\"640\" srcset=\"https:\/\/lesvegamis.fr\/wp-content\/uploads\/2022\/12\/6ab54-p81118-131407-1024x1024.jpg 1024w, https:\/\/lesvegamis.fr\/wp-content\/uploads\/2022\/12\/6ab54-p81118-131407-300x300.jpg 300w, https:\/\/lesvegamis.fr\/wp-content\/uploads\/2022\/12\/6ab54-p81118-131407-150x150.jpg 150w, https:\/\/lesvegamis.fr\/wp-content\/uploads\/2022\/12\/6ab54-p81118-131407-768x768.jpg 768w, https:\/\/lesvegamis.fr\/wp-content\/uploads\/2022\/12\/6ab54-p81118-131407-1536x1536.jpg 1536w, https:\/\/lesvegamis.fr\/wp-content\/uploads\/2022\/12\/6ab54-p81118-131407-2048x2048.jpg 2048w\" sizes=\"auto, (max-width: 640px) 100vw, 640px\" \/><\/p>\n<p>Martin pr\u00e9pos\u00e9 au grille-pain.<img loading=\"lazy\" decoding=\"async\" class=\"alignnone size-large wp-image-1420\" src=\"https:\/\/lesvegamis.fr\/wp-content\/uploads\/2022\/12\/29bf3-p81118-132821-1024x770.jpg\" alt=\"\" width=\"640\" height=\"481\" srcset=\"https:\/\/lesvegamis.fr\/wp-content\/uploads\/2022\/12\/29bf3-p81118-132821-1024x770.jpg 1024w, https:\/\/lesvegamis.fr\/wp-content\/uploads\/2022\/12\/29bf3-p81118-132821-300x226.jpg 300w, https:\/\/lesvegamis.fr\/wp-content\/uploads\/2022\/12\/29bf3-p81118-132821-768x578.jpg 768w, https:\/\/lesvegamis.fr\/wp-content\/uploads\/2022\/12\/29bf3-p81118-132821-1536x1155.jpg 1536w, https:\/\/lesvegamis.fr\/wp-content\/uploads\/2022\/12\/29bf3-p81118-132821-2048x1540.jpg 2048w\" sizes=\"auto, (max-width: 640px) 100vw, 640px\" \/><\/p>\n<p>L&rsquo;assiette finale avec un petit bout des plats de chacun-e !<img loading=\"lazy\" decoding=\"async\" class=\"alignnone size-large wp-image-1465\" src=\"https:\/\/lesvegamis.fr\/wp-content\/uploads\/2022\/12\/149f8-p81118-133334-1024x1024.jpg\" alt=\"\" width=\"640\" height=\"640\" srcset=\"https:\/\/lesvegamis.fr\/wp-content\/uploads\/2022\/12\/149f8-p81118-133334-1024x1024.jpg 1024w, https:\/\/lesvegamis.fr\/wp-content\/uploads\/2022\/12\/149f8-p81118-133334-300x300.jpg 300w, https:\/\/lesvegamis.fr\/wp-content\/uploads\/2022\/12\/149f8-p81118-133334-150x150.jpg 150w, https:\/\/lesvegamis.fr\/wp-content\/uploads\/2022\/12\/149f8-p81118-133334-768x768.jpg 768w, https:\/\/lesvegamis.fr\/wp-content\/uploads\/2022\/12\/149f8-p81118-133334-1536x1536.jpg 1536w, https:\/\/lesvegamis.fr\/wp-content\/uploads\/2022\/12\/149f8-p81118-133334-2048x2048.jpg 2048w\" sizes=\"auto, (max-width: 640px) 100vw, 640px\" \/><\/p>\n<p><span id=\"fbPhotoSnowliftCaption\" class=\"fbPhotosPhotoCaption\" tabindex=\"0\" aria-live=\"polite\" data-ft=\"{&quot;tn&quot;:&quot;K&quot;}\"><span class=\"hasCaption\">Quatre quart de Marine, gateau au chocolat de C\u00e9leste, framboisier et \u00ab\u00a0Test\u00a0\u00bb (?) aux poires de B\u00e9n\u00e9 !<\/span><\/span><span id=\"fbPhotoSnowliftTagList\" class=\"fbPhotoTagList\"><span class=\"fcg\">\u00a0<\/span><\/span><\/p>\n<p><img loading=\"lazy\" decoding=\"async\" class=\"alignnone size-large wp-image-1621\" src=\"https:\/\/lesvegamis.fr\/wp-content\/uploads\/2022\/12\/c352d-p81118-140018-770x1024.jpg\" alt=\"\" width=\"640\" height=\"851\" srcset=\"https:\/\/lesvegamis.fr\/wp-content\/uploads\/2022\/12\/c352d-p81118-140018-770x1024.jpg 770w, https:\/\/lesvegamis.fr\/wp-content\/uploads\/2022\/12\/c352d-p81118-140018-226x300.jpg 226w, https:\/\/lesvegamis.fr\/wp-content\/uploads\/2022\/12\/c352d-p81118-140018-768x1021.jpg 768w, https:\/\/lesvegamis.fr\/wp-content\/uploads\/2022\/12\/c352d-p81118-140018-1155x1536.jpg 1155w, https:\/\/lesvegamis.fr\/wp-content\/uploads\/2022\/12\/c352d-p81118-140018-1540x2048.jpg 1540w, https:\/\/lesvegamis.fr\/wp-content\/uploads\/2022\/12\/c352d-p81118-140018-scaled.jpg 1925w\" sizes=\"auto, (max-width: 640px) 100vw, 640px\" \/><\/p>\n<p>Le superbe et d\u00e9licieux framboisier de B\u00e9n\u00e9&#8230;<img loading=\"lazy\" decoding=\"async\" class=\"alignnone size-large wp-image-1442\" src=\"https:\/\/lesvegamis.fr\/wp-content\/uploads\/2022\/12\/69a3e-p81118-140042-1024x1024.jpg\" alt=\"\" width=\"640\" height=\"640\" srcset=\"https:\/\/lesvegamis.fr\/wp-content\/uploads\/2022\/12\/69a3e-p81118-140042-1024x1024.jpg 1024w, https:\/\/lesvegamis.fr\/wp-content\/uploads\/2022\/12\/69a3e-p81118-140042-300x300.jpg 300w, https:\/\/lesvegamis.fr\/wp-content\/uploads\/2022\/12\/69a3e-p81118-140042-150x150.jpg 150w, https:\/\/lesvegamis.fr\/wp-content\/uploads\/2022\/12\/69a3e-p81118-140042-768x768.jpg 768w, https:\/\/lesvegamis.fr\/wp-content\/uploads\/2022\/12\/69a3e-p81118-140042-1536x1536.jpg 1536w, https:\/\/lesvegamis.fr\/wp-content\/uploads\/2022\/12\/69a3e-p81118-140042-2048x2048.jpg 2048w\" sizes=\"auto, (max-width: 640px) 100vw, 640px\" \/><\/p>\n<p>Vraiment. Rien que le framboisier valait le co\u00fbt de venir.<img loading=\"lazy\" decoding=\"async\" class=\"alignnone size-large wp-image-1457\" src=\"https:\/\/lesvegamis.fr\/wp-content\/uploads\/2022\/12\/92c09-p81118-140746-1024x1024.jpg\" alt=\"\" width=\"640\" height=\"640\" srcset=\"https:\/\/lesvegamis.fr\/wp-content\/uploads\/2022\/12\/92c09-p81118-140746-1024x1024.jpg 1024w, https:\/\/lesvegamis.fr\/wp-content\/uploads\/2022\/12\/92c09-p81118-140746-300x300.jpg 300w, https:\/\/lesvegamis.fr\/wp-content\/uploads\/2022\/12\/92c09-p81118-140746-150x150.jpg 150w, https:\/\/lesvegamis.fr\/wp-content\/uploads\/2022\/12\/92c09-p81118-140746-768x768.jpg 768w, https:\/\/lesvegamis.fr\/wp-content\/uploads\/2022\/12\/92c09-p81118-140746-1536x1536.jpg 1536w, https:\/\/lesvegamis.fr\/wp-content\/uploads\/2022\/12\/92c09-p81118-140746-2048x2048.jpg 2048w\" sizes=\"auto, (max-width: 640px) 100vw, 640px\" \/><\/p>\n<p><span style=\"font-size: revert; color: initial; font-family: -apple-system, BlinkMacSystemFont, 'Segoe UI', Roboto, Oxygen-Sans, Ubuntu, Cantarell, 'Helvetica Neue', sans-serif;\">L&rsquo;assiette des desserts !<\/span><\/p>\n<p><span style=\"font-size: revert; color: initial; font-family: -apple-system, BlinkMacSystemFont, 'Segoe UI', Roboto, Oxygen-Sans, Ubuntu, Cantarell, 'Helvetica Neue', sans-serif;\"><img loading=\"lazy\" decoding=\"async\" class=\"alignnone size-large wp-image-1475\" src=\"https:\/\/lesvegamis.fr\/wp-content\/uploads\/2022\/12\/301e0-p81118-141518-1024x1024.jpg\" alt=\"\" width=\"640\" height=\"640\" srcset=\"https:\/\/lesvegamis.fr\/wp-content\/uploads\/2022\/12\/301e0-p81118-141518-1024x1024.jpg 1024w, https:\/\/lesvegamis.fr\/wp-content\/uploads\/2022\/12\/301e0-p81118-141518-300x300.jpg 300w, https:\/\/lesvegamis.fr\/wp-content\/uploads\/2022\/12\/301e0-p81118-141518-150x150.jpg 150w, https:\/\/lesvegamis.fr\/wp-content\/uploads\/2022\/12\/301e0-p81118-141518-768x768.jpg 768w, https:\/\/lesvegamis.fr\/wp-content\/uploads\/2022\/12\/301e0-p81118-141518-1536x1536.jpg 1536w, https:\/\/lesvegamis.fr\/wp-content\/uploads\/2022\/12\/301e0-p81118-141518-2048x2048.jpg 2048w\" sizes=\"auto, (max-width: 640px) 100vw, 640px\" \/><img loading=\"lazy\" decoding=\"async\" class=\"alignnone size-large wp-image-1570\" src=\"https:\/\/lesvegamis.fr\/wp-content\/uploads\/2022\/12\/a8dbe-p81118-141600-1024x1024.jpg\" alt=\"\" width=\"640\" height=\"640\" srcset=\"https:\/\/lesvegamis.fr\/wp-content\/uploads\/2022\/12\/a8dbe-p81118-141600-1024x1024.jpg 1024w, https:\/\/lesvegamis.fr\/wp-content\/uploads\/2022\/12\/a8dbe-p81118-141600-300x300.jpg 300w, https:\/\/lesvegamis.fr\/wp-content\/uploads\/2022\/12\/a8dbe-p81118-141600-150x150.jpg 150w, https:\/\/lesvegamis.fr\/wp-content\/uploads\/2022\/12\/a8dbe-p81118-141600-768x768.jpg 768w, https:\/\/lesvegamis.fr\/wp-content\/uploads\/2022\/12\/a8dbe-p81118-141600-1536x1536.jpg 1536w, https:\/\/lesvegamis.fr\/wp-content\/uploads\/2022\/12\/a8dbe-p81118-141600-2048x2048.jpg 2048w\" sizes=\"auto, (max-width: 640px) 100vw, 640px\" \/><\/span><\/p>\n<p>Puis on passe \u00e0 l&rsquo;atelier ! Martin coupant l&rsquo;ail avec courage :<img loading=\"lazy\" decoding=\"async\" class=\"alignnone  wp-image-1344\" src=\"https:\/\/lesvegamis.fr\/wp-content\/uploads\/2022\/12\/3f75d-p81118-153407-770x1024.jpg\" alt=\"\" width=\"591\" height=\"786\" srcset=\"https:\/\/lesvegamis.fr\/wp-content\/uploads\/2022\/12\/3f75d-p81118-153407-770x1024.jpg 770w, https:\/\/lesvegamis.fr\/wp-content\/uploads\/2022\/12\/3f75d-p81118-153407-226x300.jpg 226w, https:\/\/lesvegamis.fr\/wp-content\/uploads\/2022\/12\/3f75d-p81118-153407-768x1021.jpg 768w, https:\/\/lesvegamis.fr\/wp-content\/uploads\/2022\/12\/3f75d-p81118-153407-1155x1536.jpg 1155w, https:\/\/lesvegamis.fr\/wp-content\/uploads\/2022\/12\/3f75d-p81118-153407-1540x2048.jpg 1540w, https:\/\/lesvegamis.fr\/wp-content\/uploads\/2022\/12\/3f75d-p81118-153407-scaled.jpg 1925w\" sizes=\"auto, (max-width: 591px) 100vw, 591px\" \/><img loading=\"lazy\" decoding=\"async\" class=\"alignnone  wp-image-1677\" src=\"https:\/\/lesvegamis.fr\/wp-content\/uploads\/2022\/12\/ee4a8-p81118-153414-770x1024.jpg\" alt=\"\" width=\"557\" height=\"741\" srcset=\"https:\/\/lesvegamis.fr\/wp-content\/uploads\/2022\/12\/ee4a8-p81118-153414-770x1024.jpg 770w, https:\/\/lesvegamis.fr\/wp-content\/uploads\/2022\/12\/ee4a8-p81118-153414-226x300.jpg 226w, https:\/\/lesvegamis.fr\/wp-content\/uploads\/2022\/12\/ee4a8-p81118-153414-768x1021.jpg 768w, https:\/\/lesvegamis.fr\/wp-content\/uploads\/2022\/12\/ee4a8-p81118-153414-1155x1536.jpg 1155w, https:\/\/lesvegamis.fr\/wp-content\/uploads\/2022\/12\/ee4a8-p81118-153414-1540x2048.jpg 1540w, https:\/\/lesvegamis.fr\/wp-content\/uploads\/2022\/12\/ee4a8-p81118-153414-scaled.jpg 1925w\" sizes=\"auto, (max-width: 557px) 100vw, 557px\" \/><\/p>\n<p><span style=\"font-size: revert; color: initial; font-family: -apple-system, BlinkMacSystemFont, 'Segoe UI', Roboto, Oxygen-Sans, Ubuntu, Cantarell, 'Helvetica Neue', sans-serif;\">Fabrication du fauxmage fondant \u00e0 raclette !<img loading=\"lazy\" decoding=\"async\" class=\"alignnone size-large wp-image-1577\" src=\"https:\/\/lesvegamis.fr\/wp-content\/uploads\/2022\/12\/a5465-p81118-153420-770x1024.jpg\" alt=\"\" width=\"640\" height=\"851\" srcset=\"https:\/\/lesvegamis.fr\/wp-content\/uploads\/2022\/12\/a5465-p81118-153420-770x1024.jpg 770w, https:\/\/lesvegamis.fr\/wp-content\/uploads\/2022\/12\/a5465-p81118-153420-226x300.jpg 226w, https:\/\/lesvegamis.fr\/wp-content\/uploads\/2022\/12\/a5465-p81118-153420-768x1021.jpg 768w, https:\/\/lesvegamis.fr\/wp-content\/uploads\/2022\/12\/a5465-p81118-153420-1155x1536.jpg 1155w, https:\/\/lesvegamis.fr\/wp-content\/uploads\/2022\/12\/a5465-p81118-153420-1540x2048.jpg 1540w, https:\/\/lesvegamis.fr\/wp-content\/uploads\/2022\/12\/a5465-p81118-153420-scaled.jpg 1925w\" sizes=\"auto, (max-width: 640px) 100vw, 640px\" \/><img loading=\"lazy\" decoding=\"async\" class=\"alignnone size-large wp-image-1476\" src=\"https:\/\/lesvegamis.fr\/wp-content\/uploads\/2022\/12\/305b6-p81118-153434-1024x770.jpg\" alt=\"\" width=\"640\" height=\"481\" srcset=\"https:\/\/lesvegamis.fr\/wp-content\/uploads\/2022\/12\/305b6-p81118-153434-1024x770.jpg 1024w, https:\/\/lesvegamis.fr\/wp-content\/uploads\/2022\/12\/305b6-p81118-153434-300x226.jpg 300w, https:\/\/lesvegamis.fr\/wp-content\/uploads\/2022\/12\/305b6-p81118-153434-768x578.jpg 768w, https:\/\/lesvegamis.fr\/wp-content\/uploads\/2022\/12\/305b6-p81118-153434-1536x1155.jpg 1536w, https:\/\/lesvegamis.fr\/wp-content\/uploads\/2022\/12\/305b6-p81118-153434-2048x1540.jpg 2048w\" sizes=\"auto, (max-width: 640px) 100vw, 640px\" \/><\/span><\/p>\n<p>Une \u00e9quipe tr\u00e8s professionnelle comme on peut l&rsquo;observer sur cette photo, en pleine action ! De gauche \u00e0 droite : Camille, Jess\u00e9, Marine et St\u00e9phanie.<img loading=\"lazy\" decoding=\"async\" class=\"alignnone size-large wp-image-1654\" src=\"https:\/\/lesvegamis.fr\/wp-content\/uploads\/2022\/12\/e0eb3-p81118-153500-1024x770.jpg\" alt=\"\" width=\"640\" height=\"481\" srcset=\"https:\/\/lesvegamis.fr\/wp-content\/uploads\/2022\/12\/e0eb3-p81118-153500-1024x770.jpg 1024w, https:\/\/lesvegamis.fr\/wp-content\/uploads\/2022\/12\/e0eb3-p81118-153500-300x226.jpg 300w, https:\/\/lesvegamis.fr\/wp-content\/uploads\/2022\/12\/e0eb3-p81118-153500-768x578.jpg 768w, https:\/\/lesvegamis.fr\/wp-content\/uploads\/2022\/12\/e0eb3-p81118-153500-1536x1155.jpg 1536w, https:\/\/lesvegamis.fr\/wp-content\/uploads\/2022\/12\/e0eb3-p81118-153500-2048x1540.jpg 2048w\" sizes=\"auto, (max-width: 640px) 100vw, 640px\" \/><img loading=\"lazy\" decoding=\"async\" class=\"alignnone size-large wp-image-1551\" src=\"https:\/\/lesvegamis.fr\/wp-content\/uploads\/2022\/12\/47944-p81118-153538-770x1024.jpg\" alt=\"\" width=\"640\" height=\"851\" srcset=\"https:\/\/lesvegamis.fr\/wp-content\/uploads\/2022\/12\/47944-p81118-153538-770x1024.jpg 770w, https:\/\/lesvegamis.fr\/wp-content\/uploads\/2022\/12\/47944-p81118-153538-226x300.jpg 226w, https:\/\/lesvegamis.fr\/wp-content\/uploads\/2022\/12\/47944-p81118-153538-768x1021.jpg 768w, https:\/\/lesvegamis.fr\/wp-content\/uploads\/2022\/12\/47944-p81118-153538-1155x1536.jpg 1155w, https:\/\/lesvegamis.fr\/wp-content\/uploads\/2022\/12\/47944-p81118-153538-1540x2048.jpg 1540w, https:\/\/lesvegamis.fr\/wp-content\/uploads\/2022\/12\/47944-p81118-153538-scaled.jpg 1925w\" sizes=\"auto, (max-width: 640px) 100vw, 640px\" \/><img loading=\"lazy\" decoding=\"async\" class=\"alignnone size-large wp-image-1398\" src=\"https:\/\/lesvegamis.fr\/wp-content\/uploads\/2022\/12\/8d551-p81118-161822-1024x1024.jpg\" alt=\"\" width=\"640\" height=\"640\" srcset=\"https:\/\/lesvegamis.fr\/wp-content\/uploads\/2022\/12\/8d551-p81118-161822-1024x1024.jpg 1024w, https:\/\/lesvegamis.fr\/wp-content\/uploads\/2022\/12\/8d551-p81118-161822-300x300.jpg 300w, https:\/\/lesvegamis.fr\/wp-content\/uploads\/2022\/12\/8d551-p81118-161822-150x150.jpg 150w, https:\/\/lesvegamis.fr\/wp-content\/uploads\/2022\/12\/8d551-p81118-161822-768x768.jpg 768w, https:\/\/lesvegamis.fr\/wp-content\/uploads\/2022\/12\/8d551-p81118-161822-1536x1536.jpg 1536w, https:\/\/lesvegamis.fr\/wp-content\/uploads\/2022\/12\/8d551-p81118-161822-2048x2048.jpg 2048w\" sizes=\"auto, (max-width: 640px) 100vw, 640px\" \/><\/p>\n<p><span style=\"font-size: revert; color: initial; font-family: -apple-system, BlinkMacSystemFont, 'Segoe UI', Roboto, Oxygen-Sans, Ubuntu, Cantarell, 'Helvetica Neue', sans-serif;\">Merci \u00e0 tous-tes pour ce repas et cet atelier partag\u00e9s dans la bonne humeur ! On s&rsquo;est bien r\u00e9gal\u00e9-e-s et on a appris de bonnes recettes de fauxmages. A bient\u00f4t pour le repas de No\u00ebl qui aura \u00e0 priori lieu le 9 d\u00e9cembre \ud83d\ude09<\/span><\/p>\n","protected":false},"excerpt":{"rendered":"<p>Nous avons organis\u00e9 le dimanche 18 novembre un repas v\u00e9g\u00e9talien \u00e0 la MNE, suivi d&rsquo;un atelier fabrication de fauxmage v\u00e9g\u00e9talien. Le repas a \u00e9t\u00e9 partag\u00e9 fa\u00e7on \u00ab\u00a0auberge espagnole\u00a0\u00bb : chacun-e&#8230; <a class=\"read-more\" href=\"https:\/\/lesvegamis.fr\/index.php\/2018\/11\/13\/atelier-fauxmage-le-18-novembre-2018\/\">[Continuer la lecture]<\/a><\/p>\n","protected":false},"author":1,"featured_media":1611,"comment_status":"open","ping_status":"open","sticky":false,"template":"","format":"standard","meta":{"jetpack_post_was_ever_published":false,"_jetpack_newsletter_access":"","_jetpack_dont_email_post_to_subs":false,"_jetpack_newsletter_tier_id":0,"_jetpack_memberships_contains_paywalled_content":false,"_jetpack_memberships_contains_paid_content":false,"footnotes":""},"categories":[8],"tags":[],"class_list":["post-223","post","type-post","status-publish","format-standard","has-post-thumbnail","hentry","category-activites"],"yoast_head":"<!-- This site is optimized with the Yoast SEO plugin v27.4 - https:\/\/yoast.com\/product\/yoast-seo-wordpress\/ -->\n<title>Atelier fauxmage le 18 novembre 2018 - Les V\u00e9g&#039;Amis<\/title>\n<meta name=\"description\" content=\"Repas partag\u00e9 et atelier fabrication de fauxmage (\u00e0 raclette et \u00e0 tartiner) de l&#039;association les Veg&#039;Amis, ayant eu lieu en novembre 2018 !\" \/>\n<meta name=\"robots\" content=\"index, follow, max-snippet:-1, max-image-preview:large, max-video-preview:-1\" \/>\n<link rel=\"canonical\" href=\"https:\/\/lesvegamis.fr\/index.php\/2018\/11\/13\/atelier-fauxmage-le-18-novembre-2018\/\" \/>\n<meta property=\"og:locale\" content=\"fr_FR\" \/>\n<meta property=\"og:type\" content=\"article\" \/>\n<meta property=\"og:title\" content=\"Atelier fauxmage le 18 novembre 2018 - Les V\u00e9g&#039;Amis\" \/>\n<meta property=\"og:description\" content=\"Repas partag\u00e9 et atelier fabrication de fauxmage (\u00e0 raclette et \u00e0 tartiner) de l&#039;association les Veg&#039;Amis, ayant eu lieu en novembre 2018 !\" \/>\n<meta property=\"og:url\" content=\"https:\/\/lesvegamis.fr\/index.php\/2018\/11\/13\/atelier-fauxmage-le-18-novembre-2018\/\" \/>\n<meta property=\"og:site_name\" content=\"Les V\u00e9g&#039;Amis\" \/>\n<meta property=\"article:publisher\" content=\"https:\/\/www.facebook.com\/lesvegamis\/\" \/>\n<meta property=\"article:published_time\" content=\"2018-11-13T10:44:13+00:00\" \/>\n<meta property=\"article:modified_time\" content=\"2022-12-07T17:26:55+00:00\" \/>\n<meta property=\"og:image\" content=\"https:\/\/lesvegamis.fr\/wp-content\/uploads\/2022\/12\/bf7c2-45754820_272616980057659_3704720149647982592_n.jpg\" \/>\n\t<meta property=\"og:image:width\" content=\"630\" \/>\n\t<meta property=\"og:image:height\" content=\"416\" \/>\n\t<meta property=\"og:image:type\" content=\"image\/jpeg\" \/>\n<meta name=\"author\" content=\"Les Vegamis\" \/>\n<meta name=\"twitter:card\" content=\"summary_large_image\" \/>\n<meta name=\"twitter:label1\" content=\"\u00c9crit par\" \/>\n\t<meta name=\"twitter:data1\" content=\"Les Vegamis\" \/>\n\t<meta name=\"twitter:label2\" content=\"Dur\u00e9e de lecture estim\u00e9e\" \/>\n\t<meta name=\"twitter:data2\" content=\"1 minute\" \/>\n<script type=\"application\/ld+json\" class=\"yoast-schema-graph\">{\"@context\":\"https:\\\/\\\/schema.org\",\"@graph\":[{\"@type\":\"Article\",\"@id\":\"https:\\\/\\\/lesvegamis.fr\\\/index.php\\\/2018\\\/11\\\/13\\\/atelier-fauxmage-le-18-novembre-2018\\\/#article\",\"isPartOf\":{\"@id\":\"https:\\\/\\\/lesvegamis.fr\\\/index.php\\\/2018\\\/11\\\/13\\\/atelier-fauxmage-le-18-novembre-2018\\\/\"},\"author\":{\"name\":\"Les Vegamis\",\"@id\":\"https:\\\/\\\/lesvegamis.fr\\\/#\\\/schema\\\/person\\\/99dfc3e25008667b61b0b17835193701\"},\"headline\":\"Atelier fauxmage le 18 novembre 2018\",\"datePublished\":\"2018-11-13T10:44:13+00:00\",\"dateModified\":\"2022-12-07T17:26:55+00:00\",\"mainEntityOfPage\":{\"@id\":\"https:\\\/\\\/lesvegamis.fr\\\/index.php\\\/2018\\\/11\\\/13\\\/atelier-fauxmage-le-18-novembre-2018\\\/\"},\"wordCount\":272,\"commentCount\":0,\"publisher\":{\"@id\":\"https:\\\/\\\/lesvegamis.fr\\\/#organization\"},\"image\":{\"@id\":\"https:\\\/\\\/lesvegamis.fr\\\/index.php\\\/2018\\\/11\\\/13\\\/atelier-fauxmage-le-18-novembre-2018\\\/#primaryimage\"},\"thumbnailUrl\":\"https:\\\/\\\/lesvegamis.fr\\\/wp-content\\\/uploads\\\/2022\\\/12\\\/bf7c2-45754820_272616980057659_3704720149647982592_n.jpg\",\"articleSection\":[\"Nos activit\u00e9s\"],\"inLanguage\":\"fr-FR\",\"potentialAction\":[{\"@type\":\"CommentAction\",\"name\":\"Comment\",\"target\":[\"https:\\\/\\\/lesvegamis.fr\\\/index.php\\\/2018\\\/11\\\/13\\\/atelier-fauxmage-le-18-novembre-2018\\\/#respond\"]}]},{\"@type\":\"WebPage\",\"@id\":\"https:\\\/\\\/lesvegamis.fr\\\/index.php\\\/2018\\\/11\\\/13\\\/atelier-fauxmage-le-18-novembre-2018\\\/\",\"url\":\"https:\\\/\\\/lesvegamis.fr\\\/index.php\\\/2018\\\/11\\\/13\\\/atelier-fauxmage-le-18-novembre-2018\\\/\",\"name\":\"Atelier fauxmage le 18 novembre 2018 - Les V\u00e9g&#039;Amis\",\"isPartOf\":{\"@id\":\"https:\\\/\\\/lesvegamis.fr\\\/#website\"},\"primaryImageOfPage\":{\"@id\":\"https:\\\/\\\/lesvegamis.fr\\\/index.php\\\/2018\\\/11\\\/13\\\/atelier-fauxmage-le-18-novembre-2018\\\/#primaryimage\"},\"image\":{\"@id\":\"https:\\\/\\\/lesvegamis.fr\\\/index.php\\\/2018\\\/11\\\/13\\\/atelier-fauxmage-le-18-novembre-2018\\\/#primaryimage\"},\"thumbnailUrl\":\"https:\\\/\\\/lesvegamis.fr\\\/wp-content\\\/uploads\\\/2022\\\/12\\\/bf7c2-45754820_272616980057659_3704720149647982592_n.jpg\",\"datePublished\":\"2018-11-13T10:44:13+00:00\",\"dateModified\":\"2022-12-07T17:26:55+00:00\",\"description\":\"Repas partag\u00e9 et atelier fabrication de fauxmage (\u00e0 raclette et \u00e0 tartiner) de l'association les Veg'Amis, ayant eu lieu en novembre 2018 !\",\"breadcrumb\":{\"@id\":\"https:\\\/\\\/lesvegamis.fr\\\/index.php\\\/2018\\\/11\\\/13\\\/atelier-fauxmage-le-18-novembre-2018\\\/#breadcrumb\"},\"inLanguage\":\"fr-FR\",\"potentialAction\":[{\"@type\":\"ReadAction\",\"target\":[\"https:\\\/\\\/lesvegamis.fr\\\/index.php\\\/2018\\\/11\\\/13\\\/atelier-fauxmage-le-18-novembre-2018\\\/\"]}]},{\"@type\":\"ImageObject\",\"inLanguage\":\"fr-FR\",\"@id\":\"https:\\\/\\\/lesvegamis.fr\\\/index.php\\\/2018\\\/11\\\/13\\\/atelier-fauxmage-le-18-novembre-2018\\\/#primaryimage\",\"url\":\"https:\\\/\\\/lesvegamis.fr\\\/wp-content\\\/uploads\\\/2022\\\/12\\\/bf7c2-45754820_272616980057659_3704720149647982592_n.jpg\",\"contentUrl\":\"https:\\\/\\\/lesvegamis.fr\\\/wp-content\\\/uploads\\\/2022\\\/12\\\/bf7c2-45754820_272616980057659_3704720149647982592_n.jpg\",\"width\":630,\"height\":416},{\"@type\":\"BreadcrumbList\",\"@id\":\"https:\\\/\\\/lesvegamis.fr\\\/index.php\\\/2018\\\/11\\\/13\\\/atelier-fauxmage-le-18-novembre-2018\\\/#breadcrumb\",\"itemListElement\":[{\"@type\":\"ListItem\",\"position\":1,\"name\":\"Accueil\",\"item\":\"https:\\\/\\\/lesvegamis.fr\\\/\"},{\"@type\":\"ListItem\",\"position\":2,\"name\":\"Atelier fauxmage le 18 novembre 2018\"}]},{\"@type\":\"WebSite\",\"@id\":\"https:\\\/\\\/lesvegamis.fr\\\/#website\",\"url\":\"https:\\\/\\\/lesvegamis.fr\\\/\",\"name\":\"Les V\u00e9g'Amis\",\"description\":\"L&#039;association v\u00e9gane de Pau\",\"publisher\":{\"@id\":\"https:\\\/\\\/lesvegamis.fr\\\/#organization\"},\"potentialAction\":[{\"@type\":\"SearchAction\",\"target\":{\"@type\":\"EntryPoint\",\"urlTemplate\":\"https:\\\/\\\/lesvegamis.fr\\\/?s={search_term_string}\"},\"query-input\":{\"@type\":\"PropertyValueSpecification\",\"valueRequired\":true,\"valueName\":\"search_term_string\"}}],\"inLanguage\":\"fr-FR\"},{\"@type\":\"Organization\",\"@id\":\"https:\\\/\\\/lesvegamis.fr\\\/#organization\",\"name\":\"Association vegan de Pau Les V\u00e9g'Amis\",\"url\":\"https:\\\/\\\/lesvegamis.fr\\\/\",\"logo\":{\"@type\":\"ImageObject\",\"inLanguage\":\"fr-FR\",\"@id\":\"https:\\\/\\\/lesvegamis.fr\\\/#\\\/schema\\\/logo\\\/image\\\/\",\"url\":\"https:\\\/\\\/lesvegamis.fr\\\/wp-content\\\/uploads\\\/2022\\\/12\\\/cropped-logo-couleur-nom-1.png\",\"contentUrl\":\"https:\\\/\\\/lesvegamis.fr\\\/wp-content\\\/uploads\\\/2022\\\/12\\\/cropped-logo-couleur-nom-1.png\",\"width\":192,\"height\":288,\"caption\":\"Association vegan de Pau Les V\u00e9g'Amis\"},\"image\":{\"@id\":\"https:\\\/\\\/lesvegamis.fr\\\/#\\\/schema\\\/logo\\\/image\\\/\"},\"sameAs\":[\"https:\\\/\\\/www.facebook.com\\\/lesvegamis\\\/\",\"https:\\\/\\\/www.instagram.com\\\/lesvegamis\\\/\"]},{\"@type\":\"Person\",\"@id\":\"https:\\\/\\\/lesvegamis.fr\\\/#\\\/schema\\\/person\\\/99dfc3e25008667b61b0b17835193701\",\"name\":\"Les Vegamis\",\"image\":{\"@type\":\"ImageObject\",\"inLanguage\":\"fr-FR\",\"@id\":\"https:\\\/\\\/secure.gravatar.com\\\/avatar\\\/c365180ba419067afc3f9825f3cc192e60b42a216d37a9089bfc0c3707250f43?s=96&d=identicon&r=g\",\"url\":\"https:\\\/\\\/secure.gravatar.com\\\/avatar\\\/c365180ba419067afc3f9825f3cc192e60b42a216d37a9089bfc0c3707250f43?s=96&d=identicon&r=g\",\"contentUrl\":\"https:\\\/\\\/secure.gravatar.com\\\/avatar\\\/c365180ba419067afc3f9825f3cc192e60b42a216d37a9089bfc0c3707250f43?s=96&d=identicon&r=g\",\"caption\":\"Les Vegamis\"},\"sameAs\":[\"http:\\\/\\\/lesvegamis.fr\"],\"url\":\"https:\\\/\\\/lesvegamis.fr\\\/index.php\\\/author\\\/admin6014\\\/\"}]}<\/script>\n<!-- \/ Yoast SEO plugin. -->","yoast_head_json":{"title":"Atelier fauxmage le 18 novembre 2018 - Les V\u00e9g&#039;Amis","description":"Repas partag\u00e9 et atelier fabrication de fauxmage (\u00e0 raclette et \u00e0 tartiner) de l'association les Veg'Amis, ayant eu lieu en novembre 2018 !","robots":{"index":"index","follow":"follow","max-snippet":"max-snippet:-1","max-image-preview":"max-image-preview:large","max-video-preview":"max-video-preview:-1"},"canonical":"https:\/\/lesvegamis.fr\/index.php\/2018\/11\/13\/atelier-fauxmage-le-18-novembre-2018\/","og_locale":"fr_FR","og_type":"article","og_title":"Atelier fauxmage le 18 novembre 2018 - Les V\u00e9g&#039;Amis","og_description":"Repas partag\u00e9 et atelier fabrication de fauxmage (\u00e0 raclette et \u00e0 tartiner) de l'association les Veg'Amis, ayant eu lieu en novembre 2018 !","og_url":"https:\/\/lesvegamis.fr\/index.php\/2018\/11\/13\/atelier-fauxmage-le-18-novembre-2018\/","og_site_name":"Les V\u00e9g&#039;Amis","article_publisher":"https:\/\/www.facebook.com\/lesvegamis\/","article_published_time":"2018-11-13T10:44:13+00:00","article_modified_time":"2022-12-07T17:26:55+00:00","og_image":[{"width":630,"height":416,"url":"https:\/\/lesvegamis.fr\/wp-content\/uploads\/2022\/12\/bf7c2-45754820_272616980057659_3704720149647982592_n.jpg","type":"image\/jpeg"}],"author":"Les Vegamis","twitter_card":"summary_large_image","twitter_misc":{"\u00c9crit par":"Les Vegamis","Dur\u00e9e de lecture estim\u00e9e":"1 minute"},"schema":{"@context":"https:\/\/schema.org","@graph":[{"@type":"Article","@id":"https:\/\/lesvegamis.fr\/index.php\/2018\/11\/13\/atelier-fauxmage-le-18-novembre-2018\/#article","isPartOf":{"@id":"https:\/\/lesvegamis.fr\/index.php\/2018\/11\/13\/atelier-fauxmage-le-18-novembre-2018\/"},"author":{"name":"Les Vegamis","@id":"https:\/\/lesvegamis.fr\/#\/schema\/person\/99dfc3e25008667b61b0b17835193701"},"headline":"Atelier fauxmage le 18 novembre 2018","datePublished":"2018-11-13T10:44:13+00:00","dateModified":"2022-12-07T17:26:55+00:00","mainEntityOfPage":{"@id":"https:\/\/lesvegamis.fr\/index.php\/2018\/11\/13\/atelier-fauxmage-le-18-novembre-2018\/"},"wordCount":272,"commentCount":0,"publisher":{"@id":"https:\/\/lesvegamis.fr\/#organization"},"image":{"@id":"https:\/\/lesvegamis.fr\/index.php\/2018\/11\/13\/atelier-fauxmage-le-18-novembre-2018\/#primaryimage"},"thumbnailUrl":"https:\/\/lesvegamis.fr\/wp-content\/uploads\/2022\/12\/bf7c2-45754820_272616980057659_3704720149647982592_n.jpg","articleSection":["Nos activit\u00e9s"],"inLanguage":"fr-FR","potentialAction":[{"@type":"CommentAction","name":"Comment","target":["https:\/\/lesvegamis.fr\/index.php\/2018\/11\/13\/atelier-fauxmage-le-18-novembre-2018\/#respond"]}]},{"@type":"WebPage","@id":"https:\/\/lesvegamis.fr\/index.php\/2018\/11\/13\/atelier-fauxmage-le-18-novembre-2018\/","url":"https:\/\/lesvegamis.fr\/index.php\/2018\/11\/13\/atelier-fauxmage-le-18-novembre-2018\/","name":"Atelier fauxmage le 18 novembre 2018 - Les V\u00e9g&#039;Amis","isPartOf":{"@id":"https:\/\/lesvegamis.fr\/#website"},"primaryImageOfPage":{"@id":"https:\/\/lesvegamis.fr\/index.php\/2018\/11\/13\/atelier-fauxmage-le-18-novembre-2018\/#primaryimage"},"image":{"@id":"https:\/\/lesvegamis.fr\/index.php\/2018\/11\/13\/atelier-fauxmage-le-18-novembre-2018\/#primaryimage"},"thumbnailUrl":"https:\/\/lesvegamis.fr\/wp-content\/uploads\/2022\/12\/bf7c2-45754820_272616980057659_3704720149647982592_n.jpg","datePublished":"2018-11-13T10:44:13+00:00","dateModified":"2022-12-07T17:26:55+00:00","description":"Repas partag\u00e9 et atelier fabrication de fauxmage (\u00e0 raclette et \u00e0 tartiner) de l'association les Veg'Amis, ayant eu lieu en novembre 2018 !","breadcrumb":{"@id":"https:\/\/lesvegamis.fr\/index.php\/2018\/11\/13\/atelier-fauxmage-le-18-novembre-2018\/#breadcrumb"},"inLanguage":"fr-FR","potentialAction":[{"@type":"ReadAction","target":["https:\/\/lesvegamis.fr\/index.php\/2018\/11\/13\/atelier-fauxmage-le-18-novembre-2018\/"]}]},{"@type":"ImageObject","inLanguage":"fr-FR","@id":"https:\/\/lesvegamis.fr\/index.php\/2018\/11\/13\/atelier-fauxmage-le-18-novembre-2018\/#primaryimage","url":"https:\/\/lesvegamis.fr\/wp-content\/uploads\/2022\/12\/bf7c2-45754820_272616980057659_3704720149647982592_n.jpg","contentUrl":"https:\/\/lesvegamis.fr\/wp-content\/uploads\/2022\/12\/bf7c2-45754820_272616980057659_3704720149647982592_n.jpg","width":630,"height":416},{"@type":"BreadcrumbList","@id":"https:\/\/lesvegamis.fr\/index.php\/2018\/11\/13\/atelier-fauxmage-le-18-novembre-2018\/#breadcrumb","itemListElement":[{"@type":"ListItem","position":1,"name":"Accueil","item":"https:\/\/lesvegamis.fr\/"},{"@type":"ListItem","position":2,"name":"Atelier fauxmage le 18 novembre 2018"}]},{"@type":"WebSite","@id":"https:\/\/lesvegamis.fr\/#website","url":"https:\/\/lesvegamis.fr\/","name":"Les V\u00e9g'Amis","description":"L&#039;association v\u00e9gane de Pau","publisher":{"@id":"https:\/\/lesvegamis.fr\/#organization"},"potentialAction":[{"@type":"SearchAction","target":{"@type":"EntryPoint","urlTemplate":"https:\/\/lesvegamis.fr\/?s={search_term_string}"},"query-input":{"@type":"PropertyValueSpecification","valueRequired":true,"valueName":"search_term_string"}}],"inLanguage":"fr-FR"},{"@type":"Organization","@id":"https:\/\/lesvegamis.fr\/#organization","name":"Association vegan de Pau Les V\u00e9g'Amis","url":"https:\/\/lesvegamis.fr\/","logo":{"@type":"ImageObject","inLanguage":"fr-FR","@id":"https:\/\/lesvegamis.fr\/#\/schema\/logo\/image\/","url":"https:\/\/lesvegamis.fr\/wp-content\/uploads\/2022\/12\/cropped-logo-couleur-nom-1.png","contentUrl":"https:\/\/lesvegamis.fr\/wp-content\/uploads\/2022\/12\/cropped-logo-couleur-nom-1.png","width":192,"height":288,"caption":"Association vegan de Pau Les V\u00e9g'Amis"},"image":{"@id":"https:\/\/lesvegamis.fr\/#\/schema\/logo\/image\/"},"sameAs":["https:\/\/www.facebook.com\/lesvegamis\/","https:\/\/www.instagram.com\/lesvegamis\/"]},{"@type":"Person","@id":"https:\/\/lesvegamis.fr\/#\/schema\/person\/99dfc3e25008667b61b0b17835193701","name":"Les Vegamis","image":{"@type":"ImageObject","inLanguage":"fr-FR","@id":"https:\/\/secure.gravatar.com\/avatar\/c365180ba419067afc3f9825f3cc192e60b42a216d37a9089bfc0c3707250f43?s=96&d=identicon&r=g","url":"https:\/\/secure.gravatar.com\/avatar\/c365180ba419067afc3f9825f3cc192e60b42a216d37a9089bfc0c3707250f43?s=96&d=identicon&r=g","contentUrl":"https:\/\/secure.gravatar.com\/avatar\/c365180ba419067afc3f9825f3cc192e60b42a216d37a9089bfc0c3707250f43?s=96&d=identicon&r=g","caption":"Les Vegamis"},"sameAs":["http:\/\/lesvegamis.fr"],"url":"https:\/\/lesvegamis.fr\/index.php\/author\/admin6014\/"}]}},"jetpack_featured_media_url":"https:\/\/lesvegamis.fr\/wp-content\/uploads\/2022\/12\/bf7c2-45754820_272616980057659_3704720149647982592_n.jpg","jetpack_sharing_enabled":true,"_links":{"self":[{"href":"https:\/\/lesvegamis.fr\/index.php\/wp-json\/wp\/v2\/posts\/223","targetHints":{"allow":["GET"]}}],"collection":[{"href":"https:\/\/lesvegamis.fr\/index.php\/wp-json\/wp\/v2\/posts"}],"about":[{"href":"https:\/\/lesvegamis.fr\/index.php\/wp-json\/wp\/v2\/types\/post"}],"author":[{"embeddable":true,"href":"https:\/\/lesvegamis.fr\/index.php\/wp-json\/wp\/v2\/users\/1"}],"replies":[{"embeddable":true,"href":"https:\/\/lesvegamis.fr\/index.php\/wp-json\/wp\/v2\/comments?post=223"}],"version-history":[{"count":1,"href":"https:\/\/lesvegamis.fr\/index.php\/wp-json\/wp\/v2\/posts\/223\/revisions"}],"predecessor-version":[{"id":1782,"href":"https:\/\/lesvegamis.fr\/index.php\/wp-json\/wp\/v2\/posts\/223\/revisions\/1782"}],"wp:featuredmedia":[{"embeddable":true,"href":"https:\/\/lesvegamis.fr\/index.php\/wp-json\/wp\/v2\/media\/1611"}],"wp:attachment":[{"href":"https:\/\/lesvegamis.fr\/index.php\/wp-json\/wp\/v2\/media?parent=223"}],"wp:term":[{"taxonomy":"category","embeddable":true,"href":"https:\/\/lesvegamis.fr\/index.php\/wp-json\/wp\/v2\/categories?post=223"},{"taxonomy":"post_tag","embeddable":true,"href":"https:\/\/lesvegamis.fr\/index.php\/wp-json\/wp\/v2\/tags?post=223"}],"curies":[{"name":"wp","href":"https:\/\/api.w.org\/{rel}","templated":true}]}}