{"id":341,"date":"2019-05-22T01:47:24","date_gmt":"2019-05-21T23:47:24","guid":{"rendered":"http:\/\/lesvegamis.fr\/?p=341"},"modified":"2022-12-07T17:46:02","modified_gmt":"2022-12-07T16:46:02","slug":"festival-du-jeu-de-societe-de-pau","status":"publish","type":"post","link":"https:\/\/lesvegamis.fr\/index.php\/2019\/05\/22\/festival-du-jeu-de-societe-de-pau\/","title":{"rendered":"Festival du jeu de soci\u00e9t\u00e9 de Pau"},"content":{"rendered":"<p>Une partie de l&rsquo;association des Veg&rsquo;amis, aid\u00e9e par des b\u00e9n\u00e9voles du festival, a organis\u00e9 la pr\u00e9paration des repas des b\u00e9n\u00e9voles du festival du jeu de soci\u00e9t\u00e9 de Pau, qui a eu lieu du vendredi 29 mars 2019 \u00e0 18h au dimanche 31 mars. ! Voici quelques photos&#8230;<\/p>\n<p><img loading=\"lazy\" decoding=\"async\" class=\"alignnone size-large wp-image-1482\" src=\"https:\/\/lesvegamis.fr\/wp-content\/uploads\/2022\/12\/383d8-img_20190327_145506-768x1024.jpg\" alt=\"\" width=\"640\" height=\"853\" srcset=\"https:\/\/lesvegamis.fr\/wp-content\/uploads\/2022\/12\/383d8-img_20190327_145506-768x1024.jpg 768w, https:\/\/lesvegamis.fr\/wp-content\/uploads\/2022\/12\/383d8-img_20190327_145506-225x300.jpg 225w, https:\/\/lesvegamis.fr\/wp-content\/uploads\/2022\/12\/383d8-img_20190327_145506-1152x1536.jpg 1152w, https:\/\/lesvegamis.fr\/wp-content\/uploads\/2022\/12\/383d8-img_20190327_145506-1536x2048.jpg 1536w, https:\/\/lesvegamis.fr\/wp-content\/uploads\/2022\/12\/383d8-img_20190327_145506-scaled.jpg 1920w\" sizes=\"auto, (max-width: 640px) 100vw, 640px\" \/><img loading=\"lazy\" decoding=\"async\" class=\"alignnone  wp-image-1470\" src=\"https:\/\/lesvegamis.fr\/wp-content\/uploads\/2022\/12\/224c5-img_20190327_145516-768x1024.jpg\" alt=\"\" width=\"571\" height=\"761\" srcset=\"https:\/\/lesvegamis.fr\/wp-content\/uploads\/2022\/12\/224c5-img_20190327_145516-768x1024.jpg 768w, https:\/\/lesvegamis.fr\/wp-content\/uploads\/2022\/12\/224c5-img_20190327_145516-225x300.jpg 225w, https:\/\/lesvegamis.fr\/wp-content\/uploads\/2022\/12\/224c5-img_20190327_145516-1152x1536.jpg 1152w, https:\/\/lesvegamis.fr\/wp-content\/uploads\/2022\/12\/224c5-img_20190327_145516-1536x2048.jpg 1536w, https:\/\/lesvegamis.fr\/wp-content\/uploads\/2022\/12\/224c5-img_20190327_145516-scaled.jpg 1920w\" sizes=\"auto, (max-width: 571px) 100vw, 571px\" \/><img loading=\"lazy\" decoding=\"async\" class=\"alignnone  wp-image-1388\" src=\"https:\/\/lesvegamis.fr\/wp-content\/uploads\/2022\/12\/8a861-img_20190327_173131-768x1024.jpg\" alt=\"\" width=\"568\" height=\"757\" srcset=\"https:\/\/lesvegamis.fr\/wp-content\/uploads\/2022\/12\/8a861-img_20190327_173131-768x1024.jpg 768w, https:\/\/lesvegamis.fr\/wp-content\/uploads\/2022\/12\/8a861-img_20190327_173131-225x300.jpg 225w, https:\/\/lesvegamis.fr\/wp-content\/uploads\/2022\/12\/8a861-img_20190327_173131-1152x1536.jpg 1152w, https:\/\/lesvegamis.fr\/wp-content\/uploads\/2022\/12\/8a861-img_20190327_173131-1536x2048.jpg 1536w, https:\/\/lesvegamis.fr\/wp-content\/uploads\/2022\/12\/8a861-img_20190327_173131-scaled.jpg 1920w\" sizes=\"auto, (max-width: 568px) 100vw, 568px\" \/><img loading=\"lazy\" decoding=\"async\" class=\"alignnone size-large wp-image-1504\" src=\"https:\/\/lesvegamis.fr\/wp-content\/uploads\/2022\/12\/1788d-img_20190328_103235-768x1024.jpg\" alt=\"\" width=\"640\" height=\"853\" srcset=\"https:\/\/lesvegamis.fr\/wp-content\/uploads\/2022\/12\/1788d-img_20190328_103235-768x1024.jpg 768w, https:\/\/lesvegamis.fr\/wp-content\/uploads\/2022\/12\/1788d-img_20190328_103235-225x300.jpg 225w, https:\/\/lesvegamis.fr\/wp-content\/uploads\/2022\/12\/1788d-img_20190328_103235-1152x1536.jpg 1152w, https:\/\/lesvegamis.fr\/wp-content\/uploads\/2022\/12\/1788d-img_20190328_103235-1536x2048.jpg 1536w, https:\/\/lesvegamis.fr\/wp-content\/uploads\/2022\/12\/1788d-img_20190328_103235-scaled.jpg 1920w\" sizes=\"auto, (max-width: 640px) 100vw, 640px\" \/><img loading=\"lazy\" decoding=\"async\" class=\"alignnone size-large wp-image-1360\" src=\"https:\/\/lesvegamis.fr\/wp-content\/uploads\/2022\/12\/5f9a7-img_20190328_103244-768x1024.jpg\" alt=\"\" width=\"640\" height=\"853\" srcset=\"https:\/\/lesvegamis.fr\/wp-content\/uploads\/2022\/12\/5f9a7-img_20190328_103244-768x1024.jpg 768w, https:\/\/lesvegamis.fr\/wp-content\/uploads\/2022\/12\/5f9a7-img_20190328_103244-225x300.jpg 225w, https:\/\/lesvegamis.fr\/wp-content\/uploads\/2022\/12\/5f9a7-img_20190328_103244-1152x1536.jpg 1152w, https:\/\/lesvegamis.fr\/wp-content\/uploads\/2022\/12\/5f9a7-img_20190328_103244-1536x2048.jpg 1536w, https:\/\/lesvegamis.fr\/wp-content\/uploads\/2022\/12\/5f9a7-img_20190328_103244-scaled.jpg 1920w\" sizes=\"auto, (max-width: 640px) 100vw, 640px\" \/><img loading=\"lazy\" decoding=\"async\" class=\"alignnone size-large wp-image-1425\" src=\"https:\/\/lesvegamis.fr\/wp-content\/uploads\/2022\/12\/38dbf-img_20190328_111701-768x1024.jpg\" alt=\"\" width=\"640\" height=\"853\" srcset=\"https:\/\/lesvegamis.fr\/wp-content\/uploads\/2022\/12\/38dbf-img_20190328_111701-768x1024.jpg 768w, https:\/\/lesvegamis.fr\/wp-content\/uploads\/2022\/12\/38dbf-img_20190328_111701-225x300.jpg 225w, https:\/\/lesvegamis.fr\/wp-content\/uploads\/2022\/12\/38dbf-img_20190328_111701-1152x1536.jpg 1152w, https:\/\/lesvegamis.fr\/wp-content\/uploads\/2022\/12\/38dbf-img_20190328_111701-1536x2048.jpg 1536w, https:\/\/lesvegamis.fr\/wp-content\/uploads\/2022\/12\/38dbf-img_20190328_111701-scaled.jpg 1920w\" sizes=\"auto, (max-width: 640px) 100vw, 640px\" \/><img loading=\"lazy\" decoding=\"async\" class=\"alignnone size-large wp-image-1393\" src=\"https:\/\/lesvegamis.fr\/wp-content\/uploads\/2022\/12\/8ca7e-img_20190328_150913-768x1024.jpg\" alt=\"\" width=\"640\" height=\"853\" srcset=\"https:\/\/lesvegamis.fr\/wp-content\/uploads\/2022\/12\/8ca7e-img_20190328_150913-768x1024.jpg 768w, https:\/\/lesvegamis.fr\/wp-content\/uploads\/2022\/12\/8ca7e-img_20190328_150913-225x300.jpg 225w, https:\/\/lesvegamis.fr\/wp-content\/uploads\/2022\/12\/8ca7e-img_20190328_150913-1152x1536.jpg 1152w, https:\/\/lesvegamis.fr\/wp-content\/uploads\/2022\/12\/8ca7e-img_20190328_150913-1536x2048.jpg 1536w, https:\/\/lesvegamis.fr\/wp-content\/uploads\/2022\/12\/8ca7e-img_20190328_150913-scaled.jpg 1920w\" sizes=\"auto, (max-width: 640px) 100vw, 640px\" \/><img loading=\"lazy\" decoding=\"async\" class=\"alignnone size-large wp-image-1630\" src=\"https:\/\/lesvegamis.fr\/wp-content\/uploads\/2022\/12\/ce106-img_20190328_150916-768x1024.jpg\" alt=\"\" width=\"640\" height=\"853\" srcset=\"https:\/\/lesvegamis.fr\/wp-content\/uploads\/2022\/12\/ce106-img_20190328_150916-768x1024.jpg 768w, https:\/\/lesvegamis.fr\/wp-content\/uploads\/2022\/12\/ce106-img_20190328_150916-225x300.jpg 225w, https:\/\/lesvegamis.fr\/wp-content\/uploads\/2022\/12\/ce106-img_20190328_150916-1152x1536.jpg 1152w, https:\/\/lesvegamis.fr\/wp-content\/uploads\/2022\/12\/ce106-img_20190328_150916-1536x2048.jpg 1536w, https:\/\/lesvegamis.fr\/wp-content\/uploads\/2022\/12\/ce106-img_20190328_150916-scaled.jpg 1920w\" sizes=\"auto, (max-width: 640px) 100vw, 640px\" \/><img loading=\"lazy\" decoding=\"async\" class=\"alignnone size-large wp-image-1601\" src=\"https:\/\/lesvegamis.fr\/wp-content\/uploads\/2022\/12\/b605a-img_20190328_175953-768x1024.jpg\" alt=\"\" width=\"640\" height=\"853\" srcset=\"https:\/\/lesvegamis.fr\/wp-content\/uploads\/2022\/12\/b605a-img_20190328_175953-768x1024.jpg 768w, https:\/\/lesvegamis.fr\/wp-content\/uploads\/2022\/12\/b605a-img_20190328_175953-225x300.jpg 225w, https:\/\/lesvegamis.fr\/wp-content\/uploads\/2022\/12\/b605a-img_20190328_175953-1152x1536.jpg 1152w, https:\/\/lesvegamis.fr\/wp-content\/uploads\/2022\/12\/b605a-img_20190328_175953-1536x2048.jpg 1536w, https:\/\/lesvegamis.fr\/wp-content\/uploads\/2022\/12\/b605a-img_20190328_175953-scaled.jpg 1920w\" sizes=\"auto, (max-width: 640px) 100vw, 640px\" \/><img loading=\"lazy\" decoding=\"async\" class=\"alignnone size-large wp-image-1333\" src=\"https:\/\/lesvegamis.fr\/wp-content\/uploads\/2022\/12\/1efe8-img_20190328_180000-768x1024.jpg\" alt=\"\" width=\"640\" height=\"853\" srcset=\"https:\/\/lesvegamis.fr\/wp-content\/uploads\/2022\/12\/1efe8-img_20190328_180000-768x1024.jpg 768w, https:\/\/lesvegamis.fr\/wp-content\/uploads\/2022\/12\/1efe8-img_20190328_180000-225x300.jpg 225w, https:\/\/lesvegamis.fr\/wp-content\/uploads\/2022\/12\/1efe8-img_20190328_180000-1152x1536.jpg 1152w, https:\/\/lesvegamis.fr\/wp-content\/uploads\/2022\/12\/1efe8-img_20190328_180000-1536x2048.jpg 1536w, https:\/\/lesvegamis.fr\/wp-content\/uploads\/2022\/12\/1efe8-img_20190328_180000-scaled.jpg 1920w\" sizes=\"auto, (max-width: 640px) 100vw, 640px\" \/><img loading=\"lazy\" decoding=\"async\" class=\"alignnone size-large wp-image-1586\" src=\"https:\/\/lesvegamis.fr\/wp-content\/uploads\/2022\/12\/ac549-img_20190329_152200-768x1024.jpg\" alt=\"\" width=\"640\" height=\"853\" srcset=\"https:\/\/lesvegamis.fr\/wp-content\/uploads\/2022\/12\/ac549-img_20190329_152200-768x1024.jpg 768w, https:\/\/lesvegamis.fr\/wp-content\/uploads\/2022\/12\/ac549-img_20190329_152200-225x300.jpg 225w, https:\/\/lesvegamis.fr\/wp-content\/uploads\/2022\/12\/ac549-img_20190329_152200-1152x1536.jpg 1152w, https:\/\/lesvegamis.fr\/wp-content\/uploads\/2022\/12\/ac549-img_20190329_152200-1536x2048.jpg 1536w, https:\/\/lesvegamis.fr\/wp-content\/uploads\/2022\/12\/ac549-img_20190329_152200-scaled.jpg 1920w\" sizes=\"auto, (max-width: 640px) 100vw, 640px\" \/><img loading=\"lazy\" decoding=\"async\" class=\"alignnone size-large wp-image-1640\" src=\"https:\/\/lesvegamis.fr\/wp-content\/uploads\/2022\/12\/d28fe-img_20190330_141027-768x1024.jpg\" alt=\"\" width=\"640\" height=\"853\" srcset=\"https:\/\/lesvegamis.fr\/wp-content\/uploads\/2022\/12\/d28fe-img_20190330_141027-768x1024.jpg 768w, https:\/\/lesvegamis.fr\/wp-content\/uploads\/2022\/12\/d28fe-img_20190330_141027-225x300.jpg 225w, https:\/\/lesvegamis.fr\/wp-content\/uploads\/2022\/12\/d28fe-img_20190330_141027-1152x1536.jpg 1152w, https:\/\/lesvegamis.fr\/wp-content\/uploads\/2022\/12\/d28fe-img_20190330_141027-1536x2048.jpg 1536w, https:\/\/lesvegamis.fr\/wp-content\/uploads\/2022\/12\/d28fe-img_20190330_141027-scaled.jpg 1920w\" sizes=\"auto, (max-width: 640px) 100vw, 640px\" \/><img loading=\"lazy\" decoding=\"async\" class=\"alignnone size-large wp-image-1595\" src=\"https:\/\/lesvegamis.fr\/wp-content\/uploads\/2022\/12\/b11df-img_20190330_141033-768x1024.jpg\" alt=\"\" width=\"640\" height=\"853\" srcset=\"https:\/\/lesvegamis.fr\/wp-content\/uploads\/2022\/12\/b11df-img_20190330_141033-768x1024.jpg 768w, https:\/\/lesvegamis.fr\/wp-content\/uploads\/2022\/12\/b11df-img_20190330_141033-225x300.jpg 225w, https:\/\/lesvegamis.fr\/wp-content\/uploads\/2022\/12\/b11df-img_20190330_141033-1152x1536.jpg 1152w, https:\/\/lesvegamis.fr\/wp-content\/uploads\/2022\/12\/b11df-img_20190330_141033-1536x2048.jpg 1536w, https:\/\/lesvegamis.fr\/wp-content\/uploads\/2022\/12\/b11df-img_20190330_141033-scaled.jpg 1920w\" sizes=\"auto, (max-width: 640px) 100vw, 640px\" \/><img loading=\"lazy\" decoding=\"async\" class=\"alignnone size-large wp-image-1548\" src=\"https:\/\/lesvegamis.fr\/wp-content\/uploads\/2022\/12\/40076-img_20190330_194006-768x1024.jpg\" alt=\"\" width=\"640\" height=\"853\" srcset=\"https:\/\/lesvegamis.fr\/wp-content\/uploads\/2022\/12\/40076-img_20190330_194006-768x1024.jpg 768w, https:\/\/lesvegamis.fr\/wp-content\/uploads\/2022\/12\/40076-img_20190330_194006-225x300.jpg 225w, https:\/\/lesvegamis.fr\/wp-content\/uploads\/2022\/12\/40076-img_20190330_194006-1152x1536.jpg 1152w, https:\/\/lesvegamis.fr\/wp-content\/uploads\/2022\/12\/40076-img_20190330_194006-1536x2048.jpg 1536w, https:\/\/lesvegamis.fr\/wp-content\/uploads\/2022\/12\/40076-img_20190330_194006-scaled.jpg 1920w\" sizes=\"auto, (max-width: 640px) 100vw, 640px\" \/><img loading=\"lazy\" decoding=\"async\" class=\"alignnone size-large wp-image-1334\" src=\"https:\/\/lesvegamis.fr\/wp-content\/uploads\/2022\/12\/2bbf3-img_20190330_194011-768x1024.jpg\" alt=\"\" width=\"640\" height=\"853\" srcset=\"https:\/\/lesvegamis.fr\/wp-content\/uploads\/2022\/12\/2bbf3-img_20190330_194011-768x1024.jpg 768w, https:\/\/lesvegamis.fr\/wp-content\/uploads\/2022\/12\/2bbf3-img_20190330_194011-225x300.jpg 225w, https:\/\/lesvegamis.fr\/wp-content\/uploads\/2022\/12\/2bbf3-img_20190330_194011-1152x1536.jpg 1152w, https:\/\/lesvegamis.fr\/wp-content\/uploads\/2022\/12\/2bbf3-img_20190330_194011-1536x2048.jpg 1536w, https:\/\/lesvegamis.fr\/wp-content\/uploads\/2022\/12\/2bbf3-img_20190330_194011-scaled.jpg 1920w\" sizes=\"auto, (max-width: 640px) 100vw, 640px\" \/><\/p>\n","protected":false},"excerpt":{"rendered":"<p>Une partie de l&rsquo;association des Veg&rsquo;amis, aid\u00e9e par des b\u00e9n\u00e9voles du festival, a organis\u00e9 la pr\u00e9paration des repas des b\u00e9n\u00e9voles du festival du jeu de soci\u00e9t\u00e9 de Pau, qui a&#8230; <a class=\"read-more\" href=\"https:\/\/lesvegamis.fr\/index.php\/2019\/05\/22\/festival-du-jeu-de-societe-de-pau\/\">[Continuer la lecture]<\/a><\/p>\n","protected":false},"author":1,"featured_media":1334,"comment_status":"open","ping_status":"open","sticky":false,"template":"","format":"standard","meta":{"jetpack_post_was_ever_published":false,"_jetpack_newsletter_access":"","_jetpack_dont_email_post_to_subs":false,"_jetpack_newsletter_tier_id":0,"_jetpack_memberships_contains_paywalled_content":false,"_jetpack_memberships_contains_paid_content":false,"footnotes":""},"categories":[8],"tags":[],"class_list":["post-341","post","type-post","status-publish","format-standard","has-post-thumbnail","hentry","category-activites"],"yoast_head":"<!-- This site is optimized with the Yoast SEO plugin v27.5 - https:\/\/yoast.com\/product\/yoast-seo-wordpress\/ -->\n<title>Festival du jeu de soci\u00e9t\u00e9 de Pau - Les V\u00e9g&#039;Amis<\/title>\n<meta name=\"robots\" content=\"index, follow, max-snippet:-1, max-image-preview:large, max-video-preview:-1\" \/>\n<link rel=\"canonical\" href=\"https:\/\/lesvegamis.fr\/index.php\/2019\/05\/22\/festival-du-jeu-de-societe-de-pau\/\" \/>\n<meta property=\"og:locale\" content=\"fr_FR\" \/>\n<meta property=\"og:type\" content=\"article\" \/>\n<meta property=\"og:title\" content=\"Festival du jeu de soci\u00e9t\u00e9 de Pau - Les V\u00e9g&#039;Amis\" \/>\n<meta property=\"og:description\" content=\"Une partie de l&rsquo;association des Veg&rsquo;amis, aid\u00e9e par des b\u00e9n\u00e9voles du festival, a organis\u00e9 la pr\u00e9paration des repas des b\u00e9n\u00e9voles du festival du jeu de soci\u00e9t\u00e9 de Pau, qui a... [Continuer la lecture]\" \/>\n<meta property=\"og:url\" content=\"https:\/\/lesvegamis.fr\/index.php\/2019\/05\/22\/festival-du-jeu-de-societe-de-pau\/\" \/>\n<meta property=\"og:site_name\" content=\"Les V\u00e9g&#039;Amis\" \/>\n<meta property=\"article:publisher\" content=\"https:\/\/www.facebook.com\/lesvegamis\/\" \/>\n<meta property=\"article:published_time\" content=\"2019-05-21T23:47:24+00:00\" \/>\n<meta property=\"article:modified_time\" content=\"2022-12-07T16:46:02+00:00\" \/>\n<meta property=\"og:image\" content=\"https:\/\/lesvegamis.fr\/wp-content\/uploads\/2022\/12\/2bbf3-img_20190330_194011-scaled.jpg\" \/>\n\t<meta property=\"og:image:width\" content=\"1920\" \/>\n\t<meta property=\"og:image:height\" content=\"2560\" \/>\n\t<meta property=\"og:image:type\" content=\"image\/jpeg\" \/>\n<meta name=\"author\" content=\"Les Vegamis\" \/>\n<meta name=\"twitter:card\" content=\"summary_large_image\" \/>\n<meta name=\"twitter:label1\" content=\"\u00c9crit par\" \/>\n\t<meta name=\"twitter:data1\" content=\"Les Vegamis\" \/>\n<script type=\"application\/ld+json\" class=\"yoast-schema-graph\">{\"@context\":\"https:\\\/\\\/schema.org\",\"@graph\":[{\"@type\":\"Article\",\"@id\":\"https:\\\/\\\/lesvegamis.fr\\\/index.php\\\/2019\\\/05\\\/22\\\/festival-du-jeu-de-societe-de-pau\\\/#article\",\"isPartOf\":{\"@id\":\"https:\\\/\\\/lesvegamis.fr\\\/index.php\\\/2019\\\/05\\\/22\\\/festival-du-jeu-de-societe-de-pau\\\/\"},\"author\":{\"name\":\"Les Vegamis\",\"@id\":\"https:\\\/\\\/lesvegamis.fr\\\/#\\\/schema\\\/person\\\/99dfc3e25008667b61b0b17835193701\"},\"headline\":\"Festival du jeu de soci\u00e9t\u00e9 de Pau\",\"datePublished\":\"2019-05-21T23:47:24+00:00\",\"dateModified\":\"2022-12-07T16:46:02+00:00\",\"mainEntityOfPage\":{\"@id\":\"https:\\\/\\\/lesvegamis.fr\\\/index.php\\\/2019\\\/05\\\/22\\\/festival-du-jeu-de-societe-de-pau\\\/\"},\"wordCount\":57,\"commentCount\":0,\"publisher\":{\"@id\":\"https:\\\/\\\/lesvegamis.fr\\\/#organization\"},\"image\":{\"@id\":\"https:\\\/\\\/lesvegamis.fr\\\/index.php\\\/2019\\\/05\\\/22\\\/festival-du-jeu-de-societe-de-pau\\\/#primaryimage\"},\"thumbnailUrl\":\"https:\\\/\\\/lesvegamis.fr\\\/wp-content\\\/uploads\\\/2022\\\/12\\\/2bbf3-img_20190330_194011-scaled.jpg\",\"articleSection\":[\"Nos activit\u00e9s\"],\"inLanguage\":\"fr-FR\",\"potentialAction\":[{\"@type\":\"CommentAction\",\"name\":\"Comment\",\"target\":[\"https:\\\/\\\/lesvegamis.fr\\\/index.php\\\/2019\\\/05\\\/22\\\/festival-du-jeu-de-societe-de-pau\\\/#respond\"]}]},{\"@type\":\"WebPage\",\"@id\":\"https:\\\/\\\/lesvegamis.fr\\\/index.php\\\/2019\\\/05\\\/22\\\/festival-du-jeu-de-societe-de-pau\\\/\",\"url\":\"https:\\\/\\\/lesvegamis.fr\\\/index.php\\\/2019\\\/05\\\/22\\\/festival-du-jeu-de-societe-de-pau\\\/\",\"name\":\"Festival du jeu de soci\u00e9t\u00e9 de Pau - Les V\u00e9g&#039;Amis\",\"isPartOf\":{\"@id\":\"https:\\\/\\\/lesvegamis.fr\\\/#website\"},\"primaryImageOfPage\":{\"@id\":\"https:\\\/\\\/lesvegamis.fr\\\/index.php\\\/2019\\\/05\\\/22\\\/festival-du-jeu-de-societe-de-pau\\\/#primaryimage\"},\"image\":{\"@id\":\"https:\\\/\\\/lesvegamis.fr\\\/index.php\\\/2019\\\/05\\\/22\\\/festival-du-jeu-de-societe-de-pau\\\/#primaryimage\"},\"thumbnailUrl\":\"https:\\\/\\\/lesvegamis.fr\\\/wp-content\\\/uploads\\\/2022\\\/12\\\/2bbf3-img_20190330_194011-scaled.jpg\",\"datePublished\":\"2019-05-21T23:47:24+00:00\",\"dateModified\":\"2022-12-07T16:46:02+00:00\",\"breadcrumb\":{\"@id\":\"https:\\\/\\\/lesvegamis.fr\\\/index.php\\\/2019\\\/05\\\/22\\\/festival-du-jeu-de-societe-de-pau\\\/#breadcrumb\"},\"inLanguage\":\"fr-FR\",\"potentialAction\":[{\"@type\":\"ReadAction\",\"target\":[\"https:\\\/\\\/lesvegamis.fr\\\/index.php\\\/2019\\\/05\\\/22\\\/festival-du-jeu-de-societe-de-pau\\\/\"]}]},{\"@type\":\"ImageObject\",\"inLanguage\":\"fr-FR\",\"@id\":\"https:\\\/\\\/lesvegamis.fr\\\/index.php\\\/2019\\\/05\\\/22\\\/festival-du-jeu-de-societe-de-pau\\\/#primaryimage\",\"url\":\"https:\\\/\\\/lesvegamis.fr\\\/wp-content\\\/uploads\\\/2022\\\/12\\\/2bbf3-img_20190330_194011-scaled.jpg\",\"contentUrl\":\"https:\\\/\\\/lesvegamis.fr\\\/wp-content\\\/uploads\\\/2022\\\/12\\\/2bbf3-img_20190330_194011-scaled.jpg\",\"width\":1920,\"height\":2560},{\"@type\":\"BreadcrumbList\",\"@id\":\"https:\\\/\\\/lesvegamis.fr\\\/index.php\\\/2019\\\/05\\\/22\\\/festival-du-jeu-de-societe-de-pau\\\/#breadcrumb\",\"itemListElement\":[{\"@type\":\"ListItem\",\"position\":1,\"name\":\"Accueil\",\"item\":\"https:\\\/\\\/lesvegamis.fr\\\/\"},{\"@type\":\"ListItem\",\"position\":2,\"name\":\"Festival du jeu de soci\u00e9t\u00e9 de Pau\"}]},{\"@type\":\"WebSite\",\"@id\":\"https:\\\/\\\/lesvegamis.fr\\\/#website\",\"url\":\"https:\\\/\\\/lesvegamis.fr\\\/\",\"name\":\"Les V\u00e9g'Amis\",\"description\":\"L&#039;association v\u00e9gane de Pau\",\"publisher\":{\"@id\":\"https:\\\/\\\/lesvegamis.fr\\\/#organization\"},\"potentialAction\":[{\"@type\":\"SearchAction\",\"target\":{\"@type\":\"EntryPoint\",\"urlTemplate\":\"https:\\\/\\\/lesvegamis.fr\\\/?s={search_term_string}\"},\"query-input\":{\"@type\":\"PropertyValueSpecification\",\"valueRequired\":true,\"valueName\":\"search_term_string\"}}],\"inLanguage\":\"fr-FR\"},{\"@type\":\"Organization\",\"@id\":\"https:\\\/\\\/lesvegamis.fr\\\/#organization\",\"name\":\"Association vegan de Pau Les V\u00e9g'Amis\",\"url\":\"https:\\\/\\\/lesvegamis.fr\\\/\",\"logo\":{\"@type\":\"ImageObject\",\"inLanguage\":\"fr-FR\",\"@id\":\"https:\\\/\\\/lesvegamis.fr\\\/#\\\/schema\\\/logo\\\/image\\\/\",\"url\":\"https:\\\/\\\/lesvegamis.fr\\\/wp-content\\\/uploads\\\/2022\\\/12\\\/cropped-logo-couleur-nom-1.png\",\"contentUrl\":\"https:\\\/\\\/lesvegamis.fr\\\/wp-content\\\/uploads\\\/2022\\\/12\\\/cropped-logo-couleur-nom-1.png\",\"width\":192,\"height\":288,\"caption\":\"Association vegan de Pau Les V\u00e9g'Amis\"},\"image\":{\"@id\":\"https:\\\/\\\/lesvegamis.fr\\\/#\\\/schema\\\/logo\\\/image\\\/\"},\"sameAs\":[\"https:\\\/\\\/www.facebook.com\\\/lesvegamis\\\/\",\"https:\\\/\\\/www.instagram.com\\\/lesvegamis\\\/\"]},{\"@type\":\"Person\",\"@id\":\"https:\\\/\\\/lesvegamis.fr\\\/#\\\/schema\\\/person\\\/99dfc3e25008667b61b0b17835193701\",\"name\":\"Les Vegamis\",\"image\":{\"@type\":\"ImageObject\",\"inLanguage\":\"fr-FR\",\"@id\":\"https:\\\/\\\/secure.gravatar.com\\\/avatar\\\/c365180ba419067afc3f9825f3cc192e60b42a216d37a9089bfc0c3707250f43?s=96&d=identicon&r=g\",\"url\":\"https:\\\/\\\/secure.gravatar.com\\\/avatar\\\/c365180ba419067afc3f9825f3cc192e60b42a216d37a9089bfc0c3707250f43?s=96&d=identicon&r=g\",\"contentUrl\":\"https:\\\/\\\/secure.gravatar.com\\\/avatar\\\/c365180ba419067afc3f9825f3cc192e60b42a216d37a9089bfc0c3707250f43?s=96&d=identicon&r=g\",\"caption\":\"Les Vegamis\"},\"sameAs\":[\"http:\\\/\\\/lesvegamis.fr\"],\"url\":\"https:\\\/\\\/lesvegamis.fr\\\/index.php\\\/author\\\/admin6014\\\/\"}]}<\/script>\n<!-- \/ Yoast SEO plugin. -->","yoast_head_json":{"title":"Festival du jeu de soci\u00e9t\u00e9 de Pau - Les V\u00e9g&#039;Amis","robots":{"index":"index","follow":"follow","max-snippet":"max-snippet:-1","max-image-preview":"max-image-preview:large","max-video-preview":"max-video-preview:-1"},"canonical":"https:\/\/lesvegamis.fr\/index.php\/2019\/05\/22\/festival-du-jeu-de-societe-de-pau\/","og_locale":"fr_FR","og_type":"article","og_title":"Festival du jeu de soci\u00e9t\u00e9 de Pau - Les V\u00e9g&#039;Amis","og_description":"Une partie de l&rsquo;association des Veg&rsquo;amis, aid\u00e9e par des b\u00e9n\u00e9voles du festival, a organis\u00e9 la pr\u00e9paration des repas des b\u00e9n\u00e9voles du festival du jeu de soci\u00e9t\u00e9 de Pau, qui a... [Continuer la lecture]","og_url":"https:\/\/lesvegamis.fr\/index.php\/2019\/05\/22\/festival-du-jeu-de-societe-de-pau\/","og_site_name":"Les V\u00e9g&#039;Amis","article_publisher":"https:\/\/www.facebook.com\/lesvegamis\/","article_published_time":"2019-05-21T23:47:24+00:00","article_modified_time":"2022-12-07T16:46:02+00:00","og_image":[{"width":1920,"height":2560,"url":"https:\/\/lesvegamis.fr\/wp-content\/uploads\/2022\/12\/2bbf3-img_20190330_194011-scaled.jpg","type":"image\/jpeg"}],"author":"Les Vegamis","twitter_card":"summary_large_image","twitter_misc":{"\u00c9crit par":"Les Vegamis"},"schema":{"@context":"https:\/\/schema.org","@graph":[{"@type":"Article","@id":"https:\/\/lesvegamis.fr\/index.php\/2019\/05\/22\/festival-du-jeu-de-societe-de-pau\/#article","isPartOf":{"@id":"https:\/\/lesvegamis.fr\/index.php\/2019\/05\/22\/festival-du-jeu-de-societe-de-pau\/"},"author":{"name":"Les Vegamis","@id":"https:\/\/lesvegamis.fr\/#\/schema\/person\/99dfc3e25008667b61b0b17835193701"},"headline":"Festival du jeu de soci\u00e9t\u00e9 de Pau","datePublished":"2019-05-21T23:47:24+00:00","dateModified":"2022-12-07T16:46:02+00:00","mainEntityOfPage":{"@id":"https:\/\/lesvegamis.fr\/index.php\/2019\/05\/22\/festival-du-jeu-de-societe-de-pau\/"},"wordCount":57,"commentCount":0,"publisher":{"@id":"https:\/\/lesvegamis.fr\/#organization"},"image":{"@id":"https:\/\/lesvegamis.fr\/index.php\/2019\/05\/22\/festival-du-jeu-de-societe-de-pau\/#primaryimage"},"thumbnailUrl":"https:\/\/lesvegamis.fr\/wp-content\/uploads\/2022\/12\/2bbf3-img_20190330_194011-scaled.jpg","articleSection":["Nos activit\u00e9s"],"inLanguage":"fr-FR","potentialAction":[{"@type":"CommentAction","name":"Comment","target":["https:\/\/lesvegamis.fr\/index.php\/2019\/05\/22\/festival-du-jeu-de-societe-de-pau\/#respond"]}]},{"@type":"WebPage","@id":"https:\/\/lesvegamis.fr\/index.php\/2019\/05\/22\/festival-du-jeu-de-societe-de-pau\/","url":"https:\/\/lesvegamis.fr\/index.php\/2019\/05\/22\/festival-du-jeu-de-societe-de-pau\/","name":"Festival du jeu de soci\u00e9t\u00e9 de Pau - Les V\u00e9g&#039;Amis","isPartOf":{"@id":"https:\/\/lesvegamis.fr\/#website"},"primaryImageOfPage":{"@id":"https:\/\/lesvegamis.fr\/index.php\/2019\/05\/22\/festival-du-jeu-de-societe-de-pau\/#primaryimage"},"image":{"@id":"https:\/\/lesvegamis.fr\/index.php\/2019\/05\/22\/festival-du-jeu-de-societe-de-pau\/#primaryimage"},"thumbnailUrl":"https:\/\/lesvegamis.fr\/wp-content\/uploads\/2022\/12\/2bbf3-img_20190330_194011-scaled.jpg","datePublished":"2019-05-21T23:47:24+00:00","dateModified":"2022-12-07T16:46:02+00:00","breadcrumb":{"@id":"https:\/\/lesvegamis.fr\/index.php\/2019\/05\/22\/festival-du-jeu-de-societe-de-pau\/#breadcrumb"},"inLanguage":"fr-FR","potentialAction":[{"@type":"ReadAction","target":["https:\/\/lesvegamis.fr\/index.php\/2019\/05\/22\/festival-du-jeu-de-societe-de-pau\/"]}]},{"@type":"ImageObject","inLanguage":"fr-FR","@id":"https:\/\/lesvegamis.fr\/index.php\/2019\/05\/22\/festival-du-jeu-de-societe-de-pau\/#primaryimage","url":"https:\/\/lesvegamis.fr\/wp-content\/uploads\/2022\/12\/2bbf3-img_20190330_194011-scaled.jpg","contentUrl":"https:\/\/lesvegamis.fr\/wp-content\/uploads\/2022\/12\/2bbf3-img_20190330_194011-scaled.jpg","width":1920,"height":2560},{"@type":"BreadcrumbList","@id":"https:\/\/lesvegamis.fr\/index.php\/2019\/05\/22\/festival-du-jeu-de-societe-de-pau\/#breadcrumb","itemListElement":[{"@type":"ListItem","position":1,"name":"Accueil","item":"https:\/\/lesvegamis.fr\/"},{"@type":"ListItem","position":2,"name":"Festival du jeu de soci\u00e9t\u00e9 de Pau"}]},{"@type":"WebSite","@id":"https:\/\/lesvegamis.fr\/#website","url":"https:\/\/lesvegamis.fr\/","name":"Les V\u00e9g'Amis","description":"L&#039;association v\u00e9gane de Pau","publisher":{"@id":"https:\/\/lesvegamis.fr\/#organization"},"potentialAction":[{"@type":"SearchAction","target":{"@type":"EntryPoint","urlTemplate":"https:\/\/lesvegamis.fr\/?s={search_term_string}"},"query-input":{"@type":"PropertyValueSpecification","valueRequired":true,"valueName":"search_term_string"}}],"inLanguage":"fr-FR"},{"@type":"Organization","@id":"https:\/\/lesvegamis.fr\/#organization","name":"Association vegan de Pau Les V\u00e9g'Amis","url":"https:\/\/lesvegamis.fr\/","logo":{"@type":"ImageObject","inLanguage":"fr-FR","@id":"https:\/\/lesvegamis.fr\/#\/schema\/logo\/image\/","url":"https:\/\/lesvegamis.fr\/wp-content\/uploads\/2022\/12\/cropped-logo-couleur-nom-1.png","contentUrl":"https:\/\/lesvegamis.fr\/wp-content\/uploads\/2022\/12\/cropped-logo-couleur-nom-1.png","width":192,"height":288,"caption":"Association vegan de Pau Les V\u00e9g'Amis"},"image":{"@id":"https:\/\/lesvegamis.fr\/#\/schema\/logo\/image\/"},"sameAs":["https:\/\/www.facebook.com\/lesvegamis\/","https:\/\/www.instagram.com\/lesvegamis\/"]},{"@type":"Person","@id":"https:\/\/lesvegamis.fr\/#\/schema\/person\/99dfc3e25008667b61b0b17835193701","name":"Les Vegamis","image":{"@type":"ImageObject","inLanguage":"fr-FR","@id":"https:\/\/secure.gravatar.com\/avatar\/c365180ba419067afc3f9825f3cc192e60b42a216d37a9089bfc0c3707250f43?s=96&d=identicon&r=g","url":"https:\/\/secure.gravatar.com\/avatar\/c365180ba419067afc3f9825f3cc192e60b42a216d37a9089bfc0c3707250f43?s=96&d=identicon&r=g","contentUrl":"https:\/\/secure.gravatar.com\/avatar\/c365180ba419067afc3f9825f3cc192e60b42a216d37a9089bfc0c3707250f43?s=96&d=identicon&r=g","caption":"Les Vegamis"},"sameAs":["http:\/\/lesvegamis.fr"],"url":"https:\/\/lesvegamis.fr\/index.php\/author\/admin6014\/"}]}},"jetpack_featured_media_url":"https:\/\/lesvegamis.fr\/wp-content\/uploads\/2022\/12\/2bbf3-img_20190330_194011-scaled.jpg","jetpack_sharing_enabled":true,"_links":{"self":[{"href":"https:\/\/lesvegamis.fr\/index.php\/wp-json\/wp\/v2\/posts\/341","targetHints":{"allow":["GET"]}}],"collection":[{"href":"https:\/\/lesvegamis.fr\/index.php\/wp-json\/wp\/v2\/posts"}],"about":[{"href":"https:\/\/lesvegamis.fr\/index.php\/wp-json\/wp\/v2\/types\/post"}],"author":[{"embeddable":true,"href":"https:\/\/lesvegamis.fr\/index.php\/wp-json\/wp\/v2\/users\/1"}],"replies":[{"embeddable":true,"href":"https:\/\/lesvegamis.fr\/index.php\/wp-json\/wp\/v2\/comments?post=341"}],"version-history":[{"count":1,"href":"https:\/\/lesvegamis.fr\/index.php\/wp-json\/wp\/v2\/posts\/341\/revisions"}],"predecessor-version":[{"id":1774,"href":"https:\/\/lesvegamis.fr\/index.php\/wp-json\/wp\/v2\/posts\/341\/revisions\/1774"}],"wp:featuredmedia":[{"embeddable":true,"href":"https:\/\/lesvegamis.fr\/index.php\/wp-json\/wp\/v2\/media\/1334"}],"wp:attachment":[{"href":"https:\/\/lesvegamis.fr\/index.php\/wp-json\/wp\/v2\/media?parent=341"}],"wp:term":[{"taxonomy":"category","embeddable":true,"href":"https:\/\/lesvegamis.fr\/index.php\/wp-json\/wp\/v2\/categories?post=341"},{"taxonomy":"post_tag","embeddable":true,"href":"https:\/\/lesvegamis.fr\/index.php\/wp-json\/wp\/v2\/tags?post=341"}],"curies":[{"name":"wp","href":"https:\/\/api.w.org\/{rel}","templated":true}]}}