{"id":423,"date":"2019-07-21T04:49:48","date_gmt":"2019-07-21T02:49:48","guid":{"rendered":"http:\/\/lesvegamis.fr\/?p=423"},"modified":"2022-12-07T17:14:09","modified_gmt":"2022-12-07T16:14:09","slug":"soiree-barbecue-vegan-du-19-juillet-2019","status":"publish","type":"post","link":"https:\/\/lesvegamis.fr\/index.php\/2019\/07\/21\/soiree-barbecue-vegan-du-19-juillet-2019\/","title":{"rendered":"Soir\u00e9e barbecue vegan du 19 juillet 2019"},"content":{"rendered":"<p>Soir\u00e9e barbecue vegan le 19 juillet ! <em>Repas partag\u00e9 (gratuit) : Chaque personne est invit\u00e9e \u00e0 apporter un plat (seitan, l\u00e9gumes, simili&#8230;) et\/ou un dessert v\u00e9g\u00e9talien. Un barbecue grill et une plancha seront \u00e0 votre disposition tout au long du repas. <\/em><em>Vous ne savez pas quoi apporter ? Contactez-nous ! Nous vous aiderons \u00e0 trouver une recette.<\/em><\/p>\n<p>Merci \u00e0 toutes pour ce superbe barbecue qu&rsquo;on a partag\u00e9 sous la pergola du jardin de la MNE ! On s&rsquo;est r\u00e9gal\u00e9 dans une ambiance toujours aussi sympathique, \u00e0 l&rsquo;ombre dans ce cadre id\u00e9al.<\/p>\n<p>N&rsquo;h\u00e9sitez pas \u00e0 nous rejoindre pour nos prochaines rencontres ! Rendez-vous mardi soir pour le pique-nique au parc du ch\u00e2teau avant la projection de plein air&nbsp;<span class=\"_47e3 _5mfr\" title=\"\u00e9motic\u00f4ne wink\"><img loading=\"lazy\" decoding=\"async\" class=\"img\" role=\"presentation\" src=\"https:\/\/static.xx.fbcdn.net\/images\/emoji.php\/v9\/t57\/1\/16\/1f609.png\" alt=\"\" width=\"16\" height=\"16\"><\/span><img loading=\"lazy\" decoding=\"async\" class=\"alignnone size-full wp-image-1690\" src=\"https:\/\/lesvegamis.fr\/wp-content\/uploads\/2022\/12\/f9fb0-67088552_2332483760172603_224500977103798272_n.jpg\" alt=\"\" width=\"640\" height=\"480\" srcset=\"https:\/\/lesvegamis.fr\/wp-content\/uploads\/2022\/12\/f9fb0-67088552_2332483760172603_224500977103798272_n.jpg 640w, https:\/\/lesvegamis.fr\/wp-content\/uploads\/2022\/12\/f9fb0-67088552_2332483760172603_224500977103798272_n-300x225.jpg 300w\" sizes=\"auto, (max-width: 640px) 100vw, 640px\" \/><img loading=\"lazy\" decoding=\"async\" class=\"alignnone size-full wp-image-1592\" src=\"https:\/\/lesvegamis.fr\/wp-content\/uploads\/2022\/12\/b2ddf-67122622_478004069679808_163041339422801920_n.jpg\" alt=\"\" width=\"640\" height=\"480\" srcset=\"https:\/\/lesvegamis.fr\/wp-content\/uploads\/2022\/12\/b2ddf-67122622_478004069679808_163041339422801920_n.jpg 640w, https:\/\/lesvegamis.fr\/wp-content\/uploads\/2022\/12\/b2ddf-67122622_478004069679808_163041339422801920_n-300x225.jpg 300w\" sizes=\"auto, (max-width: 640px) 100vw, 640px\" \/><img loading=\"lazy\" decoding=\"async\" class=\"alignnone size-full wp-image-1326\" src=\"https:\/\/lesvegamis.fr\/wp-content\/uploads\/2022\/12\/1af4f-67357896_320433358845135_1802147180522242048_n.jpg\" alt=\"\" width=\"640\" height=\"480\" srcset=\"https:\/\/lesvegamis.fr\/wp-content\/uploads\/2022\/12\/1af4f-67357896_320433358845135_1802147180522242048_n.jpg 640w, https:\/\/lesvegamis.fr\/wp-content\/uploads\/2022\/12\/1af4f-67357896_320433358845135_1802147180522242048_n-300x225.jpg 300w\" sizes=\"auto, (max-width: 640px) 100vw, 640px\" \/><\/p>\n<p>La pr\u00e9paration du seitan<\/p>\n<p><img loading=\"lazy\" decoding=\"async\" class=\"alignnone size-full wp-image-1383\" src=\"https:\/\/lesvegamis.fr\/wp-content\/uploads\/2022\/12\/7c7b3-67151959_662260150958117_8723008978230968320_n.jpg\" alt=\"\" width=\"640\" height=\"480\" srcset=\"https:\/\/lesvegamis.fr\/wp-content\/uploads\/2022\/12\/7c7b3-67151959_662260150958117_8723008978230968320_n.jpg 640w, https:\/\/lesvegamis.fr\/wp-content\/uploads\/2022\/12\/7c7b3-67151959_662260150958117_8723008978230968320_n-300x225.jpg 300w\" sizes=\"auto, (max-width: 640px) 100vw, 640px\" \/><\/p>\n<p>Un cadre vraiment id\u00e9al&#8230;<img loading=\"lazy\" decoding=\"async\" class=\"alignnone size-full wp-image-1426\" src=\"https:\/\/lesvegamis.fr\/wp-content\/uploads\/2022\/12\/039b3-67167058_1770466029766327_556721280179503104_n.jpg\" alt=\"\" width=\"640\" height=\"480\" srcset=\"https:\/\/lesvegamis.fr\/wp-content\/uploads\/2022\/12\/039b3-67167058_1770466029766327_556721280179503104_n.jpg 640w, https:\/\/lesvegamis.fr\/wp-content\/uploads\/2022\/12\/039b3-67167058_1770466029766327_556721280179503104_n-300x225.jpg 300w\" sizes=\"auto, (max-width: 640px) 100vw, 640px\" \/><img loading=\"lazy\" decoding=\"async\" class=\"alignnone size-full wp-image-1450\" src=\"https:\/\/lesvegamis.fr\/wp-content\/uploads\/2022\/12\/79d49-67119200_2278562122458054_7532775104153911296_n.jpg\" alt=\"\" width=\"360\" height=\"480\" srcset=\"https:\/\/lesvegamis.fr\/wp-content\/uploads\/2022\/12\/79d49-67119200_2278562122458054_7532775104153911296_n.jpg 360w, https:\/\/lesvegamis.fr\/wp-content\/uploads\/2022\/12\/79d49-67119200_2278562122458054_7532775104153911296_n-225x300.jpg 225w\" sizes=\"auto, (max-width: 360px) 100vw, 360px\" \/><\/p>\n<p>Marine, cuisini\u00e8re toujours avec le sourire !<img loading=\"lazy\" decoding=\"async\" class=\"alignnone size-full wp-image-1528\" src=\"https:\/\/lesvegamis.fr\/wp-content\/uploads\/2022\/12\/9460b-67327513_942742339399191_4872471888565108736_n.jpg\" alt=\"\" width=\"640\" height=\"480\" srcset=\"https:\/\/lesvegamis.fr\/wp-content\/uploads\/2022\/12\/9460b-67327513_942742339399191_4872471888565108736_n.jpg 640w, https:\/\/lesvegamis.fr\/wp-content\/uploads\/2022\/12\/9460b-67327513_942742339399191_4872471888565108736_n-300x225.jpg 300w\" sizes=\"auto, (max-width: 640px) 100vw, 640px\" \/><\/p>\n<p>Barbecue vegan<\/p>\n<p><img loading=\"lazy\" decoding=\"async\" class=\"alignnone size-full wp-image-1495\" src=\"https:\/\/lesvegamis.fr\/wp-content\/uploads\/2022\/12\/681e6-67403852_2303930312977827_3924996708588584960_n.jpg\" alt=\"\" width=\"640\" height=\"480\" srcset=\"https:\/\/lesvegamis.fr\/wp-content\/uploads\/2022\/12\/681e6-67403852_2303930312977827_3924996708588584960_n.jpg 640w, https:\/\/lesvegamis.fr\/wp-content\/uploads\/2022\/12\/681e6-67403852_2303930312977827_3924996708588584960_n-300x225.jpg 300w\" sizes=\"auto, (max-width: 640px) 100vw, 640px\" \/><img loading=\"lazy\" decoding=\"async\" class=\"alignnone size-full wp-image-1710\" src=\"https:\/\/lesvegamis.fr\/wp-content\/uploads\/2022\/12\/fff4c-67506150_1328897213952581_3248261737077538816_n.jpg\" alt=\"\" width=\"640\" height=\"480\" srcset=\"https:\/\/lesvegamis.fr\/wp-content\/uploads\/2022\/12\/fff4c-67506150_1328897213952581_3248261737077538816_n.jpg 640w, https:\/\/lesvegamis.fr\/wp-content\/uploads\/2022\/12\/fff4c-67506150_1328897213952581_3248261737077538816_n-300x225.jpg 300w\" sizes=\"auto, (max-width: 640px) 100vw, 640px\" \/><img loading=\"lazy\" decoding=\"async\" class=\"alignnone size-full wp-image-1390\" src=\"https:\/\/lesvegamis.fr\/wp-content\/uploads\/2022\/12\/8bccc-67684098_338920913717942_2940176001994326016_n.jpg\" alt=\"\" width=\"640\" height=\"480\" srcset=\"https:\/\/lesvegamis.fr\/wp-content\/uploads\/2022\/12\/8bccc-67684098_338920913717942_2940176001994326016_n.jpg 640w, https:\/\/lesvegamis.fr\/wp-content\/uploads\/2022\/12\/8bccc-67684098_338920913717942_2940176001994326016_n-300x225.jpg 300w\" sizes=\"auto, (max-width: 640px) 100vw, 640px\" \/><img loading=\"lazy\" decoding=\"async\" class=\"alignnone size-full wp-image-1439\" src=\"https:\/\/lesvegamis.fr\/wp-content\/uploads\/2022\/12\/59e6e-p90719-191213.jpg\" alt=\"\" width=\"638\" height=\"480\" srcset=\"https:\/\/lesvegamis.fr\/wp-content\/uploads\/2022\/12\/59e6e-p90719-191213.jpg 638w, https:\/\/lesvegamis.fr\/wp-content\/uploads\/2022\/12\/59e6e-p90719-191213-300x226.jpg 300w\" sizes=\"auto, (max-width: 638px) 100vw, 638px\" \/><\/p>\n<p>Tarte aux myrtilles en cuisson !<img loading=\"lazy\" decoding=\"async\" class=\"alignnone size-full wp-image-1382\" src=\"https:\/\/lesvegamis.fr\/wp-content\/uploads\/2022\/12\/7ba58-p90719-194638.jpg\" alt=\"\" width=\"638\" height=\"480\" srcset=\"https:\/\/lesvegamis.fr\/wp-content\/uploads\/2022\/12\/7ba58-p90719-194638.jpg 638w, https:\/\/lesvegamis.fr\/wp-content\/uploads\/2022\/12\/7ba58-p90719-194638-300x226.jpg 300w\" sizes=\"auto, (max-width: 638px) 100vw, 638px\" \/><img loading=\"lazy\" decoding=\"async\" class=\"alignnone size-full wp-image-1589\" src=\"https:\/\/lesvegamis.fr\/wp-content\/uploads\/2022\/12\/afa41-p90719-195326.jpg\" alt=\"\" width=\"361\" height=\"480\" srcset=\"https:\/\/lesvegamis.fr\/wp-content\/uploads\/2022\/12\/afa41-p90719-195326.jpg 361w, https:\/\/lesvegamis.fr\/wp-content\/uploads\/2022\/12\/afa41-p90719-195326-226x300.jpg 226w\" sizes=\"auto, (max-width: 361px) 100vw, 361px\" \/><\/p>\n<p>Le jardin est tr\u00e8s ombrag\u00e9 et vraiment agr\u00e9able les soirs d&rsquo;\u00e9t\u00e9<img loading=\"lazy\" decoding=\"async\" class=\"alignnone size-full wp-image-1499\" src=\"https:\/\/lesvegamis.fr\/wp-content\/uploads\/2022\/12\/916ca-p90719-195337.jpg\" alt=\"\" width=\"638\" height=\"480\" srcset=\"https:\/\/lesvegamis.fr\/wp-content\/uploads\/2022\/12\/916ca-p90719-195337.jpg 638w, https:\/\/lesvegamis.fr\/wp-content\/uploads\/2022\/12\/916ca-p90719-195337-300x226.jpg 300w\" sizes=\"auto, (max-width: 638px) 100vw, 638px\" \/><img loading=\"lazy\" decoding=\"async\" class=\"alignnone size-full wp-image-1667\" src=\"https:\/\/lesvegamis.fr\/wp-content\/uploads\/2022\/12\/e495d-p90719-195351.jpg\" alt=\"\" width=\"638\" height=\"480\" srcset=\"https:\/\/lesvegamis.fr\/wp-content\/uploads\/2022\/12\/e495d-p90719-195351.jpg 638w, https:\/\/lesvegamis.fr\/wp-content\/uploads\/2022\/12\/e495d-p90719-195351-300x226.jpg 300w\" sizes=\"auto, (max-width: 638px) 100vw, 638px\" \/><\/p>\n<p>Venez \u00e0 nos \u00e9v\u00e9nements pour avoir les cheveux doux comme ceux de Marine ! \ud83d\ude01<img loading=\"lazy\" decoding=\"async\" class=\"alignnone size-full wp-image-1624\" src=\"https:\/\/lesvegamis.fr\/wp-content\/uploads\/2022\/12\/c3264-p90719-200049.jpg\" alt=\"\" width=\"638\" height=\"480\" srcset=\"https:\/\/lesvegamis.fr\/wp-content\/uploads\/2022\/12\/c3264-p90719-200049.jpg 638w, https:\/\/lesvegamis.fr\/wp-content\/uploads\/2022\/12\/c3264-p90719-200049-300x226.jpg 300w\" sizes=\"auto, (max-width: 638px) 100vw, 638px\" \/><\/p>\n<p>Seitan et brochettes de l\u00e9gumes sur la plancha, mmh !<img loading=\"lazy\" decoding=\"async\" class=\"alignnone size-full wp-image-1342\" src=\"https:\/\/lesvegamis.fr\/wp-content\/uploads\/2022\/12\/3dbc2-p90719-200223.jpg\" alt=\"\" width=\"638\" height=\"480\" srcset=\"https:\/\/lesvegamis.fr\/wp-content\/uploads\/2022\/12\/3dbc2-p90719-200223.jpg 638w, https:\/\/lesvegamis.fr\/wp-content\/uploads\/2022\/12\/3dbc2-p90719-200223-300x226.jpg 300w\" sizes=\"auto, (max-width: 638px) 100vw, 638px\" \/><img loading=\"lazy\" decoding=\"async\" class=\"alignnone size-full wp-image-1534\" src=\"https:\/\/lesvegamis.fr\/wp-content\/uploads\/2022\/12\/18762-67195948_3370150073002530_7979338582089269248_n.jpg\" alt=\"\" width=\"640\" height=\"480\" srcset=\"https:\/\/lesvegamis.fr\/wp-content\/uploads\/2022\/12\/18762-67195948_3370150073002530_7979338582089269248_n.jpg 640w, https:\/\/lesvegamis.fr\/wp-content\/uploads\/2022\/12\/18762-67195948_3370150073002530_7979338582089269248_n-300x225.jpg 300w\" sizes=\"auto, (max-width: 640px) 100vw, 640px\" \/><\/p>\n<p>Camille, photographe culinaire d\u00e9vou\u00e9e, et son assiette !<img loading=\"lazy\" decoding=\"async\" class=\"alignnone size-full wp-image-1369\" src=\"https:\/\/lesvegamis.fr\/wp-content\/uploads\/2022\/12\/6b240-p90719-202011.jpg\" alt=\"\" width=\"480\" height=\"480\" srcset=\"https:\/\/lesvegamis.fr\/wp-content\/uploads\/2022\/12\/6b240-p90719-202011.jpg 480w, https:\/\/lesvegamis.fr\/wp-content\/uploads\/2022\/12\/6b240-p90719-202011-300x300.jpg 300w, https:\/\/lesvegamis.fr\/wp-content\/uploads\/2022\/12\/6b240-p90719-202011-150x150.jpg 150w\" sizes=\"auto, (max-width: 480px) 100vw, 480px\" \/><\/p>\n<p>L&rsquo;assiette finale ! D\u00e9licieux.<\/p>\n<p><img loading=\"lazy\" decoding=\"async\" class=\"alignnone size-full wp-image-1678\" src=\"https:\/\/lesvegamis.fr\/wp-content\/uploads\/2022\/12\/ee94a-p90719-204652.jpg\" alt=\"\" width=\"480\" height=\"480\" srcset=\"https:\/\/lesvegamis.fr\/wp-content\/uploads\/2022\/12\/ee94a-p90719-204652.jpg 480w, https:\/\/lesvegamis.fr\/wp-content\/uploads\/2022\/12\/ee94a-p90719-204652-300x300.jpg 300w, https:\/\/lesvegamis.fr\/wp-content\/uploads\/2022\/12\/ee94a-p90719-204652-150x150.jpg 150w\" sizes=\"auto, (max-width: 480px) 100vw, 480px\" \/><\/p>\n<p>La superbe tarte aux myrtilles de Steph, ci-dessous avec du melon gallia !<img loading=\"lazy\" decoding=\"async\" class=\"alignnone size-full wp-image-1318\" src=\"https:\/\/lesvegamis.fr\/wp-content\/uploads\/2022\/12\/0dc7a-p90719-210006_1.jpg\" alt=\"\" width=\"480\" height=\"480\" srcset=\"https:\/\/lesvegamis.fr\/wp-content\/uploads\/2022\/12\/0dc7a-p90719-210006_1.jpg 480w, https:\/\/lesvegamis.fr\/wp-content\/uploads\/2022\/12\/0dc7a-p90719-210006_1-300x300.jpg 300w, https:\/\/lesvegamis.fr\/wp-content\/uploads\/2022\/12\/0dc7a-p90719-210006_1-150x150.jpg 150w\" sizes=\"auto, (max-width: 480px) 100vw, 480px\" \/><\/p>\n<p>On a ador\u00e9 ce barbecue !<\/p>\n","protected":false},"excerpt":{"rendered":"<p>Soir\u00e9e barbecue vegan le 19 juillet ! Repas partag\u00e9 (gratuit) : Chaque personne est invit\u00e9e \u00e0 apporter un plat (seitan, l\u00e9gumes, simili&#8230;) et\/ou un dessert v\u00e9g\u00e9talien. Un barbecue grill et&#8230; <a class=\"read-more\" href=\"https:\/\/lesvegamis.fr\/index.php\/2019\/07\/21\/soiree-barbecue-vegan-du-19-juillet-2019\/\">[Continuer la lecture]<\/a><\/p>\n","protected":false},"author":1,"featured_media":1625,"comment_status":"open","ping_status":"open","sticky":false,"template":"","format":"standard","meta":{"jetpack_post_was_ever_published":false,"_jetpack_newsletter_access":"","_jetpack_dont_email_post_to_subs":false,"_jetpack_newsletter_tier_id":0,"_jetpack_memberships_contains_paywalled_content":false,"_jetpack_memberships_contains_paid_content":false,"footnotes":""},"categories":[8],"tags":[],"class_list":["post-423","post","type-post","status-publish","format-standard","has-post-thumbnail","hentry","category-activites"],"yoast_head":"<!-- This site is optimized with the Yoast SEO plugin v27.5 - https:\/\/yoast.com\/product\/yoast-seo-wordpress\/ -->\n<title>Soir\u00e9e barbecue vegan du 19 juillet 2019 - Les V\u00e9g&#039;Amis<\/title>\n<meta name=\"description\" content=\"Soir\u00e9e barbecue vegan Les Vegamis le 19 juillet 2019 dans le jardin de la Maison de la Nature et de l&#039;Environnement de Pau ! Seitan, brochettes de l\u00e9gumes..\" \/>\n<meta name=\"robots\" content=\"index, follow, max-snippet:-1, max-image-preview:large, max-video-preview:-1\" \/>\n<link rel=\"canonical\" href=\"https:\/\/lesvegamis.fr\/index.php\/2019\/07\/21\/soiree-barbecue-vegan-du-19-juillet-2019\/\" \/>\n<meta property=\"og:locale\" content=\"fr_FR\" \/>\n<meta property=\"og:type\" content=\"article\" \/>\n<meta property=\"og:title\" content=\"Soir\u00e9e barbecue vegan du 19 juillet 2019 - Les V\u00e9g&#039;Amis\" \/>\n<meta property=\"og:description\" content=\"Soir\u00e9e barbecue vegan Les Vegamis le 19 juillet 2019 dans le jardin de la Maison de la Nature et de l&#039;Environnement de Pau ! Seitan, brochettes de l\u00e9gumes..\" \/>\n<meta property=\"og:url\" content=\"https:\/\/lesvegamis.fr\/index.php\/2019\/07\/21\/soiree-barbecue-vegan-du-19-juillet-2019\/\" \/>\n<meta property=\"og:site_name\" content=\"Les V\u00e9g&#039;Amis\" \/>\n<meta property=\"article:publisher\" content=\"https:\/\/www.facebook.com\/lesvegamis\/\" \/>\n<meta property=\"article:published_time\" content=\"2019-07-21T02:49:48+00:00\" \/>\n<meta property=\"article:modified_time\" content=\"2022-12-07T16:14:09+00:00\" \/>\n<meta property=\"og:image\" content=\"https:\/\/lesvegamis.fr\/wp-content\/uploads\/2022\/12\/c5497-67060121_2280376205410604_1297587694037106688_n.jpg\" \/>\n\t<meta property=\"og:image:width\" content=\"640\" \/>\n\t<meta property=\"og:image:height\" content=\"480\" \/>\n\t<meta property=\"og:image:type\" content=\"image\/jpeg\" \/>\n<meta name=\"author\" content=\"Les Vegamis\" \/>\n<meta name=\"twitter:card\" content=\"summary_large_image\" \/>\n<meta name=\"twitter:label1\" content=\"\u00c9crit par\" \/>\n\t<meta name=\"twitter:data1\" content=\"Les Vegamis\" \/>\n\t<meta name=\"twitter:label2\" content=\"Dur\u00e9e de lecture estim\u00e9e\" \/>\n\t<meta name=\"twitter:data2\" content=\"1 minute\" \/>\n<script type=\"application\/ld+json\" class=\"yoast-schema-graph\">{\"@context\":\"https:\\\/\\\/schema.org\",\"@graph\":[{\"@type\":\"Article\",\"@id\":\"https:\\\/\\\/lesvegamis.fr\\\/index.php\\\/2019\\\/07\\\/21\\\/soiree-barbecue-vegan-du-19-juillet-2019\\\/#article\",\"isPartOf\":{\"@id\":\"https:\\\/\\\/lesvegamis.fr\\\/index.php\\\/2019\\\/07\\\/21\\\/soiree-barbecue-vegan-du-19-juillet-2019\\\/\"},\"author\":{\"name\":\"Les Vegamis\",\"@id\":\"https:\\\/\\\/lesvegamis.fr\\\/#\\\/schema\\\/person\\\/99dfc3e25008667b61b0b17835193701\"},\"headline\":\"Soir\u00e9e barbecue vegan du 19 juillet 2019\",\"datePublished\":\"2019-07-21T02:49:48+00:00\",\"dateModified\":\"2022-12-07T16:14:09+00:00\",\"mainEntityOfPage\":{\"@id\":\"https:\\\/\\\/lesvegamis.fr\\\/index.php\\\/2019\\\/07\\\/21\\\/soiree-barbecue-vegan-du-19-juillet-2019\\\/\"},\"wordCount\":212,\"commentCount\":0,\"publisher\":{\"@id\":\"https:\\\/\\\/lesvegamis.fr\\\/#organization\"},\"image\":{\"@id\":\"https:\\\/\\\/lesvegamis.fr\\\/index.php\\\/2019\\\/07\\\/21\\\/soiree-barbecue-vegan-du-19-juillet-2019\\\/#primaryimage\"},\"thumbnailUrl\":\"https:\\\/\\\/lesvegamis.fr\\\/wp-content\\\/uploads\\\/2022\\\/12\\\/c5497-67060121_2280376205410604_1297587694037106688_n.jpg\",\"articleSection\":[\"Nos activit\u00e9s\"],\"inLanguage\":\"fr-FR\",\"potentialAction\":[{\"@type\":\"CommentAction\",\"name\":\"Comment\",\"target\":[\"https:\\\/\\\/lesvegamis.fr\\\/index.php\\\/2019\\\/07\\\/21\\\/soiree-barbecue-vegan-du-19-juillet-2019\\\/#respond\"]}]},{\"@type\":\"WebPage\",\"@id\":\"https:\\\/\\\/lesvegamis.fr\\\/index.php\\\/2019\\\/07\\\/21\\\/soiree-barbecue-vegan-du-19-juillet-2019\\\/\",\"url\":\"https:\\\/\\\/lesvegamis.fr\\\/index.php\\\/2019\\\/07\\\/21\\\/soiree-barbecue-vegan-du-19-juillet-2019\\\/\",\"name\":\"Soir\u00e9e barbecue vegan du 19 juillet 2019 - Les V\u00e9g&#039;Amis\",\"isPartOf\":{\"@id\":\"https:\\\/\\\/lesvegamis.fr\\\/#website\"},\"primaryImageOfPage\":{\"@id\":\"https:\\\/\\\/lesvegamis.fr\\\/index.php\\\/2019\\\/07\\\/21\\\/soiree-barbecue-vegan-du-19-juillet-2019\\\/#primaryimage\"},\"image\":{\"@id\":\"https:\\\/\\\/lesvegamis.fr\\\/index.php\\\/2019\\\/07\\\/21\\\/soiree-barbecue-vegan-du-19-juillet-2019\\\/#primaryimage\"},\"thumbnailUrl\":\"https:\\\/\\\/lesvegamis.fr\\\/wp-content\\\/uploads\\\/2022\\\/12\\\/c5497-67060121_2280376205410604_1297587694037106688_n.jpg\",\"datePublished\":\"2019-07-21T02:49:48+00:00\",\"dateModified\":\"2022-12-07T16:14:09+00:00\",\"description\":\"Soir\u00e9e barbecue vegan Les Vegamis le 19 juillet 2019 dans le jardin de la Maison de la Nature et de l'Environnement de Pau ! Seitan, brochettes de l\u00e9gumes..\",\"breadcrumb\":{\"@id\":\"https:\\\/\\\/lesvegamis.fr\\\/index.php\\\/2019\\\/07\\\/21\\\/soiree-barbecue-vegan-du-19-juillet-2019\\\/#breadcrumb\"},\"inLanguage\":\"fr-FR\",\"potentialAction\":[{\"@type\":\"ReadAction\",\"target\":[\"https:\\\/\\\/lesvegamis.fr\\\/index.php\\\/2019\\\/07\\\/21\\\/soiree-barbecue-vegan-du-19-juillet-2019\\\/\"]}]},{\"@type\":\"ImageObject\",\"inLanguage\":\"fr-FR\",\"@id\":\"https:\\\/\\\/lesvegamis.fr\\\/index.php\\\/2019\\\/07\\\/21\\\/soiree-barbecue-vegan-du-19-juillet-2019\\\/#primaryimage\",\"url\":\"https:\\\/\\\/lesvegamis.fr\\\/wp-content\\\/uploads\\\/2022\\\/12\\\/c5497-67060121_2280376205410604_1297587694037106688_n.jpg\",\"contentUrl\":\"https:\\\/\\\/lesvegamis.fr\\\/wp-content\\\/uploads\\\/2022\\\/12\\\/c5497-67060121_2280376205410604_1297587694037106688_n.jpg\",\"width\":640,\"height\":480},{\"@type\":\"BreadcrumbList\",\"@id\":\"https:\\\/\\\/lesvegamis.fr\\\/index.php\\\/2019\\\/07\\\/21\\\/soiree-barbecue-vegan-du-19-juillet-2019\\\/#breadcrumb\",\"itemListElement\":[{\"@type\":\"ListItem\",\"position\":1,\"name\":\"Accueil\",\"item\":\"https:\\\/\\\/lesvegamis.fr\\\/\"},{\"@type\":\"ListItem\",\"position\":2,\"name\":\"Soir\u00e9e barbecue vegan du 19 juillet 2019\"}]},{\"@type\":\"WebSite\",\"@id\":\"https:\\\/\\\/lesvegamis.fr\\\/#website\",\"url\":\"https:\\\/\\\/lesvegamis.fr\\\/\",\"name\":\"Les V\u00e9g'Amis\",\"description\":\"L&#039;association v\u00e9gane de Pau\",\"publisher\":{\"@id\":\"https:\\\/\\\/lesvegamis.fr\\\/#organization\"},\"potentialAction\":[{\"@type\":\"SearchAction\",\"target\":{\"@type\":\"EntryPoint\",\"urlTemplate\":\"https:\\\/\\\/lesvegamis.fr\\\/?s={search_term_string}\"},\"query-input\":{\"@type\":\"PropertyValueSpecification\",\"valueRequired\":true,\"valueName\":\"search_term_string\"}}],\"inLanguage\":\"fr-FR\"},{\"@type\":\"Organization\",\"@id\":\"https:\\\/\\\/lesvegamis.fr\\\/#organization\",\"name\":\"Association vegan de Pau Les V\u00e9g'Amis\",\"url\":\"https:\\\/\\\/lesvegamis.fr\\\/\",\"logo\":{\"@type\":\"ImageObject\",\"inLanguage\":\"fr-FR\",\"@id\":\"https:\\\/\\\/lesvegamis.fr\\\/#\\\/schema\\\/logo\\\/image\\\/\",\"url\":\"https:\\\/\\\/lesvegamis.fr\\\/wp-content\\\/uploads\\\/2022\\\/12\\\/cropped-logo-couleur-nom-1.png\",\"contentUrl\":\"https:\\\/\\\/lesvegamis.fr\\\/wp-content\\\/uploads\\\/2022\\\/12\\\/cropped-logo-couleur-nom-1.png\",\"width\":192,\"height\":288,\"caption\":\"Association vegan de Pau Les V\u00e9g'Amis\"},\"image\":{\"@id\":\"https:\\\/\\\/lesvegamis.fr\\\/#\\\/schema\\\/logo\\\/image\\\/\"},\"sameAs\":[\"https:\\\/\\\/www.facebook.com\\\/lesvegamis\\\/\",\"https:\\\/\\\/www.instagram.com\\\/lesvegamis\\\/\"]},{\"@type\":\"Person\",\"@id\":\"https:\\\/\\\/lesvegamis.fr\\\/#\\\/schema\\\/person\\\/99dfc3e25008667b61b0b17835193701\",\"name\":\"Les Vegamis\",\"image\":{\"@type\":\"ImageObject\",\"inLanguage\":\"fr-FR\",\"@id\":\"https:\\\/\\\/secure.gravatar.com\\\/avatar\\\/c365180ba419067afc3f9825f3cc192e60b42a216d37a9089bfc0c3707250f43?s=96&d=identicon&r=g\",\"url\":\"https:\\\/\\\/secure.gravatar.com\\\/avatar\\\/c365180ba419067afc3f9825f3cc192e60b42a216d37a9089bfc0c3707250f43?s=96&d=identicon&r=g\",\"contentUrl\":\"https:\\\/\\\/secure.gravatar.com\\\/avatar\\\/c365180ba419067afc3f9825f3cc192e60b42a216d37a9089bfc0c3707250f43?s=96&d=identicon&r=g\",\"caption\":\"Les Vegamis\"},\"sameAs\":[\"http:\\\/\\\/lesvegamis.fr\"],\"url\":\"https:\\\/\\\/lesvegamis.fr\\\/index.php\\\/author\\\/admin6014\\\/\"}]}<\/script>\n<!-- \/ Yoast SEO plugin. -->","yoast_head_json":{"title":"Soir\u00e9e barbecue vegan du 19 juillet 2019 - Les V\u00e9g&#039;Amis","description":"Soir\u00e9e barbecue vegan Les Vegamis le 19 juillet 2019 dans le jardin de la Maison de la Nature et de l'Environnement de Pau ! Seitan, brochettes de l\u00e9gumes..","robots":{"index":"index","follow":"follow","max-snippet":"max-snippet:-1","max-image-preview":"max-image-preview:large","max-video-preview":"max-video-preview:-1"},"canonical":"https:\/\/lesvegamis.fr\/index.php\/2019\/07\/21\/soiree-barbecue-vegan-du-19-juillet-2019\/","og_locale":"fr_FR","og_type":"article","og_title":"Soir\u00e9e barbecue vegan du 19 juillet 2019 - Les V\u00e9g&#039;Amis","og_description":"Soir\u00e9e barbecue vegan Les Vegamis le 19 juillet 2019 dans le jardin de la Maison de la Nature et de l'Environnement de Pau ! Seitan, brochettes de l\u00e9gumes..","og_url":"https:\/\/lesvegamis.fr\/index.php\/2019\/07\/21\/soiree-barbecue-vegan-du-19-juillet-2019\/","og_site_name":"Les V\u00e9g&#039;Amis","article_publisher":"https:\/\/www.facebook.com\/lesvegamis\/","article_published_time":"2019-07-21T02:49:48+00:00","article_modified_time":"2022-12-07T16:14:09+00:00","og_image":[{"width":640,"height":480,"url":"https:\/\/lesvegamis.fr\/wp-content\/uploads\/2022\/12\/c5497-67060121_2280376205410604_1297587694037106688_n.jpg","type":"image\/jpeg"}],"author":"Les Vegamis","twitter_card":"summary_large_image","twitter_misc":{"\u00c9crit par":"Les Vegamis","Dur\u00e9e de lecture estim\u00e9e":"1 minute"},"schema":{"@context":"https:\/\/schema.org","@graph":[{"@type":"Article","@id":"https:\/\/lesvegamis.fr\/index.php\/2019\/07\/21\/soiree-barbecue-vegan-du-19-juillet-2019\/#article","isPartOf":{"@id":"https:\/\/lesvegamis.fr\/index.php\/2019\/07\/21\/soiree-barbecue-vegan-du-19-juillet-2019\/"},"author":{"name":"Les Vegamis","@id":"https:\/\/lesvegamis.fr\/#\/schema\/person\/99dfc3e25008667b61b0b17835193701"},"headline":"Soir\u00e9e barbecue vegan du 19 juillet 2019","datePublished":"2019-07-21T02:49:48+00:00","dateModified":"2022-12-07T16:14:09+00:00","mainEntityOfPage":{"@id":"https:\/\/lesvegamis.fr\/index.php\/2019\/07\/21\/soiree-barbecue-vegan-du-19-juillet-2019\/"},"wordCount":212,"commentCount":0,"publisher":{"@id":"https:\/\/lesvegamis.fr\/#organization"},"image":{"@id":"https:\/\/lesvegamis.fr\/index.php\/2019\/07\/21\/soiree-barbecue-vegan-du-19-juillet-2019\/#primaryimage"},"thumbnailUrl":"https:\/\/lesvegamis.fr\/wp-content\/uploads\/2022\/12\/c5497-67060121_2280376205410604_1297587694037106688_n.jpg","articleSection":["Nos activit\u00e9s"],"inLanguage":"fr-FR","potentialAction":[{"@type":"CommentAction","name":"Comment","target":["https:\/\/lesvegamis.fr\/index.php\/2019\/07\/21\/soiree-barbecue-vegan-du-19-juillet-2019\/#respond"]}]},{"@type":"WebPage","@id":"https:\/\/lesvegamis.fr\/index.php\/2019\/07\/21\/soiree-barbecue-vegan-du-19-juillet-2019\/","url":"https:\/\/lesvegamis.fr\/index.php\/2019\/07\/21\/soiree-barbecue-vegan-du-19-juillet-2019\/","name":"Soir\u00e9e barbecue vegan du 19 juillet 2019 - Les V\u00e9g&#039;Amis","isPartOf":{"@id":"https:\/\/lesvegamis.fr\/#website"},"primaryImageOfPage":{"@id":"https:\/\/lesvegamis.fr\/index.php\/2019\/07\/21\/soiree-barbecue-vegan-du-19-juillet-2019\/#primaryimage"},"image":{"@id":"https:\/\/lesvegamis.fr\/index.php\/2019\/07\/21\/soiree-barbecue-vegan-du-19-juillet-2019\/#primaryimage"},"thumbnailUrl":"https:\/\/lesvegamis.fr\/wp-content\/uploads\/2022\/12\/c5497-67060121_2280376205410604_1297587694037106688_n.jpg","datePublished":"2019-07-21T02:49:48+00:00","dateModified":"2022-12-07T16:14:09+00:00","description":"Soir\u00e9e barbecue vegan Les Vegamis le 19 juillet 2019 dans le jardin de la Maison de la Nature et de l'Environnement de Pau ! Seitan, brochettes de l\u00e9gumes..","breadcrumb":{"@id":"https:\/\/lesvegamis.fr\/index.php\/2019\/07\/21\/soiree-barbecue-vegan-du-19-juillet-2019\/#breadcrumb"},"inLanguage":"fr-FR","potentialAction":[{"@type":"ReadAction","target":["https:\/\/lesvegamis.fr\/index.php\/2019\/07\/21\/soiree-barbecue-vegan-du-19-juillet-2019\/"]}]},{"@type":"ImageObject","inLanguage":"fr-FR","@id":"https:\/\/lesvegamis.fr\/index.php\/2019\/07\/21\/soiree-barbecue-vegan-du-19-juillet-2019\/#primaryimage","url":"https:\/\/lesvegamis.fr\/wp-content\/uploads\/2022\/12\/c5497-67060121_2280376205410604_1297587694037106688_n.jpg","contentUrl":"https:\/\/lesvegamis.fr\/wp-content\/uploads\/2022\/12\/c5497-67060121_2280376205410604_1297587694037106688_n.jpg","width":640,"height":480},{"@type":"BreadcrumbList","@id":"https:\/\/lesvegamis.fr\/index.php\/2019\/07\/21\/soiree-barbecue-vegan-du-19-juillet-2019\/#breadcrumb","itemListElement":[{"@type":"ListItem","position":1,"name":"Accueil","item":"https:\/\/lesvegamis.fr\/"},{"@type":"ListItem","position":2,"name":"Soir\u00e9e barbecue vegan du 19 juillet 2019"}]},{"@type":"WebSite","@id":"https:\/\/lesvegamis.fr\/#website","url":"https:\/\/lesvegamis.fr\/","name":"Les V\u00e9g'Amis","description":"L&#039;association v\u00e9gane de Pau","publisher":{"@id":"https:\/\/lesvegamis.fr\/#organization"},"potentialAction":[{"@type":"SearchAction","target":{"@type":"EntryPoint","urlTemplate":"https:\/\/lesvegamis.fr\/?s={search_term_string}"},"query-input":{"@type":"PropertyValueSpecification","valueRequired":true,"valueName":"search_term_string"}}],"inLanguage":"fr-FR"},{"@type":"Organization","@id":"https:\/\/lesvegamis.fr\/#organization","name":"Association vegan de Pau Les V\u00e9g'Amis","url":"https:\/\/lesvegamis.fr\/","logo":{"@type":"ImageObject","inLanguage":"fr-FR","@id":"https:\/\/lesvegamis.fr\/#\/schema\/logo\/image\/","url":"https:\/\/lesvegamis.fr\/wp-content\/uploads\/2022\/12\/cropped-logo-couleur-nom-1.png","contentUrl":"https:\/\/lesvegamis.fr\/wp-content\/uploads\/2022\/12\/cropped-logo-couleur-nom-1.png","width":192,"height":288,"caption":"Association vegan de Pau Les V\u00e9g'Amis"},"image":{"@id":"https:\/\/lesvegamis.fr\/#\/schema\/logo\/image\/"},"sameAs":["https:\/\/www.facebook.com\/lesvegamis\/","https:\/\/www.instagram.com\/lesvegamis\/"]},{"@type":"Person","@id":"https:\/\/lesvegamis.fr\/#\/schema\/person\/99dfc3e25008667b61b0b17835193701","name":"Les Vegamis","image":{"@type":"ImageObject","inLanguage":"fr-FR","@id":"https:\/\/secure.gravatar.com\/avatar\/c365180ba419067afc3f9825f3cc192e60b42a216d37a9089bfc0c3707250f43?s=96&d=identicon&r=g","url":"https:\/\/secure.gravatar.com\/avatar\/c365180ba419067afc3f9825f3cc192e60b42a216d37a9089bfc0c3707250f43?s=96&d=identicon&r=g","contentUrl":"https:\/\/secure.gravatar.com\/avatar\/c365180ba419067afc3f9825f3cc192e60b42a216d37a9089bfc0c3707250f43?s=96&d=identicon&r=g","caption":"Les Vegamis"},"sameAs":["http:\/\/lesvegamis.fr"],"url":"https:\/\/lesvegamis.fr\/index.php\/author\/admin6014\/"}]}},"jetpack_featured_media_url":"https:\/\/lesvegamis.fr\/wp-content\/uploads\/2022\/12\/c5497-67060121_2280376205410604_1297587694037106688_n.jpg","jetpack_sharing_enabled":true,"_links":{"self":[{"href":"https:\/\/lesvegamis.fr\/index.php\/wp-json\/wp\/v2\/posts\/423","targetHints":{"allow":["GET"]}}],"collection":[{"href":"https:\/\/lesvegamis.fr\/index.php\/wp-json\/wp\/v2\/posts"}],"about":[{"href":"https:\/\/lesvegamis.fr\/index.php\/wp-json\/wp\/v2\/types\/post"}],"author":[{"embeddable":true,"href":"https:\/\/lesvegamis.fr\/index.php\/wp-json\/wp\/v2\/users\/1"}],"replies":[{"embeddable":true,"href":"https:\/\/lesvegamis.fr\/index.php\/wp-json\/wp\/v2\/comments?post=423"}],"version-history":[{"count":2,"href":"https:\/\/lesvegamis.fr\/index.php\/wp-json\/wp\/v2\/posts\/423\/revisions"}],"predecessor-version":[{"id":1768,"href":"https:\/\/lesvegamis.fr\/index.php\/wp-json\/wp\/v2\/posts\/423\/revisions\/1768"}],"wp:featuredmedia":[{"embeddable":true,"href":"https:\/\/lesvegamis.fr\/index.php\/wp-json\/wp\/v2\/media\/1625"}],"wp:attachment":[{"href":"https:\/\/lesvegamis.fr\/index.php\/wp-json\/wp\/v2\/media?parent=423"}],"wp:term":[{"taxonomy":"category","embeddable":true,"href":"https:\/\/lesvegamis.fr\/index.php\/wp-json\/wp\/v2\/categories?post=423"},{"taxonomy":"post_tag","embeddable":true,"href":"https:\/\/lesvegamis.fr\/index.php\/wp-json\/wp\/v2\/tags?post=423"}],"curies":[{"name":"wp","href":"https:\/\/api.w.org\/{rel}","templated":true}]}}