{"id":447,"date":"2019-07-21T04:53:19","date_gmt":"2019-07-21T02:53:19","guid":{"rendered":"http:\/\/lesvegamis.fr\/?p=447"},"modified":"2022-12-07T16:55:18","modified_gmt":"2022-12-07T15:55:18","slug":"pique-nique-vegan-chateau-de-pau-et-cinema-de-plein-air-23-juillet-2019","status":"publish","type":"post","link":"https:\/\/lesvegamis.fr\/index.php\/2019\/07\/21\/pique-nique-vegan-chateau-de-pau-et-cinema-de-plein-air-23-juillet-2019\/","title":{"rendered":"Pique-nique vegan ch\u00e2teau de Pau et cin\u00e9ma de plein air 23 juillet 2019"},"content":{"rendered":"<p>Le Ch\u00e2teau de Pau, en partenariat avec Le M\u00e9li\u00e8s, propose un cin\u00e9ma d&rsquo;\u00e9t\u00e9 dans le parc, mardi 23 juillet \u00e0 22h avec La forme de l&rsquo;eau (Guillermo Del Toro).<\/p>\n<p>Pour profiter ensemble de cet \u00e9v\u00e9nement, nous vous invitons \u00e0 partager un pique-nique v\u00e9g\u00e9talien dans le parc avant de prendre place devant le grand \u00e9cran.<\/p>\n<p>Repas partag\u00e9 (gratuit) : Chaque personne est invit\u00e9e \u00e0 apporter un plat et\/ou un dessert v\u00e9g\u00e9talien. Vous ne savez pas quoi apporter ? Contactez-nous ! Nous vous aiderons \u00e0 trouver une recette.<\/p>\n<p>Informations sur la projection :<br \/>\n<a href=\"https:\/\/chateau-pau.fr\/evenement\/un-ete-au-cine-6?fbclid=IwAR0z1hMI798jEQERrGke5IxFCI5aajFUFASVjF42r1mtZJxKu5xz6uNxAHY\" target=\"_blank\" rel=\"nofollow noopener noreferrer\" data-lynx-mode=\"hover\" data-lynx-uri=\"https:\/\/l.facebook.com\/l.php?u=https%3A%2F%2Fchateau-pau.fr%2Fevenement%2Fun-ete-au-cine-6%3Ffbclid%3DIwAR0z1hMI798jEQERrGke5IxFCI5aajFUFASVjF42r1mtZJxKu5xz6uNxAHY&amp;h=AT1EMaFI6uKsXhEKITkH-D_Q3z2z0VwA5ZpFMpvosH0efL141OPniLiB_KBE7SWaY55ETaQhL7s2hudVjzyHoPmdHhlbn-MrPWKVOaFZmDWRnMuALWQYio-Ix-iFkrIoDQW4mB9ln15lUJHDPcSs\">https:\/\/chateau-pau.fr\/evenement\/un-ete-au-cine-6<\/a><br \/>\n(nous n&rsquo;organisons pas la partie \u00ab\u00a0cin\u00e9ma\u00a0\u00bb, merci de prendre contact avec Le Ch\u00e2teau de Pau ou Le M\u00e9li\u00e8s si besoin).<\/p>\n<p><img loading=\"lazy\" decoding=\"async\" class=\"alignnone size-full wp-image-1337\" src=\"https:\/\/lesvegamis.fr\/wp-content\/uploads\/2022\/12\/2dc6e-p90723-211221.jpg\" alt=\"\" width=\"541\" height=\"720\" srcset=\"https:\/\/lesvegamis.fr\/wp-content\/uploads\/2022\/12\/2dc6e-p90723-211221.jpg 541w, https:\/\/lesvegamis.fr\/wp-content\/uploads\/2022\/12\/2dc6e-p90723-211221-225x300.jpg 225w\" sizes=\"auto, (max-width: 541px) 100vw, 541px\" \/> <img loading=\"lazy\" decoding=\"async\" class=\"alignnone size-full wp-image-1529\" src=\"https:\/\/lesvegamis.fr\/wp-content\/uploads\/2022\/12\/9588e-p90723-203902.jpg\" alt=\"\" width=\"541\" height=\"720\" srcset=\"https:\/\/lesvegamis.fr\/wp-content\/uploads\/2022\/12\/9588e-p90723-203902.jpg 541w, https:\/\/lesvegamis.fr\/wp-content\/uploads\/2022\/12\/9588e-p90723-203902-225x300.jpg 225w\" sizes=\"auto, (max-width: 541px) 100vw, 541px\" \/> <img loading=\"lazy\" decoding=\"async\" class=\"alignnone size-full wp-image-1436\" src=\"https:\/\/lesvegamis.fr\/wp-content\/uploads\/2022\/12\/57f34-p90723-204834.jpg\" alt=\"\" width=\"720\" height=\"720\" srcset=\"https:\/\/lesvegamis.fr\/wp-content\/uploads\/2022\/12\/57f34-p90723-204834.jpg 720w, https:\/\/lesvegamis.fr\/wp-content\/uploads\/2022\/12\/57f34-p90723-204834-300x300.jpg 300w, https:\/\/lesvegamis.fr\/wp-content\/uploads\/2022\/12\/57f34-p90723-204834-150x150.jpg 150w\" sizes=\"auto, (max-width: 720px) 100vw, 720px\" \/> <img loading=\"lazy\" decoding=\"async\" class=\"alignnone size-full wp-image-1702\" src=\"https:\/\/lesvegamis.fr\/wp-content\/uploads\/2022\/12\/f2337-p90723-204244.jpg\" alt=\"\" width=\"541\" height=\"720\" srcset=\"https:\/\/lesvegamis.fr\/wp-content\/uploads\/2022\/12\/f2337-p90723-204244.jpg 541w, https:\/\/lesvegamis.fr\/wp-content\/uploads\/2022\/12\/f2337-p90723-204244-225x300.jpg 225w\" sizes=\"auto, (max-width: 541px) 100vw, 541px\" \/> <img loading=\"lazy\" decoding=\"async\" class=\"alignnone size-full wp-image-1511\" src=\"https:\/\/lesvegamis.fr\/wp-content\/uploads\/2022\/12\/3668f-p90723-203706.jpg\" alt=\"\" width=\"541\" height=\"720\" srcset=\"https:\/\/lesvegamis.fr\/wp-content\/uploads\/2022\/12\/3668f-p90723-203706.jpg 541w, https:\/\/lesvegamis.fr\/wp-content\/uploads\/2022\/12\/3668f-p90723-203706-225x300.jpg 225w\" sizes=\"auto, (max-width: 541px) 100vw, 541px\" \/> <img loading=\"lazy\" decoding=\"async\" class=\"alignnone size-full wp-image-1542\" src=\"https:\/\/lesvegamis.fr\/wp-content\/uploads\/2022\/12\/31755-p90723-203656.jpg\" alt=\"\" width=\"940\" height=\"707\" srcset=\"https:\/\/lesvegamis.fr\/wp-content\/uploads\/2022\/12\/31755-p90723-203656.jpg 940w, https:\/\/lesvegamis.fr\/wp-content\/uploads\/2022\/12\/31755-p90723-203656-300x226.jpg 300w, https:\/\/lesvegamis.fr\/wp-content\/uploads\/2022\/12\/31755-p90723-203656-768x578.jpg 768w\" sizes=\"auto, (max-width: 940px) 100vw, 940px\" \/><\/p>\n<p>Que de p\u00e9rip\u00e9ties lors de cette soir\u00e9e ! La projection de plein air a \u00e9t\u00e9 rapatri\u00e9e au M\u00e9li\u00e8s \u00e0 cause de la chaleur, le parc basse-plante \u00e9tait donc ferm\u00e9&#8230; Nous sommes finalement parties pique-niquer au parc du ch\u00e2teau, un certain nombre de participant.e.s nous on cherch\u00e9es sans nous trouver. Malgr\u00e9 tout nous avons pass\u00e9 une agr\u00e9able soir\u00e9e ! Le repas \u00e9tait (comme toujours) tr\u00e8s bon, et la projection tr\u00e8s \u00e9mouvante. Merci \u00e0 toutes&nbsp;<span class=\"_47e3 _5mfr\" title=\"\u00e9motic\u00f4ne wink\"><img loading=\"lazy\" decoding=\"async\" class=\"img\" role=\"presentation\" src=\"https:\/\/static.xx.fbcdn.net\/images\/emoji.php\/v9\/t57\/1\/16\/1f609.png?_nc_eui2=AeFw3ky3CH6hYu7z0tge5sojZB0mS26YlxL-4CS6rdcONrweq8IoyUme4MtVxDm1-QWe99RhYs0qXObpGX2z5LJ7WYSUCCLSJe-LWwiStY8w3g\" alt=\"\" width=\"16\" height=\"16\"><span class=\"_7oe\" aria-hidden=\"true\">\ud83d\ude09<\/span><\/span><\/p>\n","protected":false},"excerpt":{"rendered":"<p>Le Ch\u00e2teau de Pau, en partenariat avec Le M\u00e9li\u00e8s, propose un cin\u00e9ma d&rsquo;\u00e9t\u00e9 dans le parc, mardi 23 juillet \u00e0 22h avec La forme de l&rsquo;eau (Guillermo Del Toro). Pour&#8230; <a class=\"read-more\" href=\"https:\/\/lesvegamis.fr\/index.php\/2019\/07\/21\/pique-nique-vegan-chateau-de-pau-et-cinema-de-plein-air-23-juillet-2019\/\">[Continuer la lecture]<\/a><\/p>\n","protected":false},"author":1,"featured_media":1389,"comment_status":"open","ping_status":"open","sticky":false,"template":"","format":"standard","meta":{"jetpack_post_was_ever_published":false,"_jetpack_newsletter_access":"","_jetpack_dont_email_post_to_subs":false,"_jetpack_newsletter_tier_id":0,"_jetpack_memberships_contains_paywalled_content":false,"_jetpack_memberships_contains_paid_content":false,"footnotes":""},"categories":[8],"tags":[],"class_list":["post-447","post","type-post","status-publish","format-standard","has-post-thumbnail","hentry","category-activites"],"yoast_head":"<!-- This site is optimized with the Yoast SEO plugin v27.5 - https:\/\/yoast.com\/product\/yoast-seo-wordpress\/ -->\n<title>Pique-nique vegan ch\u00e2teau de Pau et cin\u00e9ma de plein air 23 juillet 2019 - Les V\u00e9g&#039;Amis<\/title>\n<meta name=\"robots\" content=\"index, follow, max-snippet:-1, max-image-preview:large, max-video-preview:-1\" \/>\n<link rel=\"canonical\" href=\"https:\/\/lesvegamis.fr\/index.php\/2019\/07\/21\/pique-nique-vegan-chateau-de-pau-et-cinema-de-plein-air-23-juillet-2019\/\" \/>\n<meta property=\"og:locale\" content=\"fr_FR\" \/>\n<meta property=\"og:type\" content=\"article\" \/>\n<meta property=\"og:title\" content=\"Pique-nique vegan ch\u00e2teau de Pau et cin\u00e9ma de plein air 23 juillet 2019 - Les V\u00e9g&#039;Amis\" \/>\n<meta property=\"og:description\" content=\"Le Ch\u00e2teau de Pau, en partenariat avec Le M\u00e9li\u00e8s, propose un cin\u00e9ma d&rsquo;\u00e9t\u00e9 dans le parc, mardi 23 juillet \u00e0 22h avec La forme de l&rsquo;eau (Guillermo Del Toro). Pour... [Continuer la lecture]\" \/>\n<meta property=\"og:url\" content=\"https:\/\/lesvegamis.fr\/index.php\/2019\/07\/21\/pique-nique-vegan-chateau-de-pau-et-cinema-de-plein-air-23-juillet-2019\/\" \/>\n<meta property=\"og:site_name\" content=\"Les V\u00e9g&#039;Amis\" \/>\n<meta property=\"article:publisher\" content=\"https:\/\/www.facebook.com\/lesvegamis\/\" \/>\n<meta property=\"article:published_time\" content=\"2019-07-21T02:53:19+00:00\" \/>\n<meta property=\"article:modified_time\" content=\"2022-12-07T15:55:18+00:00\" \/>\n<meta property=\"og:image\" content=\"https:\/\/lesvegamis.fr\/wp-content\/uploads\/2022\/12\/8b9de-p90723-205058.jpg\" \/>\n\t<meta property=\"og:image:width\" content=\"940\" \/>\n\t<meta property=\"og:image:height\" content=\"707\" \/>\n\t<meta property=\"og:image:type\" content=\"image\/jpeg\" \/>\n<meta name=\"author\" content=\"Les Vegamis\" \/>\n<meta name=\"twitter:card\" content=\"summary_large_image\" \/>\n<meta name=\"twitter:label1\" content=\"\u00c9crit par\" \/>\n\t<meta name=\"twitter:data1\" content=\"Les Vegamis\" \/>\n\t<meta name=\"twitter:label2\" content=\"Dur\u00e9e de lecture estim\u00e9e\" \/>\n\t<meta name=\"twitter:data2\" content=\"1 minute\" \/>\n<script type=\"application\/ld+json\" class=\"yoast-schema-graph\">{\"@context\":\"https:\\\/\\\/schema.org\",\"@graph\":[{\"@type\":\"Article\",\"@id\":\"https:\\\/\\\/lesvegamis.fr\\\/index.php\\\/2019\\\/07\\\/21\\\/pique-nique-vegan-chateau-de-pau-et-cinema-de-plein-air-23-juillet-2019\\\/#article\",\"isPartOf\":{\"@id\":\"https:\\\/\\\/lesvegamis.fr\\\/index.php\\\/2019\\\/07\\\/21\\\/pique-nique-vegan-chateau-de-pau-et-cinema-de-plein-air-23-juillet-2019\\\/\"},\"author\":{\"name\":\"Les Vegamis\",\"@id\":\"https:\\\/\\\/lesvegamis.fr\\\/#\\\/schema\\\/person\\\/99dfc3e25008667b61b0b17835193701\"},\"headline\":\"Pique-nique vegan ch\u00e2teau de Pau et cin\u00e9ma de plein air 23 juillet 2019\",\"datePublished\":\"2019-07-21T02:53:19+00:00\",\"dateModified\":\"2022-12-07T15:55:18+00:00\",\"mainEntityOfPage\":{\"@id\":\"https:\\\/\\\/lesvegamis.fr\\\/index.php\\\/2019\\\/07\\\/21\\\/pique-nique-vegan-chateau-de-pau-et-cinema-de-plein-air-23-juillet-2019\\\/\"},\"wordCount\":220,\"commentCount\":0,\"publisher\":{\"@id\":\"https:\\\/\\\/lesvegamis.fr\\\/#organization\"},\"image\":{\"@id\":\"https:\\\/\\\/lesvegamis.fr\\\/index.php\\\/2019\\\/07\\\/21\\\/pique-nique-vegan-chateau-de-pau-et-cinema-de-plein-air-23-juillet-2019\\\/#primaryimage\"},\"thumbnailUrl\":\"https:\\\/\\\/lesvegamis.fr\\\/wp-content\\\/uploads\\\/2022\\\/12\\\/8b9de-p90723-205058.jpg\",\"articleSection\":[\"Nos activit\u00e9s\"],\"inLanguage\":\"fr-FR\",\"potentialAction\":[{\"@type\":\"CommentAction\",\"name\":\"Comment\",\"target\":[\"https:\\\/\\\/lesvegamis.fr\\\/index.php\\\/2019\\\/07\\\/21\\\/pique-nique-vegan-chateau-de-pau-et-cinema-de-plein-air-23-juillet-2019\\\/#respond\"]}]},{\"@type\":\"WebPage\",\"@id\":\"https:\\\/\\\/lesvegamis.fr\\\/index.php\\\/2019\\\/07\\\/21\\\/pique-nique-vegan-chateau-de-pau-et-cinema-de-plein-air-23-juillet-2019\\\/\",\"url\":\"https:\\\/\\\/lesvegamis.fr\\\/index.php\\\/2019\\\/07\\\/21\\\/pique-nique-vegan-chateau-de-pau-et-cinema-de-plein-air-23-juillet-2019\\\/\",\"name\":\"Pique-nique vegan ch\u00e2teau de Pau et cin\u00e9ma de plein air 23 juillet 2019 - Les V\u00e9g&#039;Amis\",\"isPartOf\":{\"@id\":\"https:\\\/\\\/lesvegamis.fr\\\/#website\"},\"primaryImageOfPage\":{\"@id\":\"https:\\\/\\\/lesvegamis.fr\\\/index.php\\\/2019\\\/07\\\/21\\\/pique-nique-vegan-chateau-de-pau-et-cinema-de-plein-air-23-juillet-2019\\\/#primaryimage\"},\"image\":{\"@id\":\"https:\\\/\\\/lesvegamis.fr\\\/index.php\\\/2019\\\/07\\\/21\\\/pique-nique-vegan-chateau-de-pau-et-cinema-de-plein-air-23-juillet-2019\\\/#primaryimage\"},\"thumbnailUrl\":\"https:\\\/\\\/lesvegamis.fr\\\/wp-content\\\/uploads\\\/2022\\\/12\\\/8b9de-p90723-205058.jpg\",\"datePublished\":\"2019-07-21T02:53:19+00:00\",\"dateModified\":\"2022-12-07T15:55:18+00:00\",\"breadcrumb\":{\"@id\":\"https:\\\/\\\/lesvegamis.fr\\\/index.php\\\/2019\\\/07\\\/21\\\/pique-nique-vegan-chateau-de-pau-et-cinema-de-plein-air-23-juillet-2019\\\/#breadcrumb\"},\"inLanguage\":\"fr-FR\",\"potentialAction\":[{\"@type\":\"ReadAction\",\"target\":[\"https:\\\/\\\/lesvegamis.fr\\\/index.php\\\/2019\\\/07\\\/21\\\/pique-nique-vegan-chateau-de-pau-et-cinema-de-plein-air-23-juillet-2019\\\/\"]}]},{\"@type\":\"ImageObject\",\"inLanguage\":\"fr-FR\",\"@id\":\"https:\\\/\\\/lesvegamis.fr\\\/index.php\\\/2019\\\/07\\\/21\\\/pique-nique-vegan-chateau-de-pau-et-cinema-de-plein-air-23-juillet-2019\\\/#primaryimage\",\"url\":\"https:\\\/\\\/lesvegamis.fr\\\/wp-content\\\/uploads\\\/2022\\\/12\\\/8b9de-p90723-205058.jpg\",\"contentUrl\":\"https:\\\/\\\/lesvegamis.fr\\\/wp-content\\\/uploads\\\/2022\\\/12\\\/8b9de-p90723-205058.jpg\",\"width\":940,\"height\":707},{\"@type\":\"BreadcrumbList\",\"@id\":\"https:\\\/\\\/lesvegamis.fr\\\/index.php\\\/2019\\\/07\\\/21\\\/pique-nique-vegan-chateau-de-pau-et-cinema-de-plein-air-23-juillet-2019\\\/#breadcrumb\",\"itemListElement\":[{\"@type\":\"ListItem\",\"position\":1,\"name\":\"Accueil\",\"item\":\"https:\\\/\\\/lesvegamis.fr\\\/\"},{\"@type\":\"ListItem\",\"position\":2,\"name\":\"Pique-nique vegan ch\u00e2teau de Pau et cin\u00e9ma de plein air 23 juillet 2019\"}]},{\"@type\":\"WebSite\",\"@id\":\"https:\\\/\\\/lesvegamis.fr\\\/#website\",\"url\":\"https:\\\/\\\/lesvegamis.fr\\\/\",\"name\":\"Les V\u00e9g'Amis\",\"description\":\"L&#039;association v\u00e9gane de Pau\",\"publisher\":{\"@id\":\"https:\\\/\\\/lesvegamis.fr\\\/#organization\"},\"potentialAction\":[{\"@type\":\"SearchAction\",\"target\":{\"@type\":\"EntryPoint\",\"urlTemplate\":\"https:\\\/\\\/lesvegamis.fr\\\/?s={search_term_string}\"},\"query-input\":{\"@type\":\"PropertyValueSpecification\",\"valueRequired\":true,\"valueName\":\"search_term_string\"}}],\"inLanguage\":\"fr-FR\"},{\"@type\":\"Organization\",\"@id\":\"https:\\\/\\\/lesvegamis.fr\\\/#organization\",\"name\":\"Association vegan de Pau Les V\u00e9g'Amis\",\"url\":\"https:\\\/\\\/lesvegamis.fr\\\/\",\"logo\":{\"@type\":\"ImageObject\",\"inLanguage\":\"fr-FR\",\"@id\":\"https:\\\/\\\/lesvegamis.fr\\\/#\\\/schema\\\/logo\\\/image\\\/\",\"url\":\"https:\\\/\\\/lesvegamis.fr\\\/wp-content\\\/uploads\\\/2022\\\/12\\\/cropped-logo-couleur-nom-1.png\",\"contentUrl\":\"https:\\\/\\\/lesvegamis.fr\\\/wp-content\\\/uploads\\\/2022\\\/12\\\/cropped-logo-couleur-nom-1.png\",\"width\":192,\"height\":288,\"caption\":\"Association vegan de Pau Les V\u00e9g'Amis\"},\"image\":{\"@id\":\"https:\\\/\\\/lesvegamis.fr\\\/#\\\/schema\\\/logo\\\/image\\\/\"},\"sameAs\":[\"https:\\\/\\\/www.facebook.com\\\/lesvegamis\\\/\",\"https:\\\/\\\/www.instagram.com\\\/lesvegamis\\\/\"]},{\"@type\":\"Person\",\"@id\":\"https:\\\/\\\/lesvegamis.fr\\\/#\\\/schema\\\/person\\\/99dfc3e25008667b61b0b17835193701\",\"name\":\"Les Vegamis\",\"image\":{\"@type\":\"ImageObject\",\"inLanguage\":\"fr-FR\",\"@id\":\"https:\\\/\\\/secure.gravatar.com\\\/avatar\\\/c365180ba419067afc3f9825f3cc192e60b42a216d37a9089bfc0c3707250f43?s=96&d=identicon&r=g\",\"url\":\"https:\\\/\\\/secure.gravatar.com\\\/avatar\\\/c365180ba419067afc3f9825f3cc192e60b42a216d37a9089bfc0c3707250f43?s=96&d=identicon&r=g\",\"contentUrl\":\"https:\\\/\\\/secure.gravatar.com\\\/avatar\\\/c365180ba419067afc3f9825f3cc192e60b42a216d37a9089bfc0c3707250f43?s=96&d=identicon&r=g\",\"caption\":\"Les Vegamis\"},\"sameAs\":[\"http:\\\/\\\/lesvegamis.fr\"],\"url\":\"https:\\\/\\\/lesvegamis.fr\\\/index.php\\\/author\\\/admin6014\\\/\"}]}<\/script>\n<!-- \/ Yoast SEO plugin. -->","yoast_head_json":{"title":"Pique-nique vegan ch\u00e2teau de Pau et cin\u00e9ma de plein air 23 juillet 2019 - Les V\u00e9g&#039;Amis","robots":{"index":"index","follow":"follow","max-snippet":"max-snippet:-1","max-image-preview":"max-image-preview:large","max-video-preview":"max-video-preview:-1"},"canonical":"https:\/\/lesvegamis.fr\/index.php\/2019\/07\/21\/pique-nique-vegan-chateau-de-pau-et-cinema-de-plein-air-23-juillet-2019\/","og_locale":"fr_FR","og_type":"article","og_title":"Pique-nique vegan ch\u00e2teau de Pau et cin\u00e9ma de plein air 23 juillet 2019 - Les V\u00e9g&#039;Amis","og_description":"Le Ch\u00e2teau de Pau, en partenariat avec Le M\u00e9li\u00e8s, propose un cin\u00e9ma d&rsquo;\u00e9t\u00e9 dans le parc, mardi 23 juillet \u00e0 22h avec La forme de l&rsquo;eau (Guillermo Del Toro). Pour... [Continuer la lecture]","og_url":"https:\/\/lesvegamis.fr\/index.php\/2019\/07\/21\/pique-nique-vegan-chateau-de-pau-et-cinema-de-plein-air-23-juillet-2019\/","og_site_name":"Les V\u00e9g&#039;Amis","article_publisher":"https:\/\/www.facebook.com\/lesvegamis\/","article_published_time":"2019-07-21T02:53:19+00:00","article_modified_time":"2022-12-07T15:55:18+00:00","og_image":[{"width":940,"height":707,"url":"https:\/\/lesvegamis.fr\/wp-content\/uploads\/2022\/12\/8b9de-p90723-205058.jpg","type":"image\/jpeg"}],"author":"Les Vegamis","twitter_card":"summary_large_image","twitter_misc":{"\u00c9crit par":"Les Vegamis","Dur\u00e9e de lecture estim\u00e9e":"1 minute"},"schema":{"@context":"https:\/\/schema.org","@graph":[{"@type":"Article","@id":"https:\/\/lesvegamis.fr\/index.php\/2019\/07\/21\/pique-nique-vegan-chateau-de-pau-et-cinema-de-plein-air-23-juillet-2019\/#article","isPartOf":{"@id":"https:\/\/lesvegamis.fr\/index.php\/2019\/07\/21\/pique-nique-vegan-chateau-de-pau-et-cinema-de-plein-air-23-juillet-2019\/"},"author":{"name":"Les Vegamis","@id":"https:\/\/lesvegamis.fr\/#\/schema\/person\/99dfc3e25008667b61b0b17835193701"},"headline":"Pique-nique vegan ch\u00e2teau de Pau et cin\u00e9ma de plein air 23 juillet 2019","datePublished":"2019-07-21T02:53:19+00:00","dateModified":"2022-12-07T15:55:18+00:00","mainEntityOfPage":{"@id":"https:\/\/lesvegamis.fr\/index.php\/2019\/07\/21\/pique-nique-vegan-chateau-de-pau-et-cinema-de-plein-air-23-juillet-2019\/"},"wordCount":220,"commentCount":0,"publisher":{"@id":"https:\/\/lesvegamis.fr\/#organization"},"image":{"@id":"https:\/\/lesvegamis.fr\/index.php\/2019\/07\/21\/pique-nique-vegan-chateau-de-pau-et-cinema-de-plein-air-23-juillet-2019\/#primaryimage"},"thumbnailUrl":"https:\/\/lesvegamis.fr\/wp-content\/uploads\/2022\/12\/8b9de-p90723-205058.jpg","articleSection":["Nos activit\u00e9s"],"inLanguage":"fr-FR","potentialAction":[{"@type":"CommentAction","name":"Comment","target":["https:\/\/lesvegamis.fr\/index.php\/2019\/07\/21\/pique-nique-vegan-chateau-de-pau-et-cinema-de-plein-air-23-juillet-2019\/#respond"]}]},{"@type":"WebPage","@id":"https:\/\/lesvegamis.fr\/index.php\/2019\/07\/21\/pique-nique-vegan-chateau-de-pau-et-cinema-de-plein-air-23-juillet-2019\/","url":"https:\/\/lesvegamis.fr\/index.php\/2019\/07\/21\/pique-nique-vegan-chateau-de-pau-et-cinema-de-plein-air-23-juillet-2019\/","name":"Pique-nique vegan ch\u00e2teau de Pau et cin\u00e9ma de plein air 23 juillet 2019 - Les V\u00e9g&#039;Amis","isPartOf":{"@id":"https:\/\/lesvegamis.fr\/#website"},"primaryImageOfPage":{"@id":"https:\/\/lesvegamis.fr\/index.php\/2019\/07\/21\/pique-nique-vegan-chateau-de-pau-et-cinema-de-plein-air-23-juillet-2019\/#primaryimage"},"image":{"@id":"https:\/\/lesvegamis.fr\/index.php\/2019\/07\/21\/pique-nique-vegan-chateau-de-pau-et-cinema-de-plein-air-23-juillet-2019\/#primaryimage"},"thumbnailUrl":"https:\/\/lesvegamis.fr\/wp-content\/uploads\/2022\/12\/8b9de-p90723-205058.jpg","datePublished":"2019-07-21T02:53:19+00:00","dateModified":"2022-12-07T15:55:18+00:00","breadcrumb":{"@id":"https:\/\/lesvegamis.fr\/index.php\/2019\/07\/21\/pique-nique-vegan-chateau-de-pau-et-cinema-de-plein-air-23-juillet-2019\/#breadcrumb"},"inLanguage":"fr-FR","potentialAction":[{"@type":"ReadAction","target":["https:\/\/lesvegamis.fr\/index.php\/2019\/07\/21\/pique-nique-vegan-chateau-de-pau-et-cinema-de-plein-air-23-juillet-2019\/"]}]},{"@type":"ImageObject","inLanguage":"fr-FR","@id":"https:\/\/lesvegamis.fr\/index.php\/2019\/07\/21\/pique-nique-vegan-chateau-de-pau-et-cinema-de-plein-air-23-juillet-2019\/#primaryimage","url":"https:\/\/lesvegamis.fr\/wp-content\/uploads\/2022\/12\/8b9de-p90723-205058.jpg","contentUrl":"https:\/\/lesvegamis.fr\/wp-content\/uploads\/2022\/12\/8b9de-p90723-205058.jpg","width":940,"height":707},{"@type":"BreadcrumbList","@id":"https:\/\/lesvegamis.fr\/index.php\/2019\/07\/21\/pique-nique-vegan-chateau-de-pau-et-cinema-de-plein-air-23-juillet-2019\/#breadcrumb","itemListElement":[{"@type":"ListItem","position":1,"name":"Accueil","item":"https:\/\/lesvegamis.fr\/"},{"@type":"ListItem","position":2,"name":"Pique-nique vegan ch\u00e2teau de Pau et cin\u00e9ma de plein air 23 juillet 2019"}]},{"@type":"WebSite","@id":"https:\/\/lesvegamis.fr\/#website","url":"https:\/\/lesvegamis.fr\/","name":"Les V\u00e9g'Amis","description":"L&#039;association v\u00e9gane de Pau","publisher":{"@id":"https:\/\/lesvegamis.fr\/#organization"},"potentialAction":[{"@type":"SearchAction","target":{"@type":"EntryPoint","urlTemplate":"https:\/\/lesvegamis.fr\/?s={search_term_string}"},"query-input":{"@type":"PropertyValueSpecification","valueRequired":true,"valueName":"search_term_string"}}],"inLanguage":"fr-FR"},{"@type":"Organization","@id":"https:\/\/lesvegamis.fr\/#organization","name":"Association vegan de Pau Les V\u00e9g'Amis","url":"https:\/\/lesvegamis.fr\/","logo":{"@type":"ImageObject","inLanguage":"fr-FR","@id":"https:\/\/lesvegamis.fr\/#\/schema\/logo\/image\/","url":"https:\/\/lesvegamis.fr\/wp-content\/uploads\/2022\/12\/cropped-logo-couleur-nom-1.png","contentUrl":"https:\/\/lesvegamis.fr\/wp-content\/uploads\/2022\/12\/cropped-logo-couleur-nom-1.png","width":192,"height":288,"caption":"Association vegan de Pau Les V\u00e9g'Amis"},"image":{"@id":"https:\/\/lesvegamis.fr\/#\/schema\/logo\/image\/"},"sameAs":["https:\/\/www.facebook.com\/lesvegamis\/","https:\/\/www.instagram.com\/lesvegamis\/"]},{"@type":"Person","@id":"https:\/\/lesvegamis.fr\/#\/schema\/person\/99dfc3e25008667b61b0b17835193701","name":"Les Vegamis","image":{"@type":"ImageObject","inLanguage":"fr-FR","@id":"https:\/\/secure.gravatar.com\/avatar\/c365180ba419067afc3f9825f3cc192e60b42a216d37a9089bfc0c3707250f43?s=96&d=identicon&r=g","url":"https:\/\/secure.gravatar.com\/avatar\/c365180ba419067afc3f9825f3cc192e60b42a216d37a9089bfc0c3707250f43?s=96&d=identicon&r=g","contentUrl":"https:\/\/secure.gravatar.com\/avatar\/c365180ba419067afc3f9825f3cc192e60b42a216d37a9089bfc0c3707250f43?s=96&d=identicon&r=g","caption":"Les Vegamis"},"sameAs":["http:\/\/lesvegamis.fr"],"url":"https:\/\/lesvegamis.fr\/index.php\/author\/admin6014\/"}]}},"jetpack_featured_media_url":"https:\/\/lesvegamis.fr\/wp-content\/uploads\/2022\/12\/8b9de-p90723-205058.jpg","jetpack_sharing_enabled":true,"_links":{"self":[{"href":"https:\/\/lesvegamis.fr\/index.php\/wp-json\/wp\/v2\/posts\/447","targetHints":{"allow":["GET"]}}],"collection":[{"href":"https:\/\/lesvegamis.fr\/index.php\/wp-json\/wp\/v2\/posts"}],"about":[{"href":"https:\/\/lesvegamis.fr\/index.php\/wp-json\/wp\/v2\/types\/post"}],"author":[{"embeddable":true,"href":"https:\/\/lesvegamis.fr\/index.php\/wp-json\/wp\/v2\/users\/1"}],"replies":[{"embeddable":true,"href":"https:\/\/lesvegamis.fr\/index.php\/wp-json\/wp\/v2\/comments?post=447"}],"version-history":[{"count":2,"href":"https:\/\/lesvegamis.fr\/index.php\/wp-json\/wp\/v2\/posts\/447\/revisions"}],"predecessor-version":[{"id":1765,"href":"https:\/\/lesvegamis.fr\/index.php\/wp-json\/wp\/v2\/posts\/447\/revisions\/1765"}],"wp:featuredmedia":[{"embeddable":true,"href":"https:\/\/lesvegamis.fr\/index.php\/wp-json\/wp\/v2\/media\/1389"}],"wp:attachment":[{"href":"https:\/\/lesvegamis.fr\/index.php\/wp-json\/wp\/v2\/media?parent=447"}],"wp:term":[{"taxonomy":"category","embeddable":true,"href":"https:\/\/lesvegamis.fr\/index.php\/wp-json\/wp\/v2\/categories?post=447"},{"taxonomy":"post_tag","embeddable":true,"href":"https:\/\/lesvegamis.fr\/index.php\/wp-json\/wp\/v2\/tags?post=447"}],"curies":[{"name":"wp","href":"https:\/\/api.w.org\/{rel}","templated":true}]}}