{"id":469,"date":"2019-07-29T02:42:58","date_gmt":"2019-07-29T00:42:58","guid":{"rendered":"http:\/\/lesvegamis.fr\/?p=469"},"modified":"2022-12-07T16:54:33","modified_gmt":"2022-12-07T15:54:33","slug":"soiree-cuisine-asiatique-samedi-3-aout-2019","status":"publish","type":"post","link":"https:\/\/lesvegamis.fr\/index.php\/2019\/07\/29\/soiree-cuisine-asiatique-samedi-3-aout-2019\/","title":{"rendered":"Soir\u00e9e cuisine asiatique samedi 3 ao\u00fbt 2019"},"content":{"rendered":"<p>Comme c&rsquo;est agr\u00e9able de manger frais en \u00e9t\u00e9. L&rsquo;occasion parfaite pour s&rsquo;exercer \u00e0 la cuisine asiatique \u00e0 travers la r\u00e9alisation de makis, sushis, onigiris, rouleaux de printemps et autres petites sp\u00e9cialit\u00e9s.<\/p>\n<p>Algues, avocat, concombre, carottes, choux et graines de toutes sortes : les ressources et les id\u00e9es ne manquent pas pour une soir\u00e9e ambiance soleil levant v\u00e9g\u00e9-friendly !<\/p>\n<p>Inscription souhait\u00e9e (en cliquant sur \u00ab\u00a0je participe\u00a0\u00bb sur l&rsquo;\u00e9v\u00e9nement facebook ou par mail : contact@lesvegamis.fr).<\/p>\n<p>Rdv \u00e0 17h30-18h \u00e0 la MNE<\/p>\n<p>Participation financi\u00e8re \u00e0 l&rsquo;achat des ingr\u00e9dients :<br \/>\nadh\u00e9rents 4\u20ac \/ non-adh\u00e9rents 6\u20ac.<\/p>\n<p><img loading=\"lazy\" decoding=\"async\" class=\"alignnone size-full wp-image-1672\" src=\"https:\/\/lesvegamis.fr\/wp-content\/uploads\/2022\/12\/eba06-p90803-220038-e1565013691950.jpg\" alt=\"\" width=\"700\" height=\"700\" srcset=\"https:\/\/lesvegamis.fr\/wp-content\/uploads\/2022\/12\/eba06-p90803-220038-e1565013691950.jpg 700w, https:\/\/lesvegamis.fr\/wp-content\/uploads\/2022\/12\/eba06-p90803-220038-e1565013691950-300x300.jpg 300w, https:\/\/lesvegamis.fr\/wp-content\/uploads\/2022\/12\/eba06-p90803-220038-e1565013691950-150x150.jpg 150w\" sizes=\"auto, (max-width: 700px) 100vw, 700px\" \/><\/p>\n<p>Merci de votre participation \u00e0 cet atelier cuisine asiatique tr\u00e8s r\u00e9ussi ! Apr\u00e8s quelques heures de cuisine (toujours dans la bonne humeur malgr\u00e9 quelques rat\u00e9s parfois), nous avons pu d\u00e9guster pas moins de 8 recettes diff\u00e9rentes ! Nous referons d&rsquo;autre ateliers de cuisine du monde (voir calendrier).<\/p>\n<p>A bient\u00f4t pour notre sortir au Lac du Gabas le 11 ao\u00fbt !&nbsp;<span class=\"_47e3 _5mfr\" title=\"\u00e9motic\u00f4ne wink\"><img loading=\"lazy\" decoding=\"async\" class=\"img\" role=\"presentation\" src=\"https:\/\/static.xx.fbcdn.net\/images\/emoji.php\/v9\/t57\/1\/16\/1f609.png?_nc_eui2=AeFw3ky3CH6hYu7z0tge5sojZB0mS26YlxL-4CS6rdcONrweq8IoyUme4MtVxDm1-QWe99RhYs0qXObpGX2z5LJ7WYSUCCLSJe-LWwiStY8w3g\" alt=\"\" width=\"16\" height=\"16\"><\/span><\/p>\n<p><img loading=\"lazy\" decoding=\"async\" class=\"alignnone size-full wp-image-1510\" src=\"https:\/\/lesvegamis.fr\/wp-content\/uploads\/2022\/12\/3358f-67254494_2495199534037007_7376729871319302144_n.jpg\" alt=\"\" width=\"933\" height=\"700\" srcset=\"https:\/\/lesvegamis.fr\/wp-content\/uploads\/2022\/12\/3358f-67254494_2495199534037007_7376729871319302144_n.jpg 933w, https:\/\/lesvegamis.fr\/wp-content\/uploads\/2022\/12\/3358f-67254494_2495199534037007_7376729871319302144_n-300x225.jpg 300w, https:\/\/lesvegamis.fr\/wp-content\/uploads\/2022\/12\/3358f-67254494_2495199534037007_7376729871319302144_n-768x576.jpg 768w\" sizes=\"auto, (max-width: 933px) 100vw, 933px\" \/><img loading=\"lazy\" decoding=\"async\" class=\"alignnone size-full wp-image-1335\" src=\"https:\/\/lesvegamis.fr\/wp-content\/uploads\/2022\/12\/2cdb0-67598665_2315761835304817_4363167494010044416_n.jpg\" alt=\"\" width=\"525\" height=\"700\" srcset=\"https:\/\/lesvegamis.fr\/wp-content\/uploads\/2022\/12\/2cdb0-67598665_2315761835304817_4363167494010044416_n.jpg 525w, https:\/\/lesvegamis.fr\/wp-content\/uploads\/2022\/12\/2cdb0-67598665_2315761835304817_4363167494010044416_n-225x300.jpg 225w\" sizes=\"auto, (max-width: 525px) 100vw, 525px\" \/><img loading=\"lazy\" decoding=\"async\" class=\"alignnone size-full wp-image-1479\" src=\"https:\/\/lesvegamis.fr\/wp-content\/uploads\/2022\/12\/346ba-67625615_358570214812822_6896960472210210816_n.jpg\" alt=\"\" width=\"933\" height=\"700\" srcset=\"https:\/\/lesvegamis.fr\/wp-content\/uploads\/2022\/12\/346ba-67625615_358570214812822_6896960472210210816_n.jpg 933w, https:\/\/lesvegamis.fr\/wp-content\/uploads\/2022\/12\/346ba-67625615_358570214812822_6896960472210210816_n-300x225.jpg 300w, https:\/\/lesvegamis.fr\/wp-content\/uploads\/2022\/12\/346ba-67625615_358570214812822_6896960472210210816_n-768x576.jpg 768w\" sizes=\"auto, (max-width: 933px) 100vw, 933px\" \/><img loading=\"lazy\" decoding=\"async\" class=\"alignnone size-full wp-image-1421\" src=\"https:\/\/lesvegamis.fr\/wp-content\/uploads\/2022\/12\/30b2a-67793658_361951514500548_2742084009994485760_n.jpg\" alt=\"\" width=\"933\" height=\"700\" srcset=\"https:\/\/lesvegamis.fr\/wp-content\/uploads\/2022\/12\/30b2a-67793658_361951514500548_2742084009994485760_n.jpg 933w, https:\/\/lesvegamis.fr\/wp-content\/uploads\/2022\/12\/30b2a-67793658_361951514500548_2742084009994485760_n-300x225.jpg 300w, https:\/\/lesvegamis.fr\/wp-content\/uploads\/2022\/12\/30b2a-67793658_361951514500548_2742084009994485760_n-768x576.jpg 768w\" sizes=\"auto, (max-width: 933px) 100vw, 933px\" \/><img loading=\"lazy\" decoding=\"async\" class=\"alignnone size-full wp-image-1546\" src=\"https:\/\/lesvegamis.fr\/wp-content\/uploads\/2022\/12\/37773-67873003_670390873466513_8945664820204535808_n.jpg\" alt=\"\" width=\"933\" height=\"700\" srcset=\"https:\/\/lesvegamis.fr\/wp-content\/uploads\/2022\/12\/37773-67873003_670390873466513_8945664820204535808_n.jpg 933w, https:\/\/lesvegamis.fr\/wp-content\/uploads\/2022\/12\/37773-67873003_670390873466513_8945664820204535808_n-300x225.jpg 300w, https:\/\/lesvegamis.fr\/wp-content\/uploads\/2022\/12\/37773-67873003_670390873466513_8945664820204535808_n-768x576.jpg 768w\" sizes=\"auto, (max-width: 933px) 100vw, 933px\" \/><img loading=\"lazy\" decoding=\"async\" class=\"alignnone size-full wp-image-1446\" src=\"https:\/\/lesvegamis.fr\/wp-content\/uploads\/2022\/12\/73ad8-p90803-182925.jpg\" alt=\"\" width=\"931\" height=\"700\" srcset=\"https:\/\/lesvegamis.fr\/wp-content\/uploads\/2022\/12\/73ad8-p90803-182925.jpg 931w, https:\/\/lesvegamis.fr\/wp-content\/uploads\/2022\/12\/73ad8-p90803-182925-300x226.jpg 300w, https:\/\/lesvegamis.fr\/wp-content\/uploads\/2022\/12\/73ad8-p90803-182925-768x577.jpg 768w\" sizes=\"auto, (max-width: 931px) 100vw, 931px\" \/><img loading=\"lazy\" decoding=\"async\" class=\"alignnone size-full wp-image-1486\" src=\"https:\/\/lesvegamis.fr\/wp-content\/uploads\/2022\/12\/0481e-p90803-182944.jpg\" alt=\"\" width=\"931\" height=\"700\" srcset=\"https:\/\/lesvegamis.fr\/wp-content\/uploads\/2022\/12\/0481e-p90803-182944.jpg 931w, https:\/\/lesvegamis.fr\/wp-content\/uploads\/2022\/12\/0481e-p90803-182944-300x226.jpg 300w, https:\/\/lesvegamis.fr\/wp-content\/uploads\/2022\/12\/0481e-p90803-182944-768x577.jpg 768w\" sizes=\"auto, (max-width: 931px) 100vw, 931px\" \/><img loading=\"lazy\" decoding=\"async\" class=\"alignnone size-full wp-image-1407\" src=\"https:\/\/lesvegamis.fr\/wp-content\/uploads\/2022\/12\/9e5db-p90803-185417.jpg\" alt=\"\" width=\"931\" height=\"700\" srcset=\"https:\/\/lesvegamis.fr\/wp-content\/uploads\/2022\/12\/9e5db-p90803-185417.jpg 931w, https:\/\/lesvegamis.fr\/wp-content\/uploads\/2022\/12\/9e5db-p90803-185417-300x226.jpg 300w, https:\/\/lesvegamis.fr\/wp-content\/uploads\/2022\/12\/9e5db-p90803-185417-768x577.jpg 768w\" sizes=\"auto, (max-width: 931px) 100vw, 931px\" \/><img loading=\"lazy\" decoding=\"async\" class=\"alignnone size-full wp-image-1490\" src=\"https:\/\/lesvegamis.fr\/wp-content\/uploads\/2022\/12\/589c1-p90803-185617.jpg\" alt=\"\" width=\"526\" height=\"700\" srcset=\"https:\/\/lesvegamis.fr\/wp-content\/uploads\/2022\/12\/589c1-p90803-185617.jpg 526w, https:\/\/lesvegamis.fr\/wp-content\/uploads\/2022\/12\/589c1-p90803-185617-225x300.jpg 225w\" sizes=\"auto, (max-width: 526px) 100vw, 526px\" \/><img loading=\"lazy\" decoding=\"async\" class=\"alignnone size-full wp-image-1451\" src=\"https:\/\/lesvegamis.fr\/wp-content\/uploads\/2022\/12\/81a3d-p90803-185720.jpg\" alt=\"\" width=\"931\" height=\"700\" srcset=\"https:\/\/lesvegamis.fr\/wp-content\/uploads\/2022\/12\/81a3d-p90803-185720.jpg 931w, https:\/\/lesvegamis.fr\/wp-content\/uploads\/2022\/12\/81a3d-p90803-185720-300x226.jpg 300w, https:\/\/lesvegamis.fr\/wp-content\/uploads\/2022\/12\/81a3d-p90803-185720-768x577.jpg 768w\" sizes=\"auto, (max-width: 931px) 100vw, 931px\" \/><img loading=\"lazy\" decoding=\"async\" class=\"alignnone size-full wp-image-1658\" src=\"https:\/\/lesvegamis.fr\/wp-content\/uploads\/2022\/12\/e05a8-p90803-190203.jpg\" alt=\"\" width=\"931\" height=\"700\" srcset=\"https:\/\/lesvegamis.fr\/wp-content\/uploads\/2022\/12\/e05a8-p90803-190203.jpg 931w, https:\/\/lesvegamis.fr\/wp-content\/uploads\/2022\/12\/e05a8-p90803-190203-300x226.jpg 300w, https:\/\/lesvegamis.fr\/wp-content\/uploads\/2022\/12\/e05a8-p90803-190203-768x577.jpg 768w\" sizes=\"auto, (max-width: 931px) 100vw, 931px\" \/><img loading=\"lazy\" decoding=\"async\" class=\"alignnone size-full wp-image-1358\" src=\"https:\/\/lesvegamis.fr\/wp-content\/uploads\/2022\/12\/5e926-p90803-190209.jpg\" alt=\"\" width=\"931\" height=\"700\" srcset=\"https:\/\/lesvegamis.fr\/wp-content\/uploads\/2022\/12\/5e926-p90803-190209.jpg 931w, https:\/\/lesvegamis.fr\/wp-content\/uploads\/2022\/12\/5e926-p90803-190209-300x226.jpg 300w, https:\/\/lesvegamis.fr\/wp-content\/uploads\/2022\/12\/5e926-p90803-190209-768x577.jpg 768w\" sizes=\"auto, (max-width: 931px) 100vw, 931px\" \/><img loading=\"lazy\" decoding=\"async\" class=\"alignnone size-full wp-image-1550\" src=\"https:\/\/lesvegamis.fr\/wp-content\/uploads\/2022\/12\/43331-p90803-190216.jpg\" alt=\"\" width=\"931\" height=\"700\" srcset=\"https:\/\/lesvegamis.fr\/wp-content\/uploads\/2022\/12\/43331-p90803-190216.jpg 931w, https:\/\/lesvegamis.fr\/wp-content\/uploads\/2022\/12\/43331-p90803-190216-300x226.jpg 300w, https:\/\/lesvegamis.fr\/wp-content\/uploads\/2022\/12\/43331-p90803-190216-768x577.jpg 768w\" sizes=\"auto, (max-width: 931px) 100vw, 931px\" \/><img loading=\"lazy\" decoding=\"async\" class=\"alignnone size-full wp-image-1491\" src=\"https:\/\/lesvegamis.fr\/wp-content\/uploads\/2022\/12\/609b8-p90803-193202.jpg\" alt=\"\" width=\"931\" height=\"700\" srcset=\"https:\/\/lesvegamis.fr\/wp-content\/uploads\/2022\/12\/609b8-p90803-193202.jpg 931w, https:\/\/lesvegamis.fr\/wp-content\/uploads\/2022\/12\/609b8-p90803-193202-300x226.jpg 300w, https:\/\/lesvegamis.fr\/wp-content\/uploads\/2022\/12\/609b8-p90803-193202-768x577.jpg 768w\" sizes=\"auto, (max-width: 931px) 100vw, 931px\" \/><img loading=\"lazy\" decoding=\"async\" class=\"alignnone size-full wp-image-1343\" src=\"https:\/\/lesvegamis.fr\/wp-content\/uploads\/2022\/12\/3e1d8-p90803-204433.jpg\" alt=\"\" width=\"526\" height=\"700\" srcset=\"https:\/\/lesvegamis.fr\/wp-content\/uploads\/2022\/12\/3e1d8-p90803-204433.jpg 526w, https:\/\/lesvegamis.fr\/wp-content\/uploads\/2022\/12\/3e1d8-p90803-204433-225x300.jpg 225w\" sizes=\"auto, (max-width: 526px) 100vw, 526px\" \/><img loading=\"lazy\" decoding=\"async\" class=\"alignnone size-full wp-image-1688\" src=\"https:\/\/lesvegamis.fr\/wp-content\/uploads\/2022\/12\/f8e5d-p90803-211937.jpg\" alt=\"\" width=\"563\" height=\"700\" srcset=\"https:\/\/lesvegamis.fr\/wp-content\/uploads\/2022\/12\/f8e5d-p90803-211937.jpg 563w, https:\/\/lesvegamis.fr\/wp-content\/uploads\/2022\/12\/f8e5d-p90803-211937-241x300.jpg 241w\" sizes=\"auto, (max-width: 563px) 100vw, 563px\" \/><img loading=\"lazy\" decoding=\"async\" class=\"alignnone size-full wp-image-1472\" src=\"https:\/\/lesvegamis.fr\/wp-content\/uploads\/2022\/12\/271b4-p90803-212933.jpg\" alt=\"\" width=\"700\" height=\"700\" srcset=\"https:\/\/lesvegamis.fr\/wp-content\/uploads\/2022\/12\/271b4-p90803-212933.jpg 700w, https:\/\/lesvegamis.fr\/wp-content\/uploads\/2022\/12\/271b4-p90803-212933-300x300.jpg 300w, https:\/\/lesvegamis.fr\/wp-content\/uploads\/2022\/12\/271b4-p90803-212933-150x150.jpg 150w\" sizes=\"auto, (max-width: 700px) 100vw, 700px\" \/><img loading=\"lazy\" decoding=\"async\" class=\"alignnone size-full wp-image-1614\" src=\"https:\/\/lesvegamis.fr\/wp-content\/uploads\/2022\/12\/bfa87-p90803-213125.jpg\" alt=\"\" width=\"526\" height=\"700\" srcset=\"https:\/\/lesvegamis.fr\/wp-content\/uploads\/2022\/12\/bfa87-p90803-213125.jpg 526w, https:\/\/lesvegamis.fr\/wp-content\/uploads\/2022\/12\/bfa87-p90803-213125-225x300.jpg 225w\" sizes=\"auto, (max-width: 526px) 100vw, 526px\" \/><img loading=\"lazy\" decoding=\"async\" class=\"alignnone size-full wp-image-1580\" src=\"https:\/\/lesvegamis.fr\/wp-content\/uploads\/2022\/12\/aa86f-p90803-213136.jpg\" alt=\"\" width=\"700\" height=\"700\" srcset=\"https:\/\/lesvegamis.fr\/wp-content\/uploads\/2022\/12\/aa86f-p90803-213136.jpg 700w, https:\/\/lesvegamis.fr\/wp-content\/uploads\/2022\/12\/aa86f-p90803-213136-300x300.jpg 300w, https:\/\/lesvegamis.fr\/wp-content\/uploads\/2022\/12\/aa86f-p90803-213136-150x150.jpg 150w\" sizes=\"auto, (max-width: 700px) 100vw, 700px\" \/><img loading=\"lazy\" decoding=\"async\" class=\"alignnone size-full wp-image-1593\" src=\"https:\/\/lesvegamis.fr\/wp-content\/uploads\/2022\/12\/b4a44-p90803-213140.jpg\" alt=\"\" width=\"700\" height=\"700\" srcset=\"https:\/\/lesvegamis.fr\/wp-content\/uploads\/2022\/12\/b4a44-p90803-213140.jpg 700w, https:\/\/lesvegamis.fr\/wp-content\/uploads\/2022\/12\/b4a44-p90803-213140-300x300.jpg 300w, https:\/\/lesvegamis.fr\/wp-content\/uploads\/2022\/12\/b4a44-p90803-213140-150x150.jpg 150w\" sizes=\"auto, (max-width: 700px) 100vw, 700px\" \/><img loading=\"lazy\" decoding=\"async\" class=\"alignnone size-full wp-image-1704\" src=\"https:\/\/lesvegamis.fr\/wp-content\/uploads\/2022\/12\/fc1d6-p90803-213205.jpg\" alt=\"\" width=\"700\" height=\"700\" srcset=\"https:\/\/lesvegamis.fr\/wp-content\/uploads\/2022\/12\/fc1d6-p90803-213205.jpg 700w, https:\/\/lesvegamis.fr\/wp-content\/uploads\/2022\/12\/fc1d6-p90803-213205-300x300.jpg 300w, https:\/\/lesvegamis.fr\/wp-content\/uploads\/2022\/12\/fc1d6-p90803-213205-150x150.jpg 150w\" sizes=\"auto, (max-width: 700px) 100vw, 700px\" \/><img loading=\"lazy\" decoding=\"async\" class=\"alignnone size-full wp-image-1578\" src=\"https:\/\/lesvegamis.fr\/wp-content\/uploads\/2022\/12\/a6224-p90803-214643.jpg\" alt=\"\" width=\"931\" height=\"700\" srcset=\"https:\/\/lesvegamis.fr\/wp-content\/uploads\/2022\/12\/a6224-p90803-214643.jpg 931w, https:\/\/lesvegamis.fr\/wp-content\/uploads\/2022\/12\/a6224-p90803-214643-300x226.jpg 300w, https:\/\/lesvegamis.fr\/wp-content\/uploads\/2022\/12\/a6224-p90803-214643-768x577.jpg 768w\" sizes=\"auto, (max-width: 931px) 100vw, 931px\" \/><img loading=\"lazy\" decoding=\"async\" class=\"alignnone size-full wp-image-1540\" src=\"https:\/\/lesvegamis.fr\/wp-content\/uploads\/2022\/12\/30719-p90803-214645.jpg\" alt=\"\" width=\"931\" height=\"700\" srcset=\"https:\/\/lesvegamis.fr\/wp-content\/uploads\/2022\/12\/30719-p90803-214645.jpg 931w, https:\/\/lesvegamis.fr\/wp-content\/uploads\/2022\/12\/30719-p90803-214645-300x226.jpg 300w, https:\/\/lesvegamis.fr\/wp-content\/uploads\/2022\/12\/30719-p90803-214645-768x577.jpg 768w\" sizes=\"auto, (max-width: 931px) 100vw, 931px\" \/><img loading=\"lazy\" decoding=\"async\" class=\"alignnone size-full wp-image-1315\" src=\"https:\/\/lesvegamis.fr\/wp-content\/uploads\/2022\/12\/0cad4-p90803-214648.jpg\" alt=\"\" width=\"931\" height=\"700\" srcset=\"https:\/\/lesvegamis.fr\/wp-content\/uploads\/2022\/12\/0cad4-p90803-214648.jpg 931w, https:\/\/lesvegamis.fr\/wp-content\/uploads\/2022\/12\/0cad4-p90803-214648-300x226.jpg 300w, https:\/\/lesvegamis.fr\/wp-content\/uploads\/2022\/12\/0cad4-p90803-214648-768x577.jpg 768w\" sizes=\"auto, (max-width: 931px) 100vw, 931px\" \/><img loading=\"lazy\" decoding=\"async\" class=\"alignnone size-full wp-image-1375\" src=\"https:\/\/lesvegamis.fr\/wp-content\/uploads\/2022\/12\/6dc1c-p90803-222544.jpg\" alt=\"\" width=\"931\" height=\"700\" srcset=\"https:\/\/lesvegamis.fr\/wp-content\/uploads\/2022\/12\/6dc1c-p90803-222544.jpg 931w, https:\/\/lesvegamis.fr\/wp-content\/uploads\/2022\/12\/6dc1c-p90803-222544-300x226.jpg 300w, https:\/\/lesvegamis.fr\/wp-content\/uploads\/2022\/12\/6dc1c-p90803-222544-768x577.jpg 768w\" sizes=\"auto, (max-width: 931px) 100vw, 931px\" \/><\/p>\n","protected":false},"excerpt":{"rendered":"<p>Comme c&rsquo;est agr\u00e9able de manger frais en \u00e9t\u00e9. L&rsquo;occasion parfaite pour s&rsquo;exercer \u00e0 la cuisine asiatique \u00e0 travers la r\u00e9alisation de makis, sushis, onigiris, rouleaux de printemps et autres petites&#8230; <a class=\"read-more\" href=\"https:\/\/lesvegamis.fr\/index.php\/2019\/07\/29\/soiree-cuisine-asiatique-samedi-3-aout-2019\/\">[Continuer la lecture]<\/a><\/p>\n","protected":false},"author":1,"featured_media":1313,"comment_status":"open","ping_status":"open","sticky":false,"template":"","format":"standard","meta":{"jetpack_post_was_ever_published":false,"_jetpack_newsletter_access":"","_jetpack_dont_email_post_to_subs":false,"_jetpack_newsletter_tier_id":0,"_jetpack_memberships_contains_paywalled_content":false,"_jetpack_memberships_contains_paid_content":false,"footnotes":""},"categories":[8],"tags":[],"class_list":["post-469","post","type-post","status-publish","format-standard","has-post-thumbnail","hentry","category-activites"],"yoast_head":"<!-- This site is optimized with the Yoast SEO plugin v27.4 - https:\/\/yoast.com\/product\/yoast-seo-wordpress\/ -->\n<title>Soir\u00e9e cuisine asiatique samedi 3 ao\u00fbt 2019 - Les V\u00e9g&#039;Amis<\/title>\n<meta name=\"robots\" content=\"index, follow, max-snippet:-1, max-image-preview:large, max-video-preview:-1\" \/>\n<link rel=\"canonical\" href=\"https:\/\/lesvegamis.fr\/index.php\/2019\/07\/29\/soiree-cuisine-asiatique-samedi-3-aout-2019\/\" \/>\n<meta property=\"og:locale\" content=\"fr_FR\" \/>\n<meta property=\"og:type\" content=\"article\" \/>\n<meta property=\"og:title\" content=\"Soir\u00e9e cuisine asiatique samedi 3 ao\u00fbt 2019 - Les V\u00e9g&#039;Amis\" \/>\n<meta property=\"og:description\" content=\"Comme c&rsquo;est agr\u00e9able de manger frais en \u00e9t\u00e9. L&rsquo;occasion parfaite pour s&rsquo;exercer \u00e0 la cuisine asiatique \u00e0 travers la r\u00e9alisation de makis, sushis, onigiris, rouleaux de printemps et autres petites... [Continuer la lecture]\" \/>\n<meta property=\"og:url\" content=\"https:\/\/lesvegamis.fr\/index.php\/2019\/07\/29\/soiree-cuisine-asiatique-samedi-3-aout-2019\/\" \/>\n<meta property=\"og:site_name\" content=\"Les V\u00e9g&#039;Amis\" \/>\n<meta property=\"article:publisher\" content=\"https:\/\/www.facebook.com\/lesvegamis\/\" \/>\n<meta property=\"article:published_time\" content=\"2019-07-29T00:42:58+00:00\" \/>\n<meta property=\"article:modified_time\" content=\"2022-12-07T15:54:33+00:00\" \/>\n<meta property=\"og:image\" content=\"https:\/\/lesvegamis.fr\/wp-content\/uploads\/2022\/12\/0acf5-p90803-214734.jpg\" \/>\n\t<meta property=\"og:image:width\" content=\"931\" \/>\n\t<meta property=\"og:image:height\" content=\"700\" \/>\n\t<meta property=\"og:image:type\" content=\"image\/jpeg\" \/>\n<meta name=\"author\" content=\"Les Vegamis\" \/>\n<meta name=\"twitter:card\" content=\"summary_large_image\" \/>\n<meta name=\"twitter:label1\" content=\"\u00c9crit par\" \/>\n\t<meta name=\"twitter:data1\" content=\"Les Vegamis\" \/>\n\t<meta name=\"twitter:label2\" content=\"Dur\u00e9e de lecture estim\u00e9e\" \/>\n\t<meta name=\"twitter:data2\" content=\"1 minute\" \/>\n<script type=\"application\/ld+json\" class=\"yoast-schema-graph\">{\"@context\":\"https:\\\/\\\/schema.org\",\"@graph\":[{\"@type\":\"Article\",\"@id\":\"https:\\\/\\\/lesvegamis.fr\\\/index.php\\\/2019\\\/07\\\/29\\\/soiree-cuisine-asiatique-samedi-3-aout-2019\\\/#article\",\"isPartOf\":{\"@id\":\"https:\\\/\\\/lesvegamis.fr\\\/index.php\\\/2019\\\/07\\\/29\\\/soiree-cuisine-asiatique-samedi-3-aout-2019\\\/\"},\"author\":{\"name\":\"Les Vegamis\",\"@id\":\"https:\\\/\\\/lesvegamis.fr\\\/#\\\/schema\\\/person\\\/99dfc3e25008667b61b0b17835193701\"},\"headline\":\"Soir\u00e9e cuisine asiatique samedi 3 ao\u00fbt 2019\",\"datePublished\":\"2019-07-29T00:42:58+00:00\",\"dateModified\":\"2022-12-07T15:54:33+00:00\",\"mainEntityOfPage\":{\"@id\":\"https:\\\/\\\/lesvegamis.fr\\\/index.php\\\/2019\\\/07\\\/29\\\/soiree-cuisine-asiatique-samedi-3-aout-2019\\\/\"},\"wordCount\":168,\"commentCount\":0,\"publisher\":{\"@id\":\"https:\\\/\\\/lesvegamis.fr\\\/#organization\"},\"image\":{\"@id\":\"https:\\\/\\\/lesvegamis.fr\\\/index.php\\\/2019\\\/07\\\/29\\\/soiree-cuisine-asiatique-samedi-3-aout-2019\\\/#primaryimage\"},\"thumbnailUrl\":\"https:\\\/\\\/lesvegamis.fr\\\/wp-content\\\/uploads\\\/2022\\\/12\\\/0acf5-p90803-214734.jpg\",\"articleSection\":[\"Nos activit\u00e9s\"],\"inLanguage\":\"fr-FR\",\"potentialAction\":[{\"@type\":\"CommentAction\",\"name\":\"Comment\",\"target\":[\"https:\\\/\\\/lesvegamis.fr\\\/index.php\\\/2019\\\/07\\\/29\\\/soiree-cuisine-asiatique-samedi-3-aout-2019\\\/#respond\"]}]},{\"@type\":\"WebPage\",\"@id\":\"https:\\\/\\\/lesvegamis.fr\\\/index.php\\\/2019\\\/07\\\/29\\\/soiree-cuisine-asiatique-samedi-3-aout-2019\\\/\",\"url\":\"https:\\\/\\\/lesvegamis.fr\\\/index.php\\\/2019\\\/07\\\/29\\\/soiree-cuisine-asiatique-samedi-3-aout-2019\\\/\",\"name\":\"Soir\u00e9e cuisine asiatique samedi 3 ao\u00fbt 2019 - Les V\u00e9g&#039;Amis\",\"isPartOf\":{\"@id\":\"https:\\\/\\\/lesvegamis.fr\\\/#website\"},\"primaryImageOfPage\":{\"@id\":\"https:\\\/\\\/lesvegamis.fr\\\/index.php\\\/2019\\\/07\\\/29\\\/soiree-cuisine-asiatique-samedi-3-aout-2019\\\/#primaryimage\"},\"image\":{\"@id\":\"https:\\\/\\\/lesvegamis.fr\\\/index.php\\\/2019\\\/07\\\/29\\\/soiree-cuisine-asiatique-samedi-3-aout-2019\\\/#primaryimage\"},\"thumbnailUrl\":\"https:\\\/\\\/lesvegamis.fr\\\/wp-content\\\/uploads\\\/2022\\\/12\\\/0acf5-p90803-214734.jpg\",\"datePublished\":\"2019-07-29T00:42:58+00:00\",\"dateModified\":\"2022-12-07T15:54:33+00:00\",\"breadcrumb\":{\"@id\":\"https:\\\/\\\/lesvegamis.fr\\\/index.php\\\/2019\\\/07\\\/29\\\/soiree-cuisine-asiatique-samedi-3-aout-2019\\\/#breadcrumb\"},\"inLanguage\":\"fr-FR\",\"potentialAction\":[{\"@type\":\"ReadAction\",\"target\":[\"https:\\\/\\\/lesvegamis.fr\\\/index.php\\\/2019\\\/07\\\/29\\\/soiree-cuisine-asiatique-samedi-3-aout-2019\\\/\"]}]},{\"@type\":\"ImageObject\",\"inLanguage\":\"fr-FR\",\"@id\":\"https:\\\/\\\/lesvegamis.fr\\\/index.php\\\/2019\\\/07\\\/29\\\/soiree-cuisine-asiatique-samedi-3-aout-2019\\\/#primaryimage\",\"url\":\"https:\\\/\\\/lesvegamis.fr\\\/wp-content\\\/uploads\\\/2022\\\/12\\\/0acf5-p90803-214734.jpg\",\"contentUrl\":\"https:\\\/\\\/lesvegamis.fr\\\/wp-content\\\/uploads\\\/2022\\\/12\\\/0acf5-p90803-214734.jpg\",\"width\":931,\"height\":700},{\"@type\":\"BreadcrumbList\",\"@id\":\"https:\\\/\\\/lesvegamis.fr\\\/index.php\\\/2019\\\/07\\\/29\\\/soiree-cuisine-asiatique-samedi-3-aout-2019\\\/#breadcrumb\",\"itemListElement\":[{\"@type\":\"ListItem\",\"position\":1,\"name\":\"Accueil\",\"item\":\"https:\\\/\\\/lesvegamis.fr\\\/\"},{\"@type\":\"ListItem\",\"position\":2,\"name\":\"Soir\u00e9e cuisine asiatique samedi 3 ao\u00fbt 2019\"}]},{\"@type\":\"WebSite\",\"@id\":\"https:\\\/\\\/lesvegamis.fr\\\/#website\",\"url\":\"https:\\\/\\\/lesvegamis.fr\\\/\",\"name\":\"Les V\u00e9g'Amis\",\"description\":\"L&#039;association v\u00e9gane de Pau\",\"publisher\":{\"@id\":\"https:\\\/\\\/lesvegamis.fr\\\/#organization\"},\"potentialAction\":[{\"@type\":\"SearchAction\",\"target\":{\"@type\":\"EntryPoint\",\"urlTemplate\":\"https:\\\/\\\/lesvegamis.fr\\\/?s={search_term_string}\"},\"query-input\":{\"@type\":\"PropertyValueSpecification\",\"valueRequired\":true,\"valueName\":\"search_term_string\"}}],\"inLanguage\":\"fr-FR\"},{\"@type\":\"Organization\",\"@id\":\"https:\\\/\\\/lesvegamis.fr\\\/#organization\",\"name\":\"Association vegan de Pau Les V\u00e9g'Amis\",\"url\":\"https:\\\/\\\/lesvegamis.fr\\\/\",\"logo\":{\"@type\":\"ImageObject\",\"inLanguage\":\"fr-FR\",\"@id\":\"https:\\\/\\\/lesvegamis.fr\\\/#\\\/schema\\\/logo\\\/image\\\/\",\"url\":\"https:\\\/\\\/lesvegamis.fr\\\/wp-content\\\/uploads\\\/2022\\\/12\\\/cropped-logo-couleur-nom-1.png\",\"contentUrl\":\"https:\\\/\\\/lesvegamis.fr\\\/wp-content\\\/uploads\\\/2022\\\/12\\\/cropped-logo-couleur-nom-1.png\",\"width\":192,\"height\":288,\"caption\":\"Association vegan de Pau Les V\u00e9g'Amis\"},\"image\":{\"@id\":\"https:\\\/\\\/lesvegamis.fr\\\/#\\\/schema\\\/logo\\\/image\\\/\"},\"sameAs\":[\"https:\\\/\\\/www.facebook.com\\\/lesvegamis\\\/\",\"https:\\\/\\\/www.instagram.com\\\/lesvegamis\\\/\"]},{\"@type\":\"Person\",\"@id\":\"https:\\\/\\\/lesvegamis.fr\\\/#\\\/schema\\\/person\\\/99dfc3e25008667b61b0b17835193701\",\"name\":\"Les Vegamis\",\"image\":{\"@type\":\"ImageObject\",\"inLanguage\":\"fr-FR\",\"@id\":\"https:\\\/\\\/secure.gravatar.com\\\/avatar\\\/c365180ba419067afc3f9825f3cc192e60b42a216d37a9089bfc0c3707250f43?s=96&d=identicon&r=g\",\"url\":\"https:\\\/\\\/secure.gravatar.com\\\/avatar\\\/c365180ba419067afc3f9825f3cc192e60b42a216d37a9089bfc0c3707250f43?s=96&d=identicon&r=g\",\"contentUrl\":\"https:\\\/\\\/secure.gravatar.com\\\/avatar\\\/c365180ba419067afc3f9825f3cc192e60b42a216d37a9089bfc0c3707250f43?s=96&d=identicon&r=g\",\"caption\":\"Les Vegamis\"},\"sameAs\":[\"http:\\\/\\\/lesvegamis.fr\"],\"url\":\"https:\\\/\\\/lesvegamis.fr\\\/index.php\\\/author\\\/admin6014\\\/\"}]}<\/script>\n<!-- \/ Yoast SEO plugin. -->","yoast_head_json":{"title":"Soir\u00e9e cuisine asiatique samedi 3 ao\u00fbt 2019 - Les V\u00e9g&#039;Amis","robots":{"index":"index","follow":"follow","max-snippet":"max-snippet:-1","max-image-preview":"max-image-preview:large","max-video-preview":"max-video-preview:-1"},"canonical":"https:\/\/lesvegamis.fr\/index.php\/2019\/07\/29\/soiree-cuisine-asiatique-samedi-3-aout-2019\/","og_locale":"fr_FR","og_type":"article","og_title":"Soir\u00e9e cuisine asiatique samedi 3 ao\u00fbt 2019 - Les V\u00e9g&#039;Amis","og_description":"Comme c&rsquo;est agr\u00e9able de manger frais en \u00e9t\u00e9. L&rsquo;occasion parfaite pour s&rsquo;exercer \u00e0 la cuisine asiatique \u00e0 travers la r\u00e9alisation de makis, sushis, onigiris, rouleaux de printemps et autres petites... [Continuer la lecture]","og_url":"https:\/\/lesvegamis.fr\/index.php\/2019\/07\/29\/soiree-cuisine-asiatique-samedi-3-aout-2019\/","og_site_name":"Les V\u00e9g&#039;Amis","article_publisher":"https:\/\/www.facebook.com\/lesvegamis\/","article_published_time":"2019-07-29T00:42:58+00:00","article_modified_time":"2022-12-07T15:54:33+00:00","og_image":[{"width":931,"height":700,"url":"https:\/\/lesvegamis.fr\/wp-content\/uploads\/2022\/12\/0acf5-p90803-214734.jpg","type":"image\/jpeg"}],"author":"Les Vegamis","twitter_card":"summary_large_image","twitter_misc":{"\u00c9crit par":"Les Vegamis","Dur\u00e9e de lecture estim\u00e9e":"1 minute"},"schema":{"@context":"https:\/\/schema.org","@graph":[{"@type":"Article","@id":"https:\/\/lesvegamis.fr\/index.php\/2019\/07\/29\/soiree-cuisine-asiatique-samedi-3-aout-2019\/#article","isPartOf":{"@id":"https:\/\/lesvegamis.fr\/index.php\/2019\/07\/29\/soiree-cuisine-asiatique-samedi-3-aout-2019\/"},"author":{"name":"Les Vegamis","@id":"https:\/\/lesvegamis.fr\/#\/schema\/person\/99dfc3e25008667b61b0b17835193701"},"headline":"Soir\u00e9e cuisine asiatique samedi 3 ao\u00fbt 2019","datePublished":"2019-07-29T00:42:58+00:00","dateModified":"2022-12-07T15:54:33+00:00","mainEntityOfPage":{"@id":"https:\/\/lesvegamis.fr\/index.php\/2019\/07\/29\/soiree-cuisine-asiatique-samedi-3-aout-2019\/"},"wordCount":168,"commentCount":0,"publisher":{"@id":"https:\/\/lesvegamis.fr\/#organization"},"image":{"@id":"https:\/\/lesvegamis.fr\/index.php\/2019\/07\/29\/soiree-cuisine-asiatique-samedi-3-aout-2019\/#primaryimage"},"thumbnailUrl":"https:\/\/lesvegamis.fr\/wp-content\/uploads\/2022\/12\/0acf5-p90803-214734.jpg","articleSection":["Nos activit\u00e9s"],"inLanguage":"fr-FR","potentialAction":[{"@type":"CommentAction","name":"Comment","target":["https:\/\/lesvegamis.fr\/index.php\/2019\/07\/29\/soiree-cuisine-asiatique-samedi-3-aout-2019\/#respond"]}]},{"@type":"WebPage","@id":"https:\/\/lesvegamis.fr\/index.php\/2019\/07\/29\/soiree-cuisine-asiatique-samedi-3-aout-2019\/","url":"https:\/\/lesvegamis.fr\/index.php\/2019\/07\/29\/soiree-cuisine-asiatique-samedi-3-aout-2019\/","name":"Soir\u00e9e cuisine asiatique samedi 3 ao\u00fbt 2019 - Les V\u00e9g&#039;Amis","isPartOf":{"@id":"https:\/\/lesvegamis.fr\/#website"},"primaryImageOfPage":{"@id":"https:\/\/lesvegamis.fr\/index.php\/2019\/07\/29\/soiree-cuisine-asiatique-samedi-3-aout-2019\/#primaryimage"},"image":{"@id":"https:\/\/lesvegamis.fr\/index.php\/2019\/07\/29\/soiree-cuisine-asiatique-samedi-3-aout-2019\/#primaryimage"},"thumbnailUrl":"https:\/\/lesvegamis.fr\/wp-content\/uploads\/2022\/12\/0acf5-p90803-214734.jpg","datePublished":"2019-07-29T00:42:58+00:00","dateModified":"2022-12-07T15:54:33+00:00","breadcrumb":{"@id":"https:\/\/lesvegamis.fr\/index.php\/2019\/07\/29\/soiree-cuisine-asiatique-samedi-3-aout-2019\/#breadcrumb"},"inLanguage":"fr-FR","potentialAction":[{"@type":"ReadAction","target":["https:\/\/lesvegamis.fr\/index.php\/2019\/07\/29\/soiree-cuisine-asiatique-samedi-3-aout-2019\/"]}]},{"@type":"ImageObject","inLanguage":"fr-FR","@id":"https:\/\/lesvegamis.fr\/index.php\/2019\/07\/29\/soiree-cuisine-asiatique-samedi-3-aout-2019\/#primaryimage","url":"https:\/\/lesvegamis.fr\/wp-content\/uploads\/2022\/12\/0acf5-p90803-214734.jpg","contentUrl":"https:\/\/lesvegamis.fr\/wp-content\/uploads\/2022\/12\/0acf5-p90803-214734.jpg","width":931,"height":700},{"@type":"BreadcrumbList","@id":"https:\/\/lesvegamis.fr\/index.php\/2019\/07\/29\/soiree-cuisine-asiatique-samedi-3-aout-2019\/#breadcrumb","itemListElement":[{"@type":"ListItem","position":1,"name":"Accueil","item":"https:\/\/lesvegamis.fr\/"},{"@type":"ListItem","position":2,"name":"Soir\u00e9e cuisine asiatique samedi 3 ao\u00fbt 2019"}]},{"@type":"WebSite","@id":"https:\/\/lesvegamis.fr\/#website","url":"https:\/\/lesvegamis.fr\/","name":"Les V\u00e9g'Amis","description":"L&#039;association v\u00e9gane de Pau","publisher":{"@id":"https:\/\/lesvegamis.fr\/#organization"},"potentialAction":[{"@type":"SearchAction","target":{"@type":"EntryPoint","urlTemplate":"https:\/\/lesvegamis.fr\/?s={search_term_string}"},"query-input":{"@type":"PropertyValueSpecification","valueRequired":true,"valueName":"search_term_string"}}],"inLanguage":"fr-FR"},{"@type":"Organization","@id":"https:\/\/lesvegamis.fr\/#organization","name":"Association vegan de Pau Les V\u00e9g'Amis","url":"https:\/\/lesvegamis.fr\/","logo":{"@type":"ImageObject","inLanguage":"fr-FR","@id":"https:\/\/lesvegamis.fr\/#\/schema\/logo\/image\/","url":"https:\/\/lesvegamis.fr\/wp-content\/uploads\/2022\/12\/cropped-logo-couleur-nom-1.png","contentUrl":"https:\/\/lesvegamis.fr\/wp-content\/uploads\/2022\/12\/cropped-logo-couleur-nom-1.png","width":192,"height":288,"caption":"Association vegan de Pau Les V\u00e9g'Amis"},"image":{"@id":"https:\/\/lesvegamis.fr\/#\/schema\/logo\/image\/"},"sameAs":["https:\/\/www.facebook.com\/lesvegamis\/","https:\/\/www.instagram.com\/lesvegamis\/"]},{"@type":"Person","@id":"https:\/\/lesvegamis.fr\/#\/schema\/person\/99dfc3e25008667b61b0b17835193701","name":"Les Vegamis","image":{"@type":"ImageObject","inLanguage":"fr-FR","@id":"https:\/\/secure.gravatar.com\/avatar\/c365180ba419067afc3f9825f3cc192e60b42a216d37a9089bfc0c3707250f43?s=96&d=identicon&r=g","url":"https:\/\/secure.gravatar.com\/avatar\/c365180ba419067afc3f9825f3cc192e60b42a216d37a9089bfc0c3707250f43?s=96&d=identicon&r=g","contentUrl":"https:\/\/secure.gravatar.com\/avatar\/c365180ba419067afc3f9825f3cc192e60b42a216d37a9089bfc0c3707250f43?s=96&d=identicon&r=g","caption":"Les Vegamis"},"sameAs":["http:\/\/lesvegamis.fr"],"url":"https:\/\/lesvegamis.fr\/index.php\/author\/admin6014\/"}]}},"jetpack_featured_media_url":"https:\/\/lesvegamis.fr\/wp-content\/uploads\/2022\/12\/0acf5-p90803-214734.jpg","jetpack_sharing_enabled":true,"_links":{"self":[{"href":"https:\/\/lesvegamis.fr\/index.php\/wp-json\/wp\/v2\/posts\/469","targetHints":{"allow":["GET"]}}],"collection":[{"href":"https:\/\/lesvegamis.fr\/index.php\/wp-json\/wp\/v2\/posts"}],"about":[{"href":"https:\/\/lesvegamis.fr\/index.php\/wp-json\/wp\/v2\/types\/post"}],"author":[{"embeddable":true,"href":"https:\/\/lesvegamis.fr\/index.php\/wp-json\/wp\/v2\/users\/1"}],"replies":[{"embeddable":true,"href":"https:\/\/lesvegamis.fr\/index.php\/wp-json\/wp\/v2\/comments?post=469"}],"version-history":[{"count":2,"href":"https:\/\/lesvegamis.fr\/index.php\/wp-json\/wp\/v2\/posts\/469\/revisions"}],"predecessor-version":[{"id":1763,"href":"https:\/\/lesvegamis.fr\/index.php\/wp-json\/wp\/v2\/posts\/469\/revisions\/1763"}],"wp:featuredmedia":[{"embeddable":true,"href":"https:\/\/lesvegamis.fr\/index.php\/wp-json\/wp\/v2\/media\/1313"}],"wp:attachment":[{"href":"https:\/\/lesvegamis.fr\/index.php\/wp-json\/wp\/v2\/media?parent=469"}],"wp:term":[{"taxonomy":"category","embeddable":true,"href":"https:\/\/lesvegamis.fr\/index.php\/wp-json\/wp\/v2\/categories?post=469"},{"taxonomy":"post_tag","embeddable":true,"href":"https:\/\/lesvegamis.fr\/index.php\/wp-json\/wp\/v2\/tags?post=469"}],"curies":[{"name":"wp","href":"https:\/\/api.w.org\/{rel}","templated":true}]}}