{"id":474,"date":"2019-07-29T02:49:30","date_gmt":"2019-07-29T00:49:30","guid":{"rendered":"http:\/\/lesvegamis.fr\/?p=474"},"modified":"2022-12-07T16:30:49","modified_gmt":"2022-12-07T15:30:49","slug":"sortie-lac-de-gabas-11-aout-2019","status":"publish","type":"post","link":"https:\/\/lesvegamis.fr\/index.php\/2019\/07\/29\/sortie-lac-de-gabas-11-aout-2019\/","title":{"rendered":"Pique-nique et marche Domaine de Sers 11 ao\u00fbt 2019"},"content":{"rendered":"<p>Un pique-nique au bord de l&rsquo;eau, une balade \u00e0 l&rsquo;ombre des arbres et \u00e9ventuelle visite d&rsquo;une roseraie : c&rsquo;est le programme de cette sortie que nous vous proposons dimanche 11 ao\u00fbt.<\/p>\n<p>Le pique-nique et le go\u00fbter seront sous la forme d&rsquo;un repas partag\u00e9 (gratuit) : chaque personne est invit\u00e9e \u00e0 apporter un plat et\/ou un dessert\/go\u00fbter v\u00e9g\u00e9talien.<br \/>Vous ne savez pas quoi apporter ? Contactez-nous ! Nous vous aiderons \u00e0 trouver une recette.<\/p>\n<p>Pensez covoiturage ! Plusieurs d&rsquo;entre nous auront de la place en voiture. Limitons notre impact et partons ensemble \ud83d\ude09 N&rsquo;h\u00e9sitez pas \u00e0 en parler dans l&rsquo;espace discussion de ce groupe.<\/p>\n<p>Informations sur la roseraie de St Vincent :<br \/><a href=\"https:\/\/l.facebook.com\/l.php?u=http%3A%2F%2Fwww.roseraiedesaintvincent.com%2F%3Ffbclid%3DIwAR2l8WMS8npiQuZxCAaLbr-_vMxn8H1ZPmpoXdMQeMHCgxbPGwoJM-SuMfg&amp;h=AT2VBl1A5N8NWk4lRnlT23E-pX8fsa25e5v9hzkwFSuWRoyaOCo18BE0a3JqU0eO8H2SrhsvrfX4bvogr6v8elYa_gvq1PDI8MRwhjskDlWXCg1fpsIdGLCKwU5nuWJLOK5nqoYDWzVkRV8hCg_l\" target=\"_blank\" rel=\"nofollow noopener noreferrer\" data-lynx-mode=\"hover\">http:\/\/www.roseraiedesaintvincent.com\/<\/a><br \/>NB : la p\u00e9pini\u00e8re sera ferm\u00e9e<\/p>\n<p><img loading=\"lazy\" decoding=\"async\" class=\"alignnone size-full wp-image-1594\" src=\"https:\/\/lesvegamis.fr\/wp-content\/uploads\/2022\/12\/b9ea4-67867029_392418378077518_4757805113689505792_o.jpg\" alt=\"\" width=\"1000\" height=\"667\" srcset=\"https:\/\/lesvegamis.fr\/wp-content\/uploads\/2022\/12\/b9ea4-67867029_392418378077518_4757805113689505792_o.jpg 1000w, https:\/\/lesvegamis.fr\/wp-content\/uploads\/2022\/12\/b9ea4-67867029_392418378077518_4757805113689505792_o-300x200.jpg 300w, https:\/\/lesvegamis.fr\/wp-content\/uploads\/2022\/12\/b9ea4-67867029_392418378077518_4757805113689505792_o-768x512.jpg 768w\" sizes=\"auto, (max-width: 1000px) 100vw, 1000px\" \/><\/p>\n<p>\/\/!\\\\ M\u00e9t\u00e9o instable : le repas partag\u00e9 aura lieu au sec, \u00e0 la Maison de la Nature et de L&rsquo;Environnement &#8211; domaine de Sers &#8211; Pau. RDV \u00e0 11h. Nous deciderons en d\u00e9but d&rsquo;apr\u00e8s-midi (maximum 14h) de notre d\u00e9part pour le lac de Gabas ou pas. Update : nous avons march\u00e9 au domaine de Sers.<\/p>\n<p><img loading=\"lazy\" decoding=\"async\" class=\"alignnone size-full wp-image-1463\" src=\"https:\/\/lesvegamis.fr\/wp-content\/uploads\/2022\/12\/129ea-67901636_392418551410834_4862362720961298432_o.jpg\" alt=\"\" width=\"1000\" height=\"667\" srcset=\"https:\/\/lesvegamis.fr\/wp-content\/uploads\/2022\/12\/129ea-67901636_392418551410834_4862362720961298432_o.jpg 1000w, https:\/\/lesvegamis.fr\/wp-content\/uploads\/2022\/12\/129ea-67901636_392418551410834_4862362720961298432_o-300x200.jpg 300w, https:\/\/lesvegamis.fr\/wp-content\/uploads\/2022\/12\/129ea-67901636_392418551410834_4862362720961298432_o-768x512.jpg 768w\" sizes=\"auto, (max-width: 1000px) 100vw, 1000px\" \/><\/p>\n<p>Malgr\u00e9 la m\u00e9t\u00e9o, nous nous sommes retrouv\u00e9es pour pique-niquer \u00e0 l&rsquo;abris \u00e0 la MNE, puis nous avons pu profiter d&rsquo;une \u00e9claircie pour aller marcher dans le Domaine de Sers ! Dommage pour le lac de Gabas, mais nous avons tout de m\u00eame profit\u00e9 d&rsquo;un super repas partag\u00e9 et d&rsquo;une balade dans la nature. Merci \u00e0 toutes pour votre participation ! A dimanche pour notre atelier desserts d&rsquo;\u00e9t\u00e9 tarte aux fruits \ud83d\ude09<\/p>\n<p><img loading=\"lazy\" decoding=\"async\" class=\"alignnone size-full wp-image-1605\" src=\"https:\/\/lesvegamis.fr\/wp-content\/uploads\/2022\/12\/ba654-p90811-130643.jpg\" alt=\"\" width=\"1000\" height=\"752\" srcset=\"https:\/\/lesvegamis.fr\/wp-content\/uploads\/2022\/12\/ba654-p90811-130643.jpg 1000w, https:\/\/lesvegamis.fr\/wp-content\/uploads\/2022\/12\/ba654-p90811-130643-300x226.jpg 300w, https:\/\/lesvegamis.fr\/wp-content\/uploads\/2022\/12\/ba654-p90811-130643-768x578.jpg 768w\" sizes=\"auto, (max-width: 1000px) 100vw, 1000px\" \/> <img loading=\"lazy\" decoding=\"async\" class=\"alignnone size-full wp-image-1441\" src=\"https:\/\/lesvegamis.fr\/wp-content\/uploads\/2022\/12\/67d79-p90811-125421.jpg\" alt=\"\" width=\"1000\" height=\"1000\" srcset=\"https:\/\/lesvegamis.fr\/wp-content\/uploads\/2022\/12\/67d79-p90811-125421.jpg 1000w, https:\/\/lesvegamis.fr\/wp-content\/uploads\/2022\/12\/67d79-p90811-125421-300x300.jpg 300w, https:\/\/lesvegamis.fr\/wp-content\/uploads\/2022\/12\/67d79-p90811-125421-150x150.jpg 150w, https:\/\/lesvegamis.fr\/wp-content\/uploads\/2022\/12\/67d79-p90811-125421-768x768.jpg 768w\" sizes=\"auto, (max-width: 1000px) 100vw, 1000px\" \/> <img loading=\"lazy\" decoding=\"async\" class=\"alignnone size-full wp-image-1414\" src=\"https:\/\/lesvegamis.fr\/wp-content\/uploads\/2022\/12\/21fed-p90811-123636.jpg\" alt=\"\" width=\"752\" height=\"1000\" srcset=\"https:\/\/lesvegamis.fr\/wp-content\/uploads\/2022\/12\/21fed-p90811-123636.jpg 752w, https:\/\/lesvegamis.fr\/wp-content\/uploads\/2022\/12\/21fed-p90811-123636-226x300.jpg 226w\" sizes=\"auto, (max-width: 752px) 100vw, 752px\" \/> <img loading=\"lazy\" decoding=\"async\" class=\"alignnone size-full wp-image-1671\" src=\"https:\/\/lesvegamis.fr\/wp-content\/uploads\/2022\/12\/ea15d-p90811-123628.jpg\" alt=\"\" width=\"752\" height=\"1000\" srcset=\"https:\/\/lesvegamis.fr\/wp-content\/uploads\/2022\/12\/ea15d-p90811-123628.jpg 752w, https:\/\/lesvegamis.fr\/wp-content\/uploads\/2022\/12\/ea15d-p90811-123628-226x300.jpg 226w\" sizes=\"auto, (max-width: 752px) 100vw, 752px\" \/> <img loading=\"lazy\" decoding=\"async\" class=\"alignnone size-full wp-image-1395\" src=\"https:\/\/lesvegamis.fr\/wp-content\/uploads\/2022\/12\/8d18a-68771873_392418284744194_3852354895919185920_o.jpg\" alt=\"\" width=\"1000\" height=\"667\" srcset=\"https:\/\/lesvegamis.fr\/wp-content\/uploads\/2022\/12\/8d18a-68771873_392418284744194_3852354895919185920_o.jpg 1000w, https:\/\/lesvegamis.fr\/wp-content\/uploads\/2022\/12\/8d18a-68771873_392418284744194_3852354895919185920_o-300x200.jpg 300w, https:\/\/lesvegamis.fr\/wp-content\/uploads\/2022\/12\/8d18a-68771873_392418284744194_3852354895919185920_o-768x512.jpg 768w\" sizes=\"auto, (max-width: 1000px) 100vw, 1000px\" \/><img loading=\"lazy\" decoding=\"async\" class=\"alignnone size-full wp-image-1381\" src=\"https:\/\/lesvegamis.fr\/wp-content\/uploads\/2022\/12\/7b98c-68657008_392418191410870_7660632427970166784_o.jpg\" alt=\"\" width=\"1000\" height=\"667\" srcset=\"https:\/\/lesvegamis.fr\/wp-content\/uploads\/2022\/12\/7b98c-68657008_392418191410870_7660632427970166784_o.jpg 1000w, https:\/\/lesvegamis.fr\/wp-content\/uploads\/2022\/12\/7b98c-68657008_392418191410870_7660632427970166784_o-300x200.jpg 300w, https:\/\/lesvegamis.fr\/wp-content\/uploads\/2022\/12\/7b98c-68657008_392418191410870_7660632427970166784_o-768x512.jpg 768w\" sizes=\"auto, (max-width: 1000px) 100vw, 1000px\" \/><img loading=\"lazy\" decoding=\"async\" class=\"alignnone size-full wp-image-1543\" src=\"https:\/\/lesvegamis.fr\/wp-content\/uploads\/2022\/12\/31792-67967400_392418338077522_4390844808726315008_o.jpg\" alt=\"\" width=\"1000\" height=\"667\" srcset=\"https:\/\/lesvegamis.fr\/wp-content\/uploads\/2022\/12\/31792-67967400_392418338077522_4390844808726315008_o.jpg 1000w, https:\/\/lesvegamis.fr\/wp-content\/uploads\/2022\/12\/31792-67967400_392418338077522_4390844808726315008_o-300x200.jpg 300w, https:\/\/lesvegamis.fr\/wp-content\/uploads\/2022\/12\/31792-67967400_392418338077522_4390844808726315008_o-768x512.jpg 768w\" sizes=\"auto, (max-width: 1000px) 100vw, 1000px\" \/><img loading=\"lazy\" decoding=\"async\" class=\"alignnone size-full wp-image-1501\" src=\"https:\/\/lesvegamis.fr\/wp-content\/uploads\/2022\/12\/983bc-67952537_392418091410880_9153209721690259456_o.jpg\" alt=\"\" width=\"1000\" height=\"667\" srcset=\"https:\/\/lesvegamis.fr\/wp-content\/uploads\/2022\/12\/983bc-67952537_392418091410880_9153209721690259456_o.jpg 1000w, https:\/\/lesvegamis.fr\/wp-content\/uploads\/2022\/12\/983bc-67952537_392418091410880_9153209721690259456_o-300x200.jpg 300w, https:\/\/lesvegamis.fr\/wp-content\/uploads\/2022\/12\/983bc-67952537_392418091410880_9153209721690259456_o-768x512.jpg 768w\" sizes=\"auto, (max-width: 1000px) 100vw, 1000px\" \/><img loading=\"lazy\" decoding=\"async\" class=\"alignnone size-full wp-image-1460\" src=\"https:\/\/lesvegamis.fr\/wp-content\/uploads\/2022\/12\/96ec0-67809431_392418271410862_8100961799530086400_o.jpg\" alt=\"\" width=\"1000\" height=\"667\" srcset=\"https:\/\/lesvegamis.fr\/wp-content\/uploads\/2022\/12\/96ec0-67809431_392418271410862_8100961799530086400_o.jpg 1000w, https:\/\/lesvegamis.fr\/wp-content\/uploads\/2022\/12\/96ec0-67809431_392418271410862_8100961799530086400_o-300x200.jpg 300w, https:\/\/lesvegamis.fr\/wp-content\/uploads\/2022\/12\/96ec0-67809431_392418271410862_8100961799530086400_o-768x512.jpg 768w\" sizes=\"auto, (max-width: 1000px) 100vw, 1000px\" \/><img loading=\"lazy\" decoding=\"async\" class=\"alignnone size-full wp-image-1512\" src=\"https:\/\/lesvegamis.fr\/wp-content\/uploads\/2022\/12\/3799b-p90811-133405.jpg\" alt=\"\" width=\"1000\" height=\"1000\" srcset=\"https:\/\/lesvegamis.fr\/wp-content\/uploads\/2022\/12\/3799b-p90811-133405.jpg 1000w, https:\/\/lesvegamis.fr\/wp-content\/uploads\/2022\/12\/3799b-p90811-133405-300x300.jpg 300w, https:\/\/lesvegamis.fr\/wp-content\/uploads\/2022\/12\/3799b-p90811-133405-150x150.jpg 150w, https:\/\/lesvegamis.fr\/wp-content\/uploads\/2022\/12\/3799b-p90811-133405-768x768.jpg 768w\" sizes=\"auto, (max-width: 1000px) 100vw, 1000px\" \/> <img loading=\"lazy\" decoding=\"async\" class=\"alignnone size-full wp-image-1356\" src=\"https:\/\/lesvegamis.fr\/wp-content\/uploads\/2022\/12\/5de1f-p90811-132950.jpg\" alt=\"\" width=\"752\" height=\"1000\" srcset=\"https:\/\/lesvegamis.fr\/wp-content\/uploads\/2022\/12\/5de1f-p90811-132950.jpg 752w, https:\/\/lesvegamis.fr\/wp-content\/uploads\/2022\/12\/5de1f-p90811-132950-226x300.jpg 226w\" sizes=\"auto, (max-width: 752px) 100vw, 752px\" \/> <img loading=\"lazy\" decoding=\"async\" class=\"alignnone size-full wp-image-1663\" src=\"https:\/\/lesvegamis.fr\/wp-content\/uploads\/2022\/12\/e9ebb-68290445_392418311410858_8758924924984229888_o.jpg\" alt=\"\" width=\"1000\" height=\"667\" srcset=\"https:\/\/lesvegamis.fr\/wp-content\/uploads\/2022\/12\/e9ebb-68290445_392418311410858_8758924924984229888_o.jpg 1000w, https:\/\/lesvegamis.fr\/wp-content\/uploads\/2022\/12\/e9ebb-68290445_392418311410858_8758924924984229888_o-300x200.jpg 300w, https:\/\/lesvegamis.fr\/wp-content\/uploads\/2022\/12\/e9ebb-68290445_392418311410858_8758924924984229888_o-768x512.jpg 768w\" sizes=\"auto, (max-width: 1000px) 100vw, 1000px\" \/><img loading=\"lazy\" decoding=\"async\" class=\"alignnone size-full wp-image-1545\" src=\"https:\/\/lesvegamis.fr\/wp-content\/uploads\/2022\/12\/37472-67937176_392418204744202_8901563155411369984_o.jpg\" alt=\"\" width=\"1000\" height=\"667\" srcset=\"https:\/\/lesvegamis.fr\/wp-content\/uploads\/2022\/12\/37472-67937176_392418204744202_8901563155411369984_o.jpg 1000w, https:\/\/lesvegamis.fr\/wp-content\/uploads\/2022\/12\/37472-67937176_392418204744202_8901563155411369984_o-300x200.jpg 300w, https:\/\/lesvegamis.fr\/wp-content\/uploads\/2022\/12\/37472-67937176_392418204744202_8901563155411369984_o-768x512.jpg 768w\" sizes=\"auto, (max-width: 1000px) 100vw, 1000px\" \/> <img loading=\"lazy\" decoding=\"async\" class=\"alignnone size-full wp-image-1498\" src=\"https:\/\/lesvegamis.fr\/wp-content\/uploads\/2022\/12\/878dc-67931468_392418461410843_2430140423616856064_o.jpg\" alt=\"\" width=\"1000\" height=\"667\" srcset=\"https:\/\/lesvegamis.fr\/wp-content\/uploads\/2022\/12\/878dc-67931468_392418461410843_2430140423616856064_o.jpg 1000w, https:\/\/lesvegamis.fr\/wp-content\/uploads\/2022\/12\/878dc-67931468_392418461410843_2430140423616856064_o-300x200.jpg 300w, https:\/\/lesvegamis.fr\/wp-content\/uploads\/2022\/12\/878dc-67931468_392418461410843_2430140423616856064_o-768x512.jpg 768w\" sizes=\"auto, (max-width: 1000px) 100vw, 1000px\" \/><img loading=\"lazy\" decoding=\"async\" class=\"alignnone size-full wp-image-1547\" src=\"https:\/\/lesvegamis.fr\/wp-content\/uploads\/2022\/12\/39755-68390881_392418521410837_1920771243775098880_o.jpg\" alt=\"\" width=\"1000\" height=\"667\" srcset=\"https:\/\/lesvegamis.fr\/wp-content\/uploads\/2022\/12\/39755-68390881_392418521410837_1920771243775098880_o.jpg 1000w, https:\/\/lesvegamis.fr\/wp-content\/uploads\/2022\/12\/39755-68390881_392418521410837_1920771243775098880_o-300x200.jpg 300w, https:\/\/lesvegamis.fr\/wp-content\/uploads\/2022\/12\/39755-68390881_392418521410837_1920771243775098880_o-768x512.jpg 768w\" sizes=\"auto, (max-width: 1000px) 100vw, 1000px\" \/><img loading=\"lazy\" decoding=\"async\" class=\"alignnone size-full wp-image-1612\" src=\"https:\/\/lesvegamis.fr\/wp-content\/uploads\/2022\/12\/bf80e-68379123_392418181410871_8063113864817934336_o.jpg\" alt=\"\" width=\"1000\" height=\"667\" srcset=\"https:\/\/lesvegamis.fr\/wp-content\/uploads\/2022\/12\/bf80e-68379123_392418181410871_8063113864817934336_o.jpg 1000w, https:\/\/lesvegamis.fr\/wp-content\/uploads\/2022\/12\/bf80e-68379123_392418181410871_8063113864817934336_o-300x200.jpg 300w, https:\/\/lesvegamis.fr\/wp-content\/uploads\/2022\/12\/bf80e-68379123_392418181410871_8063113864817934336_o-768x512.jpg 768w\" sizes=\"auto, (max-width: 1000px) 100vw, 1000px\" \/><img loading=\"lazy\" decoding=\"async\" class=\"alignnone size-full wp-image-1331\" src=\"https:\/\/lesvegamis.fr\/wp-content\/uploads\/2022\/12\/1d639-69314985_392418424744180_4738176614930579456_o.jpg\" alt=\"\" width=\"1000\" height=\"667\" srcset=\"https:\/\/lesvegamis.fr\/wp-content\/uploads\/2022\/12\/1d639-69314985_392418424744180_4738176614930579456_o.jpg 1000w, https:\/\/lesvegamis.fr\/wp-content\/uploads\/2022\/12\/1d639-69314985_392418424744180_4738176614930579456_o-300x200.jpg 300w, https:\/\/lesvegamis.fr\/wp-content\/uploads\/2022\/12\/1d639-69314985_392418424744180_4738176614930579456_o-768x512.jpg 768w\" sizes=\"auto, (max-width: 1000px) 100vw, 1000px\" \/><img loading=\"lazy\" decoding=\"async\" class=\"alignnone size-full wp-image-1541\" src=\"https:\/\/lesvegamis.fr\/wp-content\/uploads\/2022\/12\/31055-67807851_392418508077505_6591096068442685440_o.jpg\" alt=\"\" width=\"1000\" height=\"667\" srcset=\"https:\/\/lesvegamis.fr\/wp-content\/uploads\/2022\/12\/31055-67807851_392418508077505_6591096068442685440_o.jpg 1000w, https:\/\/lesvegamis.fr\/wp-content\/uploads\/2022\/12\/31055-67807851_392418508077505_6591096068442685440_o-300x200.jpg 300w, https:\/\/lesvegamis.fr\/wp-content\/uploads\/2022\/12\/31055-67807851_392418508077505_6591096068442685440_o-768x512.jpg 768w\" sizes=\"auto, (max-width: 1000px) 100vw, 1000px\" \/><\/p>\n\n\n<p><\/p>\n","protected":false},"excerpt":{"rendered":"<p>Un pique-nique au bord de l&rsquo;eau, une balade \u00e0 l&rsquo;ombre des arbres et \u00e9ventuelle visite d&rsquo;une roseraie : c&rsquo;est le programme de cette sortie que nous vous proposons dimanche 11&#8230; <a class=\"read-more\" href=\"https:\/\/lesvegamis.fr\/index.php\/2019\/07\/29\/sortie-lac-de-gabas-11-aout-2019\/\">[Continuer la lecture]<\/a><\/p>\n","protected":false},"author":1,"featured_media":1695,"comment_status":"open","ping_status":"open","sticky":false,"template":"","format":"standard","meta":{"jetpack_post_was_ever_published":false,"_jetpack_newsletter_access":"","_jetpack_dont_email_post_to_subs":false,"_jetpack_newsletter_tier_id":0,"_jetpack_memberships_contains_paywalled_content":false,"_jetpack_memberships_contains_paid_content":false,"footnotes":""},"categories":[8],"tags":[],"class_list":["post-474","post","type-post","status-publish","format-standard","has-post-thumbnail","hentry","category-activites"],"yoast_head":"<!-- This site is optimized with the Yoast SEO plugin v27.4 - https:\/\/yoast.com\/product\/yoast-seo-wordpress\/ -->\n<title>Pique-nique et marche Domaine de Sers 11 ao\u00fbt 2019 - Les V\u00e9g&#039;Amis<\/title>\n<meta name=\"robots\" content=\"index, follow, max-snippet:-1, max-image-preview:large, max-video-preview:-1\" \/>\n<link rel=\"canonical\" href=\"https:\/\/lesvegamis.fr\/index.php\/2019\/07\/29\/sortie-lac-de-gabas-11-aout-2019\/\" \/>\n<meta property=\"og:locale\" content=\"fr_FR\" \/>\n<meta property=\"og:type\" content=\"article\" \/>\n<meta property=\"og:title\" content=\"Pique-nique et marche Domaine de Sers 11 ao\u00fbt 2019 - Les V\u00e9g&#039;Amis\" \/>\n<meta property=\"og:description\" content=\"Un pique-nique au bord de l&rsquo;eau, une balade \u00e0 l&rsquo;ombre des arbres et \u00e9ventuelle visite d&rsquo;une roseraie : c&rsquo;est le programme de cette sortie que nous vous proposons dimanche 11... [Continuer la lecture]\" \/>\n<meta property=\"og:url\" content=\"https:\/\/lesvegamis.fr\/index.php\/2019\/07\/29\/sortie-lac-de-gabas-11-aout-2019\/\" \/>\n<meta property=\"og:site_name\" content=\"Les V\u00e9g&#039;Amis\" \/>\n<meta property=\"article:publisher\" content=\"https:\/\/www.facebook.com\/lesvegamis\/\" \/>\n<meta property=\"article:published_time\" content=\"2019-07-29T00:49:30+00:00\" \/>\n<meta property=\"article:modified_time\" content=\"2022-12-07T15:30:49+00:00\" \/>\n<meta property=\"og:image\" content=\"https:\/\/lesvegamis.fr\/wp-content\/uploads\/2022\/12\/f141d-67823184_392418101410879_7984732000156123136_o.jpg\" \/>\n\t<meta property=\"og:image:width\" content=\"1000\" \/>\n\t<meta property=\"og:image:height\" content=\"667\" \/>\n\t<meta property=\"og:image:type\" content=\"image\/jpeg\" \/>\n<meta name=\"author\" content=\"Les Vegamis\" \/>\n<meta name=\"twitter:card\" content=\"summary_large_image\" \/>\n<meta name=\"twitter:label1\" content=\"\u00c9crit par\" \/>\n\t<meta name=\"twitter:data1\" content=\"Les Vegamis\" \/>\n\t<meta name=\"twitter:label2\" content=\"Dur\u00e9e de lecture estim\u00e9e\" \/>\n\t<meta name=\"twitter:data2\" content=\"1 minute\" \/>\n<script type=\"application\/ld+json\" class=\"yoast-schema-graph\">{\"@context\":\"https:\\\/\\\/schema.org\",\"@graph\":[{\"@type\":\"Article\",\"@id\":\"https:\\\/\\\/lesvegamis.fr\\\/index.php\\\/2019\\\/07\\\/29\\\/sortie-lac-de-gabas-11-aout-2019\\\/#article\",\"isPartOf\":{\"@id\":\"https:\\\/\\\/lesvegamis.fr\\\/index.php\\\/2019\\\/07\\\/29\\\/sortie-lac-de-gabas-11-aout-2019\\\/\"},\"author\":{\"name\":\"Les Vegamis\",\"@id\":\"https:\\\/\\\/lesvegamis.fr\\\/#\\\/schema\\\/person\\\/99dfc3e25008667b61b0b17835193701\"},\"headline\":\"Pique-nique et marche Domaine de Sers 11 ao\u00fbt 2019\",\"datePublished\":\"2019-07-29T00:49:30+00:00\",\"dateModified\":\"2022-12-07T15:30:49+00:00\",\"mainEntityOfPage\":{\"@id\":\"https:\\\/\\\/lesvegamis.fr\\\/index.php\\\/2019\\\/07\\\/29\\\/sortie-lac-de-gabas-11-aout-2019\\\/\"},\"wordCount\":253,\"commentCount\":0,\"publisher\":{\"@id\":\"https:\\\/\\\/lesvegamis.fr\\\/#organization\"},\"image\":{\"@id\":\"https:\\\/\\\/lesvegamis.fr\\\/index.php\\\/2019\\\/07\\\/29\\\/sortie-lac-de-gabas-11-aout-2019\\\/#primaryimage\"},\"thumbnailUrl\":\"https:\\\/\\\/lesvegamis.fr\\\/wp-content\\\/uploads\\\/2022\\\/12\\\/f141d-67823184_392418101410879_7984732000156123136_o.jpg\",\"articleSection\":[\"Nos activit\u00e9s\"],\"inLanguage\":\"fr-FR\",\"potentialAction\":[{\"@type\":\"CommentAction\",\"name\":\"Comment\",\"target\":[\"https:\\\/\\\/lesvegamis.fr\\\/index.php\\\/2019\\\/07\\\/29\\\/sortie-lac-de-gabas-11-aout-2019\\\/#respond\"]}]},{\"@type\":\"WebPage\",\"@id\":\"https:\\\/\\\/lesvegamis.fr\\\/index.php\\\/2019\\\/07\\\/29\\\/sortie-lac-de-gabas-11-aout-2019\\\/\",\"url\":\"https:\\\/\\\/lesvegamis.fr\\\/index.php\\\/2019\\\/07\\\/29\\\/sortie-lac-de-gabas-11-aout-2019\\\/\",\"name\":\"Pique-nique et marche Domaine de Sers 11 ao\u00fbt 2019 - Les V\u00e9g&#039;Amis\",\"isPartOf\":{\"@id\":\"https:\\\/\\\/lesvegamis.fr\\\/#website\"},\"primaryImageOfPage\":{\"@id\":\"https:\\\/\\\/lesvegamis.fr\\\/index.php\\\/2019\\\/07\\\/29\\\/sortie-lac-de-gabas-11-aout-2019\\\/#primaryimage\"},\"image\":{\"@id\":\"https:\\\/\\\/lesvegamis.fr\\\/index.php\\\/2019\\\/07\\\/29\\\/sortie-lac-de-gabas-11-aout-2019\\\/#primaryimage\"},\"thumbnailUrl\":\"https:\\\/\\\/lesvegamis.fr\\\/wp-content\\\/uploads\\\/2022\\\/12\\\/f141d-67823184_392418101410879_7984732000156123136_o.jpg\",\"datePublished\":\"2019-07-29T00:49:30+00:00\",\"dateModified\":\"2022-12-07T15:30:49+00:00\",\"breadcrumb\":{\"@id\":\"https:\\\/\\\/lesvegamis.fr\\\/index.php\\\/2019\\\/07\\\/29\\\/sortie-lac-de-gabas-11-aout-2019\\\/#breadcrumb\"},\"inLanguage\":\"fr-FR\",\"potentialAction\":[{\"@type\":\"ReadAction\",\"target\":[\"https:\\\/\\\/lesvegamis.fr\\\/index.php\\\/2019\\\/07\\\/29\\\/sortie-lac-de-gabas-11-aout-2019\\\/\"]}]},{\"@type\":\"ImageObject\",\"inLanguage\":\"fr-FR\",\"@id\":\"https:\\\/\\\/lesvegamis.fr\\\/index.php\\\/2019\\\/07\\\/29\\\/sortie-lac-de-gabas-11-aout-2019\\\/#primaryimage\",\"url\":\"https:\\\/\\\/lesvegamis.fr\\\/wp-content\\\/uploads\\\/2022\\\/12\\\/f141d-67823184_392418101410879_7984732000156123136_o.jpg\",\"contentUrl\":\"https:\\\/\\\/lesvegamis.fr\\\/wp-content\\\/uploads\\\/2022\\\/12\\\/f141d-67823184_392418101410879_7984732000156123136_o.jpg\",\"width\":1000,\"height\":667},{\"@type\":\"BreadcrumbList\",\"@id\":\"https:\\\/\\\/lesvegamis.fr\\\/index.php\\\/2019\\\/07\\\/29\\\/sortie-lac-de-gabas-11-aout-2019\\\/#breadcrumb\",\"itemListElement\":[{\"@type\":\"ListItem\",\"position\":1,\"name\":\"Accueil\",\"item\":\"https:\\\/\\\/lesvegamis.fr\\\/\"},{\"@type\":\"ListItem\",\"position\":2,\"name\":\"Pique-nique et marche Domaine de Sers 11 ao\u00fbt 2019\"}]},{\"@type\":\"WebSite\",\"@id\":\"https:\\\/\\\/lesvegamis.fr\\\/#website\",\"url\":\"https:\\\/\\\/lesvegamis.fr\\\/\",\"name\":\"Les V\u00e9g'Amis\",\"description\":\"L&#039;association v\u00e9gane de Pau\",\"publisher\":{\"@id\":\"https:\\\/\\\/lesvegamis.fr\\\/#organization\"},\"potentialAction\":[{\"@type\":\"SearchAction\",\"target\":{\"@type\":\"EntryPoint\",\"urlTemplate\":\"https:\\\/\\\/lesvegamis.fr\\\/?s={search_term_string}\"},\"query-input\":{\"@type\":\"PropertyValueSpecification\",\"valueRequired\":true,\"valueName\":\"search_term_string\"}}],\"inLanguage\":\"fr-FR\"},{\"@type\":\"Organization\",\"@id\":\"https:\\\/\\\/lesvegamis.fr\\\/#organization\",\"name\":\"Association vegan de Pau Les V\u00e9g'Amis\",\"url\":\"https:\\\/\\\/lesvegamis.fr\\\/\",\"logo\":{\"@type\":\"ImageObject\",\"inLanguage\":\"fr-FR\",\"@id\":\"https:\\\/\\\/lesvegamis.fr\\\/#\\\/schema\\\/logo\\\/image\\\/\",\"url\":\"https:\\\/\\\/lesvegamis.fr\\\/wp-content\\\/uploads\\\/2022\\\/12\\\/cropped-logo-couleur-nom-1.png\",\"contentUrl\":\"https:\\\/\\\/lesvegamis.fr\\\/wp-content\\\/uploads\\\/2022\\\/12\\\/cropped-logo-couleur-nom-1.png\",\"width\":192,\"height\":288,\"caption\":\"Association vegan de Pau Les V\u00e9g'Amis\"},\"image\":{\"@id\":\"https:\\\/\\\/lesvegamis.fr\\\/#\\\/schema\\\/logo\\\/image\\\/\"},\"sameAs\":[\"https:\\\/\\\/www.facebook.com\\\/lesvegamis\\\/\",\"https:\\\/\\\/www.instagram.com\\\/lesvegamis\\\/\"]},{\"@type\":\"Person\",\"@id\":\"https:\\\/\\\/lesvegamis.fr\\\/#\\\/schema\\\/person\\\/99dfc3e25008667b61b0b17835193701\",\"name\":\"Les Vegamis\",\"image\":{\"@type\":\"ImageObject\",\"inLanguage\":\"fr-FR\",\"@id\":\"https:\\\/\\\/secure.gravatar.com\\\/avatar\\\/c365180ba419067afc3f9825f3cc192e60b42a216d37a9089bfc0c3707250f43?s=96&d=identicon&r=g\",\"url\":\"https:\\\/\\\/secure.gravatar.com\\\/avatar\\\/c365180ba419067afc3f9825f3cc192e60b42a216d37a9089bfc0c3707250f43?s=96&d=identicon&r=g\",\"contentUrl\":\"https:\\\/\\\/secure.gravatar.com\\\/avatar\\\/c365180ba419067afc3f9825f3cc192e60b42a216d37a9089bfc0c3707250f43?s=96&d=identicon&r=g\",\"caption\":\"Les Vegamis\"},\"sameAs\":[\"http:\\\/\\\/lesvegamis.fr\"],\"url\":\"https:\\\/\\\/lesvegamis.fr\\\/index.php\\\/author\\\/admin6014\\\/\"}]}<\/script>\n<!-- \/ Yoast SEO plugin. -->","yoast_head_json":{"title":"Pique-nique et marche Domaine de Sers 11 ao\u00fbt 2019 - Les V\u00e9g&#039;Amis","robots":{"index":"index","follow":"follow","max-snippet":"max-snippet:-1","max-image-preview":"max-image-preview:large","max-video-preview":"max-video-preview:-1"},"canonical":"https:\/\/lesvegamis.fr\/index.php\/2019\/07\/29\/sortie-lac-de-gabas-11-aout-2019\/","og_locale":"fr_FR","og_type":"article","og_title":"Pique-nique et marche Domaine de Sers 11 ao\u00fbt 2019 - Les V\u00e9g&#039;Amis","og_description":"Un pique-nique au bord de l&rsquo;eau, une balade \u00e0 l&rsquo;ombre des arbres et \u00e9ventuelle visite d&rsquo;une roseraie : c&rsquo;est le programme de cette sortie que nous vous proposons dimanche 11... [Continuer la lecture]","og_url":"https:\/\/lesvegamis.fr\/index.php\/2019\/07\/29\/sortie-lac-de-gabas-11-aout-2019\/","og_site_name":"Les V\u00e9g&#039;Amis","article_publisher":"https:\/\/www.facebook.com\/lesvegamis\/","article_published_time":"2019-07-29T00:49:30+00:00","article_modified_time":"2022-12-07T15:30:49+00:00","og_image":[{"width":1000,"height":667,"url":"https:\/\/lesvegamis.fr\/wp-content\/uploads\/2022\/12\/f141d-67823184_392418101410879_7984732000156123136_o.jpg","type":"image\/jpeg"}],"author":"Les Vegamis","twitter_card":"summary_large_image","twitter_misc":{"\u00c9crit par":"Les Vegamis","Dur\u00e9e de lecture estim\u00e9e":"1 minute"},"schema":{"@context":"https:\/\/schema.org","@graph":[{"@type":"Article","@id":"https:\/\/lesvegamis.fr\/index.php\/2019\/07\/29\/sortie-lac-de-gabas-11-aout-2019\/#article","isPartOf":{"@id":"https:\/\/lesvegamis.fr\/index.php\/2019\/07\/29\/sortie-lac-de-gabas-11-aout-2019\/"},"author":{"name":"Les Vegamis","@id":"https:\/\/lesvegamis.fr\/#\/schema\/person\/99dfc3e25008667b61b0b17835193701"},"headline":"Pique-nique et marche Domaine de Sers 11 ao\u00fbt 2019","datePublished":"2019-07-29T00:49:30+00:00","dateModified":"2022-12-07T15:30:49+00:00","mainEntityOfPage":{"@id":"https:\/\/lesvegamis.fr\/index.php\/2019\/07\/29\/sortie-lac-de-gabas-11-aout-2019\/"},"wordCount":253,"commentCount":0,"publisher":{"@id":"https:\/\/lesvegamis.fr\/#organization"},"image":{"@id":"https:\/\/lesvegamis.fr\/index.php\/2019\/07\/29\/sortie-lac-de-gabas-11-aout-2019\/#primaryimage"},"thumbnailUrl":"https:\/\/lesvegamis.fr\/wp-content\/uploads\/2022\/12\/f141d-67823184_392418101410879_7984732000156123136_o.jpg","articleSection":["Nos activit\u00e9s"],"inLanguage":"fr-FR","potentialAction":[{"@type":"CommentAction","name":"Comment","target":["https:\/\/lesvegamis.fr\/index.php\/2019\/07\/29\/sortie-lac-de-gabas-11-aout-2019\/#respond"]}]},{"@type":"WebPage","@id":"https:\/\/lesvegamis.fr\/index.php\/2019\/07\/29\/sortie-lac-de-gabas-11-aout-2019\/","url":"https:\/\/lesvegamis.fr\/index.php\/2019\/07\/29\/sortie-lac-de-gabas-11-aout-2019\/","name":"Pique-nique et marche Domaine de Sers 11 ao\u00fbt 2019 - Les V\u00e9g&#039;Amis","isPartOf":{"@id":"https:\/\/lesvegamis.fr\/#website"},"primaryImageOfPage":{"@id":"https:\/\/lesvegamis.fr\/index.php\/2019\/07\/29\/sortie-lac-de-gabas-11-aout-2019\/#primaryimage"},"image":{"@id":"https:\/\/lesvegamis.fr\/index.php\/2019\/07\/29\/sortie-lac-de-gabas-11-aout-2019\/#primaryimage"},"thumbnailUrl":"https:\/\/lesvegamis.fr\/wp-content\/uploads\/2022\/12\/f141d-67823184_392418101410879_7984732000156123136_o.jpg","datePublished":"2019-07-29T00:49:30+00:00","dateModified":"2022-12-07T15:30:49+00:00","breadcrumb":{"@id":"https:\/\/lesvegamis.fr\/index.php\/2019\/07\/29\/sortie-lac-de-gabas-11-aout-2019\/#breadcrumb"},"inLanguage":"fr-FR","potentialAction":[{"@type":"ReadAction","target":["https:\/\/lesvegamis.fr\/index.php\/2019\/07\/29\/sortie-lac-de-gabas-11-aout-2019\/"]}]},{"@type":"ImageObject","inLanguage":"fr-FR","@id":"https:\/\/lesvegamis.fr\/index.php\/2019\/07\/29\/sortie-lac-de-gabas-11-aout-2019\/#primaryimage","url":"https:\/\/lesvegamis.fr\/wp-content\/uploads\/2022\/12\/f141d-67823184_392418101410879_7984732000156123136_o.jpg","contentUrl":"https:\/\/lesvegamis.fr\/wp-content\/uploads\/2022\/12\/f141d-67823184_392418101410879_7984732000156123136_o.jpg","width":1000,"height":667},{"@type":"BreadcrumbList","@id":"https:\/\/lesvegamis.fr\/index.php\/2019\/07\/29\/sortie-lac-de-gabas-11-aout-2019\/#breadcrumb","itemListElement":[{"@type":"ListItem","position":1,"name":"Accueil","item":"https:\/\/lesvegamis.fr\/"},{"@type":"ListItem","position":2,"name":"Pique-nique et marche Domaine de Sers 11 ao\u00fbt 2019"}]},{"@type":"WebSite","@id":"https:\/\/lesvegamis.fr\/#website","url":"https:\/\/lesvegamis.fr\/","name":"Les V\u00e9g'Amis","description":"L&#039;association v\u00e9gane de Pau","publisher":{"@id":"https:\/\/lesvegamis.fr\/#organization"},"potentialAction":[{"@type":"SearchAction","target":{"@type":"EntryPoint","urlTemplate":"https:\/\/lesvegamis.fr\/?s={search_term_string}"},"query-input":{"@type":"PropertyValueSpecification","valueRequired":true,"valueName":"search_term_string"}}],"inLanguage":"fr-FR"},{"@type":"Organization","@id":"https:\/\/lesvegamis.fr\/#organization","name":"Association vegan de Pau Les V\u00e9g'Amis","url":"https:\/\/lesvegamis.fr\/","logo":{"@type":"ImageObject","inLanguage":"fr-FR","@id":"https:\/\/lesvegamis.fr\/#\/schema\/logo\/image\/","url":"https:\/\/lesvegamis.fr\/wp-content\/uploads\/2022\/12\/cropped-logo-couleur-nom-1.png","contentUrl":"https:\/\/lesvegamis.fr\/wp-content\/uploads\/2022\/12\/cropped-logo-couleur-nom-1.png","width":192,"height":288,"caption":"Association vegan de Pau Les V\u00e9g'Amis"},"image":{"@id":"https:\/\/lesvegamis.fr\/#\/schema\/logo\/image\/"},"sameAs":["https:\/\/www.facebook.com\/lesvegamis\/","https:\/\/www.instagram.com\/lesvegamis\/"]},{"@type":"Person","@id":"https:\/\/lesvegamis.fr\/#\/schema\/person\/99dfc3e25008667b61b0b17835193701","name":"Les Vegamis","image":{"@type":"ImageObject","inLanguage":"fr-FR","@id":"https:\/\/secure.gravatar.com\/avatar\/c365180ba419067afc3f9825f3cc192e60b42a216d37a9089bfc0c3707250f43?s=96&d=identicon&r=g","url":"https:\/\/secure.gravatar.com\/avatar\/c365180ba419067afc3f9825f3cc192e60b42a216d37a9089bfc0c3707250f43?s=96&d=identicon&r=g","contentUrl":"https:\/\/secure.gravatar.com\/avatar\/c365180ba419067afc3f9825f3cc192e60b42a216d37a9089bfc0c3707250f43?s=96&d=identicon&r=g","caption":"Les Vegamis"},"sameAs":["http:\/\/lesvegamis.fr"],"url":"https:\/\/lesvegamis.fr\/index.php\/author\/admin6014\/"}]}},"jetpack_featured_media_url":"https:\/\/lesvegamis.fr\/wp-content\/uploads\/2022\/12\/f141d-67823184_392418101410879_7984732000156123136_o.jpg","jetpack_sharing_enabled":true,"_links":{"self":[{"href":"https:\/\/lesvegamis.fr\/index.php\/wp-json\/wp\/v2\/posts\/474","targetHints":{"allow":["GET"]}}],"collection":[{"href":"https:\/\/lesvegamis.fr\/index.php\/wp-json\/wp\/v2\/posts"}],"about":[{"href":"https:\/\/lesvegamis.fr\/index.php\/wp-json\/wp\/v2\/types\/post"}],"author":[{"embeddable":true,"href":"https:\/\/lesvegamis.fr\/index.php\/wp-json\/wp\/v2\/users\/1"}],"replies":[{"embeddable":true,"href":"https:\/\/lesvegamis.fr\/index.php\/wp-json\/wp\/v2\/comments?post=474"}],"version-history":[{"count":3,"href":"https:\/\/lesvegamis.fr\/index.php\/wp-json\/wp\/v2\/posts\/474\/revisions"}],"predecessor-version":[{"id":1756,"href":"https:\/\/lesvegamis.fr\/index.php\/wp-json\/wp\/v2\/posts\/474\/revisions\/1756"}],"wp:featuredmedia":[{"embeddable":true,"href":"https:\/\/lesvegamis.fr\/index.php\/wp-json\/wp\/v2\/media\/1695"}],"wp:attachment":[{"href":"https:\/\/lesvegamis.fr\/index.php\/wp-json\/wp\/v2\/media?parent=474"}],"wp:term":[{"taxonomy":"category","embeddable":true,"href":"https:\/\/lesvegamis.fr\/index.php\/wp-json\/wp\/v2\/categories?post=474"},{"taxonomy":"post_tag","embeddable":true,"href":"https:\/\/lesvegamis.fr\/index.php\/wp-json\/wp\/v2\/tags?post=474"}],"curies":[{"name":"wp","href":"https:\/\/api.w.org\/{rel}","templated":true}]}}