{"id":614,"date":"2019-10-15T00:42:29","date_gmt":"2019-10-14T22:42:29","guid":{"rendered":"http:\/\/lesvegamis.fr\/?p=614"},"modified":"2022-12-07T16:04:59","modified_gmt":"2022-12-07T15:04:59","slug":"soiree-halloween-vegan","status":"publish","type":"post","link":"https:\/\/lesvegamis.fr\/index.php\/2019\/10\/15\/soiree-halloween-vegan\/","title":{"rendered":"Soir\u00e9e Halloween (vegan)"},"content":{"rendered":"<p>Envie de passer une bonne soir\u00e9e en notre compagnie ?<br \/>\nL&rsquo;association Les Veg&rsquo;Amis organise une soir\u00e9e pour Halloween.<br \/>\nSoir\u00e9e d\u00e9guis\u00e9e, repas et bonbons v\u00e9gan, musique et petit film (pas trop horrible).<\/p>\n<p>La Maison de la Nature et de l&rsquo;Environnement de Pau, au c\u0153ur du Domaine de Sers, sera le lieu parfait pour une soir\u00e9e tranquille en dehors de la ville.<\/p>\n<p>Nous vous proposons de venir d\u00e9guis\u00e9 \ud83d\ude09<\/p>\n<p>Nous pr\u00e9parerons ensemble une petite soupe de citrouille pour le repas, et quelques grignotages dans le th\u00e8me.<\/p>\n<p>\/!\\ : INSCRIPTION OBLIGATOIRE<br \/>\npar mail : contact@lesvegamis.fr<br \/>\nou message priv\u00e9 facebook.<\/p>\n<p>Participation aux frais :<br \/>\n2\u20ac pour les adh\u00e9rents, 3\u20ac pour les non-adh\u00e9rents.<\/p>\n<p>L&rsquo;abus d&rsquo;alcool ne sera pas tol\u00e9r\u00e9.<\/p>\n<p>&nbsp;<\/p>\n<p>(photo : justathawt)<\/p>\n","protected":false},"excerpt":{"rendered":"<p>Envie de passer une bonne soir\u00e9e en notre compagnie ? L&rsquo;association Les Veg&rsquo;Amis organise une soir\u00e9e pour Halloween. Soir\u00e9e d\u00e9guis\u00e9e, repas et bonbons v\u00e9gan, musique et petit film (pas trop&#8230; <a class=\"read-more\" href=\"https:\/\/lesvegamis.fr\/index.php\/2019\/10\/15\/soiree-halloween-vegan\/\">[Continuer la lecture]<\/a><\/p>\n","protected":false},"author":1,"featured_media":1319,"comment_status":"open","ping_status":"open","sticky":false,"template":"","format":"standard","meta":{"jetpack_post_was_ever_published":false,"_jetpack_newsletter_access":"","_jetpack_dont_email_post_to_subs":false,"_jetpack_newsletter_tier_id":0,"_jetpack_memberships_contains_paywalled_content":false,"_jetpack_memberships_contains_paid_content":false,"footnotes":""},"categories":[8],"tags":[],"class_list":["post-614","post","type-post","status-publish","format-standard","has-post-thumbnail","hentry","category-activites"],"yoast_head":"<!-- This site is optimized with the Yoast SEO plugin v27.5 - https:\/\/yoast.com\/product\/yoast-seo-wordpress\/ -->\n<title>Soir\u00e9e Halloween (vegan) - Les V\u00e9g&#039;Amis<\/title>\n<meta name=\"robots\" content=\"index, follow, max-snippet:-1, max-image-preview:large, max-video-preview:-1\" \/>\n<link rel=\"canonical\" href=\"https:\/\/lesvegamis.fr\/index.php\/2019\/10\/15\/soiree-halloween-vegan\/\" \/>\n<meta property=\"og:locale\" content=\"fr_FR\" \/>\n<meta property=\"og:type\" content=\"article\" \/>\n<meta property=\"og:title\" content=\"Soir\u00e9e Halloween (vegan) - Les V\u00e9g&#039;Amis\" \/>\n<meta property=\"og:description\" content=\"Envie de passer une bonne soir\u00e9e en notre compagnie ? L&rsquo;association Les Veg&rsquo;Amis organise une soir\u00e9e pour Halloween. Soir\u00e9e d\u00e9guis\u00e9e, repas et bonbons v\u00e9gan, musique et petit film (pas trop... [Continuer la lecture]\" \/>\n<meta property=\"og:url\" content=\"https:\/\/lesvegamis.fr\/index.php\/2019\/10\/15\/soiree-halloween-vegan\/\" \/>\n<meta property=\"og:site_name\" content=\"Les V\u00e9g&#039;Amis\" \/>\n<meta property=\"article:publisher\" content=\"https:\/\/www.facebook.com\/lesvegamis\/\" \/>\n<meta property=\"article:published_time\" content=\"2019-10-14T22:42:29+00:00\" \/>\n<meta property=\"article:modified_time\" content=\"2022-12-07T15:04:59+00:00\" \/>\n<meta property=\"og:image\" content=\"https:\/\/lesvegamis.fr\/wp-content\/uploads\/2022\/12\/00e1b-halloweentable-1024x680-1.jpg\" \/>\n\t<meta property=\"og:image:width\" content=\"1024\" \/>\n\t<meta property=\"og:image:height\" content=\"680\" \/>\n\t<meta property=\"og:image:type\" content=\"image\/jpeg\" \/>\n<meta name=\"author\" content=\"Les Vegamis\" \/>\n<meta name=\"twitter:card\" content=\"summary_large_image\" \/>\n<meta name=\"twitter:label1\" content=\"\u00c9crit par\" \/>\n\t<meta name=\"twitter:data1\" content=\"Les Vegamis\" \/>\n\t<meta name=\"twitter:label2\" content=\"Dur\u00e9e de lecture estim\u00e9e\" \/>\n\t<meta name=\"twitter:data2\" content=\"1 minute\" \/>\n<script type=\"application\/ld+json\" class=\"yoast-schema-graph\">{\"@context\":\"https:\\\/\\\/schema.org\",\"@graph\":[{\"@type\":\"Article\",\"@id\":\"https:\\\/\\\/lesvegamis.fr\\\/index.php\\\/2019\\\/10\\\/15\\\/soiree-halloween-vegan\\\/#article\",\"isPartOf\":{\"@id\":\"https:\\\/\\\/lesvegamis.fr\\\/index.php\\\/2019\\\/10\\\/15\\\/soiree-halloween-vegan\\\/\"},\"author\":{\"name\":\"Les Vegamis\",\"@id\":\"https:\\\/\\\/lesvegamis.fr\\\/#\\\/schema\\\/person\\\/99dfc3e25008667b61b0b17835193701\"},\"headline\":\"Soir\u00e9e Halloween (vegan)\",\"datePublished\":\"2019-10-14T22:42:29+00:00\",\"dateModified\":\"2022-12-07T15:04:59+00:00\",\"mainEntityOfPage\":{\"@id\":\"https:\\\/\\\/lesvegamis.fr\\\/index.php\\\/2019\\\/10\\\/15\\\/soiree-halloween-vegan\\\/\"},\"wordCount\":129,\"commentCount\":0,\"publisher\":{\"@id\":\"https:\\\/\\\/lesvegamis.fr\\\/#organization\"},\"image\":{\"@id\":\"https:\\\/\\\/lesvegamis.fr\\\/index.php\\\/2019\\\/10\\\/15\\\/soiree-halloween-vegan\\\/#primaryimage\"},\"thumbnailUrl\":\"https:\\\/\\\/lesvegamis.fr\\\/wp-content\\\/uploads\\\/2022\\\/12\\\/00e1b-halloweentable-1024x680-1.jpg\",\"articleSection\":[\"Nos activit\u00e9s\"],\"inLanguage\":\"fr-FR\",\"potentialAction\":[{\"@type\":\"CommentAction\",\"name\":\"Comment\",\"target\":[\"https:\\\/\\\/lesvegamis.fr\\\/index.php\\\/2019\\\/10\\\/15\\\/soiree-halloween-vegan\\\/#respond\"]}]},{\"@type\":\"WebPage\",\"@id\":\"https:\\\/\\\/lesvegamis.fr\\\/index.php\\\/2019\\\/10\\\/15\\\/soiree-halloween-vegan\\\/\",\"url\":\"https:\\\/\\\/lesvegamis.fr\\\/index.php\\\/2019\\\/10\\\/15\\\/soiree-halloween-vegan\\\/\",\"name\":\"Soir\u00e9e Halloween (vegan) - Les V\u00e9g&#039;Amis\",\"isPartOf\":{\"@id\":\"https:\\\/\\\/lesvegamis.fr\\\/#website\"},\"primaryImageOfPage\":{\"@id\":\"https:\\\/\\\/lesvegamis.fr\\\/index.php\\\/2019\\\/10\\\/15\\\/soiree-halloween-vegan\\\/#primaryimage\"},\"image\":{\"@id\":\"https:\\\/\\\/lesvegamis.fr\\\/index.php\\\/2019\\\/10\\\/15\\\/soiree-halloween-vegan\\\/#primaryimage\"},\"thumbnailUrl\":\"https:\\\/\\\/lesvegamis.fr\\\/wp-content\\\/uploads\\\/2022\\\/12\\\/00e1b-halloweentable-1024x680-1.jpg\",\"datePublished\":\"2019-10-14T22:42:29+00:00\",\"dateModified\":\"2022-12-07T15:04:59+00:00\",\"breadcrumb\":{\"@id\":\"https:\\\/\\\/lesvegamis.fr\\\/index.php\\\/2019\\\/10\\\/15\\\/soiree-halloween-vegan\\\/#breadcrumb\"},\"inLanguage\":\"fr-FR\",\"potentialAction\":[{\"@type\":\"ReadAction\",\"target\":[\"https:\\\/\\\/lesvegamis.fr\\\/index.php\\\/2019\\\/10\\\/15\\\/soiree-halloween-vegan\\\/\"]}]},{\"@type\":\"ImageObject\",\"inLanguage\":\"fr-FR\",\"@id\":\"https:\\\/\\\/lesvegamis.fr\\\/index.php\\\/2019\\\/10\\\/15\\\/soiree-halloween-vegan\\\/#primaryimage\",\"url\":\"https:\\\/\\\/lesvegamis.fr\\\/wp-content\\\/uploads\\\/2022\\\/12\\\/00e1b-halloweentable-1024x680-1.jpg\",\"contentUrl\":\"https:\\\/\\\/lesvegamis.fr\\\/wp-content\\\/uploads\\\/2022\\\/12\\\/00e1b-halloweentable-1024x680-1.jpg\",\"width\":1024,\"height\":680},{\"@type\":\"BreadcrumbList\",\"@id\":\"https:\\\/\\\/lesvegamis.fr\\\/index.php\\\/2019\\\/10\\\/15\\\/soiree-halloween-vegan\\\/#breadcrumb\",\"itemListElement\":[{\"@type\":\"ListItem\",\"position\":1,\"name\":\"Accueil\",\"item\":\"https:\\\/\\\/lesvegamis.fr\\\/\"},{\"@type\":\"ListItem\",\"position\":2,\"name\":\"Soir\u00e9e Halloween (vegan)\"}]},{\"@type\":\"WebSite\",\"@id\":\"https:\\\/\\\/lesvegamis.fr\\\/#website\",\"url\":\"https:\\\/\\\/lesvegamis.fr\\\/\",\"name\":\"Les V\u00e9g'Amis\",\"description\":\"L&#039;association v\u00e9gane de Pau\",\"publisher\":{\"@id\":\"https:\\\/\\\/lesvegamis.fr\\\/#organization\"},\"potentialAction\":[{\"@type\":\"SearchAction\",\"target\":{\"@type\":\"EntryPoint\",\"urlTemplate\":\"https:\\\/\\\/lesvegamis.fr\\\/?s={search_term_string}\"},\"query-input\":{\"@type\":\"PropertyValueSpecification\",\"valueRequired\":true,\"valueName\":\"search_term_string\"}}],\"inLanguage\":\"fr-FR\"},{\"@type\":\"Organization\",\"@id\":\"https:\\\/\\\/lesvegamis.fr\\\/#organization\",\"name\":\"Association vegan de Pau Les V\u00e9g'Amis\",\"url\":\"https:\\\/\\\/lesvegamis.fr\\\/\",\"logo\":{\"@type\":\"ImageObject\",\"inLanguage\":\"fr-FR\",\"@id\":\"https:\\\/\\\/lesvegamis.fr\\\/#\\\/schema\\\/logo\\\/image\\\/\",\"url\":\"https:\\\/\\\/lesvegamis.fr\\\/wp-content\\\/uploads\\\/2022\\\/12\\\/cropped-logo-couleur-nom-1.png\",\"contentUrl\":\"https:\\\/\\\/lesvegamis.fr\\\/wp-content\\\/uploads\\\/2022\\\/12\\\/cropped-logo-couleur-nom-1.png\",\"width\":192,\"height\":288,\"caption\":\"Association vegan de Pau Les V\u00e9g'Amis\"},\"image\":{\"@id\":\"https:\\\/\\\/lesvegamis.fr\\\/#\\\/schema\\\/logo\\\/image\\\/\"},\"sameAs\":[\"https:\\\/\\\/www.facebook.com\\\/lesvegamis\\\/\",\"https:\\\/\\\/www.instagram.com\\\/lesvegamis\\\/\"]},{\"@type\":\"Person\",\"@id\":\"https:\\\/\\\/lesvegamis.fr\\\/#\\\/schema\\\/person\\\/99dfc3e25008667b61b0b17835193701\",\"name\":\"Les Vegamis\",\"image\":{\"@type\":\"ImageObject\",\"inLanguage\":\"fr-FR\",\"@id\":\"https:\\\/\\\/secure.gravatar.com\\\/avatar\\\/c365180ba419067afc3f9825f3cc192e60b42a216d37a9089bfc0c3707250f43?s=96&d=identicon&r=g\",\"url\":\"https:\\\/\\\/secure.gravatar.com\\\/avatar\\\/c365180ba419067afc3f9825f3cc192e60b42a216d37a9089bfc0c3707250f43?s=96&d=identicon&r=g\",\"contentUrl\":\"https:\\\/\\\/secure.gravatar.com\\\/avatar\\\/c365180ba419067afc3f9825f3cc192e60b42a216d37a9089bfc0c3707250f43?s=96&d=identicon&r=g\",\"caption\":\"Les Vegamis\"},\"sameAs\":[\"http:\\\/\\\/lesvegamis.fr\"],\"url\":\"https:\\\/\\\/lesvegamis.fr\\\/index.php\\\/author\\\/admin6014\\\/\"}]}<\/script>\n<!-- \/ Yoast SEO plugin. -->","yoast_head_json":{"title":"Soir\u00e9e Halloween (vegan) - Les V\u00e9g&#039;Amis","robots":{"index":"index","follow":"follow","max-snippet":"max-snippet:-1","max-image-preview":"max-image-preview:large","max-video-preview":"max-video-preview:-1"},"canonical":"https:\/\/lesvegamis.fr\/index.php\/2019\/10\/15\/soiree-halloween-vegan\/","og_locale":"fr_FR","og_type":"article","og_title":"Soir\u00e9e Halloween (vegan) - Les V\u00e9g&#039;Amis","og_description":"Envie de passer une bonne soir\u00e9e en notre compagnie ? L&rsquo;association Les Veg&rsquo;Amis organise une soir\u00e9e pour Halloween. Soir\u00e9e d\u00e9guis\u00e9e, repas et bonbons v\u00e9gan, musique et petit film (pas trop... [Continuer la lecture]","og_url":"https:\/\/lesvegamis.fr\/index.php\/2019\/10\/15\/soiree-halloween-vegan\/","og_site_name":"Les V\u00e9g&#039;Amis","article_publisher":"https:\/\/www.facebook.com\/lesvegamis\/","article_published_time":"2019-10-14T22:42:29+00:00","article_modified_time":"2022-12-07T15:04:59+00:00","og_image":[{"width":1024,"height":680,"url":"https:\/\/lesvegamis.fr\/wp-content\/uploads\/2022\/12\/00e1b-halloweentable-1024x680-1.jpg","type":"image\/jpeg"}],"author":"Les Vegamis","twitter_card":"summary_large_image","twitter_misc":{"\u00c9crit par":"Les Vegamis","Dur\u00e9e de lecture estim\u00e9e":"1 minute"},"schema":{"@context":"https:\/\/schema.org","@graph":[{"@type":"Article","@id":"https:\/\/lesvegamis.fr\/index.php\/2019\/10\/15\/soiree-halloween-vegan\/#article","isPartOf":{"@id":"https:\/\/lesvegamis.fr\/index.php\/2019\/10\/15\/soiree-halloween-vegan\/"},"author":{"name":"Les Vegamis","@id":"https:\/\/lesvegamis.fr\/#\/schema\/person\/99dfc3e25008667b61b0b17835193701"},"headline":"Soir\u00e9e Halloween (vegan)","datePublished":"2019-10-14T22:42:29+00:00","dateModified":"2022-12-07T15:04:59+00:00","mainEntityOfPage":{"@id":"https:\/\/lesvegamis.fr\/index.php\/2019\/10\/15\/soiree-halloween-vegan\/"},"wordCount":129,"commentCount":0,"publisher":{"@id":"https:\/\/lesvegamis.fr\/#organization"},"image":{"@id":"https:\/\/lesvegamis.fr\/index.php\/2019\/10\/15\/soiree-halloween-vegan\/#primaryimage"},"thumbnailUrl":"https:\/\/lesvegamis.fr\/wp-content\/uploads\/2022\/12\/00e1b-halloweentable-1024x680-1.jpg","articleSection":["Nos activit\u00e9s"],"inLanguage":"fr-FR","potentialAction":[{"@type":"CommentAction","name":"Comment","target":["https:\/\/lesvegamis.fr\/index.php\/2019\/10\/15\/soiree-halloween-vegan\/#respond"]}]},{"@type":"WebPage","@id":"https:\/\/lesvegamis.fr\/index.php\/2019\/10\/15\/soiree-halloween-vegan\/","url":"https:\/\/lesvegamis.fr\/index.php\/2019\/10\/15\/soiree-halloween-vegan\/","name":"Soir\u00e9e Halloween (vegan) - Les V\u00e9g&#039;Amis","isPartOf":{"@id":"https:\/\/lesvegamis.fr\/#website"},"primaryImageOfPage":{"@id":"https:\/\/lesvegamis.fr\/index.php\/2019\/10\/15\/soiree-halloween-vegan\/#primaryimage"},"image":{"@id":"https:\/\/lesvegamis.fr\/index.php\/2019\/10\/15\/soiree-halloween-vegan\/#primaryimage"},"thumbnailUrl":"https:\/\/lesvegamis.fr\/wp-content\/uploads\/2022\/12\/00e1b-halloweentable-1024x680-1.jpg","datePublished":"2019-10-14T22:42:29+00:00","dateModified":"2022-12-07T15:04:59+00:00","breadcrumb":{"@id":"https:\/\/lesvegamis.fr\/index.php\/2019\/10\/15\/soiree-halloween-vegan\/#breadcrumb"},"inLanguage":"fr-FR","potentialAction":[{"@type":"ReadAction","target":["https:\/\/lesvegamis.fr\/index.php\/2019\/10\/15\/soiree-halloween-vegan\/"]}]},{"@type":"ImageObject","inLanguage":"fr-FR","@id":"https:\/\/lesvegamis.fr\/index.php\/2019\/10\/15\/soiree-halloween-vegan\/#primaryimage","url":"https:\/\/lesvegamis.fr\/wp-content\/uploads\/2022\/12\/00e1b-halloweentable-1024x680-1.jpg","contentUrl":"https:\/\/lesvegamis.fr\/wp-content\/uploads\/2022\/12\/00e1b-halloweentable-1024x680-1.jpg","width":1024,"height":680},{"@type":"BreadcrumbList","@id":"https:\/\/lesvegamis.fr\/index.php\/2019\/10\/15\/soiree-halloween-vegan\/#breadcrumb","itemListElement":[{"@type":"ListItem","position":1,"name":"Accueil","item":"https:\/\/lesvegamis.fr\/"},{"@type":"ListItem","position":2,"name":"Soir\u00e9e Halloween (vegan)"}]},{"@type":"WebSite","@id":"https:\/\/lesvegamis.fr\/#website","url":"https:\/\/lesvegamis.fr\/","name":"Les V\u00e9g'Amis","description":"L&#039;association v\u00e9gane de Pau","publisher":{"@id":"https:\/\/lesvegamis.fr\/#organization"},"potentialAction":[{"@type":"SearchAction","target":{"@type":"EntryPoint","urlTemplate":"https:\/\/lesvegamis.fr\/?s={search_term_string}"},"query-input":{"@type":"PropertyValueSpecification","valueRequired":true,"valueName":"search_term_string"}}],"inLanguage":"fr-FR"},{"@type":"Organization","@id":"https:\/\/lesvegamis.fr\/#organization","name":"Association vegan de Pau Les V\u00e9g'Amis","url":"https:\/\/lesvegamis.fr\/","logo":{"@type":"ImageObject","inLanguage":"fr-FR","@id":"https:\/\/lesvegamis.fr\/#\/schema\/logo\/image\/","url":"https:\/\/lesvegamis.fr\/wp-content\/uploads\/2022\/12\/cropped-logo-couleur-nom-1.png","contentUrl":"https:\/\/lesvegamis.fr\/wp-content\/uploads\/2022\/12\/cropped-logo-couleur-nom-1.png","width":192,"height":288,"caption":"Association vegan de Pau Les V\u00e9g'Amis"},"image":{"@id":"https:\/\/lesvegamis.fr\/#\/schema\/logo\/image\/"},"sameAs":["https:\/\/www.facebook.com\/lesvegamis\/","https:\/\/www.instagram.com\/lesvegamis\/"]},{"@type":"Person","@id":"https:\/\/lesvegamis.fr\/#\/schema\/person\/99dfc3e25008667b61b0b17835193701","name":"Les Vegamis","image":{"@type":"ImageObject","inLanguage":"fr-FR","@id":"https:\/\/secure.gravatar.com\/avatar\/c365180ba419067afc3f9825f3cc192e60b42a216d37a9089bfc0c3707250f43?s=96&d=identicon&r=g","url":"https:\/\/secure.gravatar.com\/avatar\/c365180ba419067afc3f9825f3cc192e60b42a216d37a9089bfc0c3707250f43?s=96&d=identicon&r=g","contentUrl":"https:\/\/secure.gravatar.com\/avatar\/c365180ba419067afc3f9825f3cc192e60b42a216d37a9089bfc0c3707250f43?s=96&d=identicon&r=g","caption":"Les Vegamis"},"sameAs":["http:\/\/lesvegamis.fr"],"url":"https:\/\/lesvegamis.fr\/index.php\/author\/admin6014\/"}]}},"jetpack_featured_media_url":"https:\/\/lesvegamis.fr\/wp-content\/uploads\/2022\/12\/00e1b-halloweentable-1024x680-1.jpg","jetpack_sharing_enabled":true,"_links":{"self":[{"href":"https:\/\/lesvegamis.fr\/index.php\/wp-json\/wp\/v2\/posts\/614","targetHints":{"allow":["GET"]}}],"collection":[{"href":"https:\/\/lesvegamis.fr\/index.php\/wp-json\/wp\/v2\/posts"}],"about":[{"href":"https:\/\/lesvegamis.fr\/index.php\/wp-json\/wp\/v2\/types\/post"}],"author":[{"embeddable":true,"href":"https:\/\/lesvegamis.fr\/index.php\/wp-json\/wp\/v2\/users\/1"}],"replies":[{"embeddable":true,"href":"https:\/\/lesvegamis.fr\/index.php\/wp-json\/wp\/v2\/comments?post=614"}],"version-history":[{"count":2,"href":"https:\/\/lesvegamis.fr\/index.php\/wp-json\/wp\/v2\/posts\/614\/revisions"}],"predecessor-version":[{"id":1744,"href":"https:\/\/lesvegamis.fr\/index.php\/wp-json\/wp\/v2\/posts\/614\/revisions\/1744"}],"wp:featuredmedia":[{"embeddable":true,"href":"https:\/\/lesvegamis.fr\/index.php\/wp-json\/wp\/v2\/media\/1319"}],"wp:attachment":[{"href":"https:\/\/lesvegamis.fr\/index.php\/wp-json\/wp\/v2\/media?parent=614"}],"wp:term":[{"taxonomy":"category","embeddable":true,"href":"https:\/\/lesvegamis.fr\/index.php\/wp-json\/wp\/v2\/categories?post=614"},{"taxonomy":"post_tag","embeddable":true,"href":"https:\/\/lesvegamis.fr\/index.php\/wp-json\/wp\/v2\/tags?post=614"}],"curies":[{"name":"wp","href":"https:\/\/api.w.org\/{rel}","templated":true}]}}