{"id":620,"date":"2019-12-22T23:23:19","date_gmt":"2019-12-22T22:23:19","guid":{"rendered":"http:\/\/lesvegamis.fr\/?p=620"},"modified":"2022-12-07T16:03:28","modified_gmt":"2022-12-07T15:03:28","slug":"galette-des-rois-atelier-gouter-5-janvier-2020","status":"publish","type":"post","link":"https:\/\/lesvegamis.fr\/index.php\/2019\/12\/22\/galette-des-rois-atelier-gouter-5-janvier-2020\/","title":{"rendered":"Galette des rois (Atelier-go\u00fbter) 5 janvier 2020"},"content":{"rendered":"<p>Ce dimanche apr\u00e8s-midi, on commence bien la nouvelle ann\u00e9e avec une bonne petite galette confectionn\u00e9e ensemble puis d\u00e9gust\u00e9e au go\u00fbter. Rendez-vous \u00e0 la MNE !<\/p>\n<p>Atelier ouvert \u00e0 tous.tes !<\/p>\n<p>Participation aux ingr\u00e9dients :<br \/>\nAdh\u00e9rents : 2\u20ac \/ Non-adh\u00e9rents : 3\u20ac<\/p>\n","protected":false},"excerpt":{"rendered":"<p>Ce dimanche apr\u00e8s-midi, on commence bien la nouvelle ann\u00e9e avec une bonne petite galette confectionn\u00e9e ensemble puis d\u00e9gust\u00e9e au go\u00fbter. Rendez-vous \u00e0 la MNE ! Atelier ouvert \u00e0 tous.tes !&#8230; <a class=\"read-more\" href=\"https:\/\/lesvegamis.fr\/index.php\/2019\/12\/22\/galette-des-rois-atelier-gouter-5-janvier-2020\/\">[Continuer la lecture]<\/a><\/p>\n","protected":false},"author":1,"featured_media":1650,"comment_status":"open","ping_status":"open","sticky":false,"template":"","format":"standard","meta":{"jetpack_post_was_ever_published":false,"_jetpack_newsletter_access":"","_jetpack_dont_email_post_to_subs":false,"_jetpack_newsletter_tier_id":0,"_jetpack_memberships_contains_paywalled_content":false,"_jetpack_memberships_contains_paid_content":false,"footnotes":""},"categories":[8],"tags":[],"class_list":["post-620","post","type-post","status-publish","format-standard","has-post-thumbnail","hentry","category-activites"],"yoast_head":"<!-- This site is optimized with the Yoast SEO plugin v27.5 - https:\/\/yoast.com\/product\/yoast-seo-wordpress\/ -->\n<title>Galette des rois (Atelier-go\u00fbter) 5 janvier 2020 - Les V\u00e9g&#039;Amis<\/title>\n<meta name=\"robots\" content=\"index, follow, max-snippet:-1, max-image-preview:large, max-video-preview:-1\" \/>\n<link rel=\"canonical\" href=\"https:\/\/lesvegamis.fr\/index.php\/2019\/12\/22\/galette-des-rois-atelier-gouter-5-janvier-2020\/\" \/>\n<meta property=\"og:locale\" content=\"fr_FR\" \/>\n<meta property=\"og:type\" content=\"article\" \/>\n<meta property=\"og:title\" content=\"Galette des rois (Atelier-go\u00fbter) 5 janvier 2020 - Les V\u00e9g&#039;Amis\" \/>\n<meta property=\"og:description\" content=\"Ce dimanche apr\u00e8s-midi, on commence bien la nouvelle ann\u00e9e avec une bonne petite galette confectionn\u00e9e ensemble puis d\u00e9gust\u00e9e au go\u00fbter. Rendez-vous \u00e0 la MNE ! Atelier ouvert \u00e0 tous.tes !... [Continuer la lecture]\" \/>\n<meta property=\"og:url\" content=\"https:\/\/lesvegamis.fr\/index.php\/2019\/12\/22\/galette-des-rois-atelier-gouter-5-janvier-2020\/\" \/>\n<meta property=\"og:site_name\" content=\"Les V\u00e9g&#039;Amis\" \/>\n<meta property=\"article:publisher\" content=\"https:\/\/www.facebook.com\/lesvegamis\/\" \/>\n<meta property=\"article:published_time\" content=\"2019-12-22T22:23:19+00:00\" \/>\n<meta property=\"article:modified_time\" content=\"2022-12-07T15:03:28+00:00\" \/>\n<meta property=\"og:image\" content=\"https:\/\/lesvegamis.fr\/wp-content\/uploads\/2022\/12\/dc52f-78332199_462932801026075_8415739501682360320_o.jpg\" \/>\n\t<meta property=\"og:image:width\" content=\"960\" \/>\n\t<meta property=\"og:image:height\" content=\"639\" \/>\n\t<meta property=\"og:image:type\" content=\"image\/jpeg\" \/>\n<meta name=\"author\" content=\"Les Vegamis\" \/>\n<meta name=\"twitter:card\" content=\"summary_large_image\" \/>\n<meta name=\"twitter:label1\" content=\"\u00c9crit par\" \/>\n\t<meta name=\"twitter:data1\" content=\"Les Vegamis\" \/>\n<script type=\"application\/ld+json\" class=\"yoast-schema-graph\">{\"@context\":\"https:\\\/\\\/schema.org\",\"@graph\":[{\"@type\":\"Article\",\"@id\":\"https:\\\/\\\/lesvegamis.fr\\\/index.php\\\/2019\\\/12\\\/22\\\/galette-des-rois-atelier-gouter-5-janvier-2020\\\/#article\",\"isPartOf\":{\"@id\":\"https:\\\/\\\/lesvegamis.fr\\\/index.php\\\/2019\\\/12\\\/22\\\/galette-des-rois-atelier-gouter-5-janvier-2020\\\/\"},\"author\":{\"name\":\"Les Vegamis\",\"@id\":\"https:\\\/\\\/lesvegamis.fr\\\/#\\\/schema\\\/person\\\/99dfc3e25008667b61b0b17835193701\"},\"headline\":\"Galette des rois (Atelier-go\u00fbter) 5 janvier 2020\",\"datePublished\":\"2019-12-22T22:23:19+00:00\",\"dateModified\":\"2022-12-07T15:03:28+00:00\",\"mainEntityOfPage\":{\"@id\":\"https:\\\/\\\/lesvegamis.fr\\\/index.php\\\/2019\\\/12\\\/22\\\/galette-des-rois-atelier-gouter-5-janvier-2020\\\/\"},\"wordCount\":47,\"commentCount\":0,\"publisher\":{\"@id\":\"https:\\\/\\\/lesvegamis.fr\\\/#organization\"},\"image\":{\"@id\":\"https:\\\/\\\/lesvegamis.fr\\\/index.php\\\/2019\\\/12\\\/22\\\/galette-des-rois-atelier-gouter-5-janvier-2020\\\/#primaryimage\"},\"thumbnailUrl\":\"https:\\\/\\\/lesvegamis.fr\\\/wp-content\\\/uploads\\\/2022\\\/12\\\/dc52f-78332199_462932801026075_8415739501682360320_o.jpg\",\"articleSection\":[\"Nos activit\u00e9s\"],\"inLanguage\":\"fr-FR\",\"potentialAction\":[{\"@type\":\"CommentAction\",\"name\":\"Comment\",\"target\":[\"https:\\\/\\\/lesvegamis.fr\\\/index.php\\\/2019\\\/12\\\/22\\\/galette-des-rois-atelier-gouter-5-janvier-2020\\\/#respond\"]}]},{\"@type\":\"WebPage\",\"@id\":\"https:\\\/\\\/lesvegamis.fr\\\/index.php\\\/2019\\\/12\\\/22\\\/galette-des-rois-atelier-gouter-5-janvier-2020\\\/\",\"url\":\"https:\\\/\\\/lesvegamis.fr\\\/index.php\\\/2019\\\/12\\\/22\\\/galette-des-rois-atelier-gouter-5-janvier-2020\\\/\",\"name\":\"Galette des rois (Atelier-go\u00fbter) 5 janvier 2020 - Les V\u00e9g&#039;Amis\",\"isPartOf\":{\"@id\":\"https:\\\/\\\/lesvegamis.fr\\\/#website\"},\"primaryImageOfPage\":{\"@id\":\"https:\\\/\\\/lesvegamis.fr\\\/index.php\\\/2019\\\/12\\\/22\\\/galette-des-rois-atelier-gouter-5-janvier-2020\\\/#primaryimage\"},\"image\":{\"@id\":\"https:\\\/\\\/lesvegamis.fr\\\/index.php\\\/2019\\\/12\\\/22\\\/galette-des-rois-atelier-gouter-5-janvier-2020\\\/#primaryimage\"},\"thumbnailUrl\":\"https:\\\/\\\/lesvegamis.fr\\\/wp-content\\\/uploads\\\/2022\\\/12\\\/dc52f-78332199_462932801026075_8415739501682360320_o.jpg\",\"datePublished\":\"2019-12-22T22:23:19+00:00\",\"dateModified\":\"2022-12-07T15:03:28+00:00\",\"breadcrumb\":{\"@id\":\"https:\\\/\\\/lesvegamis.fr\\\/index.php\\\/2019\\\/12\\\/22\\\/galette-des-rois-atelier-gouter-5-janvier-2020\\\/#breadcrumb\"},\"inLanguage\":\"fr-FR\",\"potentialAction\":[{\"@type\":\"ReadAction\",\"target\":[\"https:\\\/\\\/lesvegamis.fr\\\/index.php\\\/2019\\\/12\\\/22\\\/galette-des-rois-atelier-gouter-5-janvier-2020\\\/\"]}]},{\"@type\":\"ImageObject\",\"inLanguage\":\"fr-FR\",\"@id\":\"https:\\\/\\\/lesvegamis.fr\\\/index.php\\\/2019\\\/12\\\/22\\\/galette-des-rois-atelier-gouter-5-janvier-2020\\\/#primaryimage\",\"url\":\"https:\\\/\\\/lesvegamis.fr\\\/wp-content\\\/uploads\\\/2022\\\/12\\\/dc52f-78332199_462932801026075_8415739501682360320_o.jpg\",\"contentUrl\":\"https:\\\/\\\/lesvegamis.fr\\\/wp-content\\\/uploads\\\/2022\\\/12\\\/dc52f-78332199_462932801026075_8415739501682360320_o.jpg\",\"width\":960,\"height\":639},{\"@type\":\"BreadcrumbList\",\"@id\":\"https:\\\/\\\/lesvegamis.fr\\\/index.php\\\/2019\\\/12\\\/22\\\/galette-des-rois-atelier-gouter-5-janvier-2020\\\/#breadcrumb\",\"itemListElement\":[{\"@type\":\"ListItem\",\"position\":1,\"name\":\"Accueil\",\"item\":\"https:\\\/\\\/lesvegamis.fr\\\/\"},{\"@type\":\"ListItem\",\"position\":2,\"name\":\"Galette des rois (Atelier-go\u00fbter) 5 janvier 2020\"}]},{\"@type\":\"WebSite\",\"@id\":\"https:\\\/\\\/lesvegamis.fr\\\/#website\",\"url\":\"https:\\\/\\\/lesvegamis.fr\\\/\",\"name\":\"Les V\u00e9g'Amis\",\"description\":\"L&#039;association v\u00e9gane de Pau\",\"publisher\":{\"@id\":\"https:\\\/\\\/lesvegamis.fr\\\/#organization\"},\"potentialAction\":[{\"@type\":\"SearchAction\",\"target\":{\"@type\":\"EntryPoint\",\"urlTemplate\":\"https:\\\/\\\/lesvegamis.fr\\\/?s={search_term_string}\"},\"query-input\":{\"@type\":\"PropertyValueSpecification\",\"valueRequired\":true,\"valueName\":\"search_term_string\"}}],\"inLanguage\":\"fr-FR\"},{\"@type\":\"Organization\",\"@id\":\"https:\\\/\\\/lesvegamis.fr\\\/#organization\",\"name\":\"Association vegan de Pau Les V\u00e9g'Amis\",\"url\":\"https:\\\/\\\/lesvegamis.fr\\\/\",\"logo\":{\"@type\":\"ImageObject\",\"inLanguage\":\"fr-FR\",\"@id\":\"https:\\\/\\\/lesvegamis.fr\\\/#\\\/schema\\\/logo\\\/image\\\/\",\"url\":\"https:\\\/\\\/lesvegamis.fr\\\/wp-content\\\/uploads\\\/2022\\\/12\\\/cropped-logo-couleur-nom-1.png\",\"contentUrl\":\"https:\\\/\\\/lesvegamis.fr\\\/wp-content\\\/uploads\\\/2022\\\/12\\\/cropped-logo-couleur-nom-1.png\",\"width\":192,\"height\":288,\"caption\":\"Association vegan de Pau Les V\u00e9g'Amis\"},\"image\":{\"@id\":\"https:\\\/\\\/lesvegamis.fr\\\/#\\\/schema\\\/logo\\\/image\\\/\"},\"sameAs\":[\"https:\\\/\\\/www.facebook.com\\\/lesvegamis\\\/\",\"https:\\\/\\\/www.instagram.com\\\/lesvegamis\\\/\"]},{\"@type\":\"Person\",\"@id\":\"https:\\\/\\\/lesvegamis.fr\\\/#\\\/schema\\\/person\\\/99dfc3e25008667b61b0b17835193701\",\"name\":\"Les Vegamis\",\"image\":{\"@type\":\"ImageObject\",\"inLanguage\":\"fr-FR\",\"@id\":\"https:\\\/\\\/secure.gravatar.com\\\/avatar\\\/c365180ba419067afc3f9825f3cc192e60b42a216d37a9089bfc0c3707250f43?s=96&d=identicon&r=g\",\"url\":\"https:\\\/\\\/secure.gravatar.com\\\/avatar\\\/c365180ba419067afc3f9825f3cc192e60b42a216d37a9089bfc0c3707250f43?s=96&d=identicon&r=g\",\"contentUrl\":\"https:\\\/\\\/secure.gravatar.com\\\/avatar\\\/c365180ba419067afc3f9825f3cc192e60b42a216d37a9089bfc0c3707250f43?s=96&d=identicon&r=g\",\"caption\":\"Les Vegamis\"},\"sameAs\":[\"http:\\\/\\\/lesvegamis.fr\"],\"url\":\"https:\\\/\\\/lesvegamis.fr\\\/index.php\\\/author\\\/admin6014\\\/\"}]}<\/script>\n<!-- \/ Yoast SEO plugin. -->","yoast_head_json":{"title":"Galette des rois (Atelier-go\u00fbter) 5 janvier 2020 - Les V\u00e9g&#039;Amis","robots":{"index":"index","follow":"follow","max-snippet":"max-snippet:-1","max-image-preview":"max-image-preview:large","max-video-preview":"max-video-preview:-1"},"canonical":"https:\/\/lesvegamis.fr\/index.php\/2019\/12\/22\/galette-des-rois-atelier-gouter-5-janvier-2020\/","og_locale":"fr_FR","og_type":"article","og_title":"Galette des rois (Atelier-go\u00fbter) 5 janvier 2020 - Les V\u00e9g&#039;Amis","og_description":"Ce dimanche apr\u00e8s-midi, on commence bien la nouvelle ann\u00e9e avec une bonne petite galette confectionn\u00e9e ensemble puis d\u00e9gust\u00e9e au go\u00fbter. Rendez-vous \u00e0 la MNE ! Atelier ouvert \u00e0 tous.tes !... [Continuer la lecture]","og_url":"https:\/\/lesvegamis.fr\/index.php\/2019\/12\/22\/galette-des-rois-atelier-gouter-5-janvier-2020\/","og_site_name":"Les V\u00e9g&#039;Amis","article_publisher":"https:\/\/www.facebook.com\/lesvegamis\/","article_published_time":"2019-12-22T22:23:19+00:00","article_modified_time":"2022-12-07T15:03:28+00:00","og_image":[{"width":960,"height":639,"url":"https:\/\/lesvegamis.fr\/wp-content\/uploads\/2022\/12\/dc52f-78332199_462932801026075_8415739501682360320_o.jpg","type":"image\/jpeg"}],"author":"Les Vegamis","twitter_card":"summary_large_image","twitter_misc":{"\u00c9crit par":"Les Vegamis"},"schema":{"@context":"https:\/\/schema.org","@graph":[{"@type":"Article","@id":"https:\/\/lesvegamis.fr\/index.php\/2019\/12\/22\/galette-des-rois-atelier-gouter-5-janvier-2020\/#article","isPartOf":{"@id":"https:\/\/lesvegamis.fr\/index.php\/2019\/12\/22\/galette-des-rois-atelier-gouter-5-janvier-2020\/"},"author":{"name":"Les Vegamis","@id":"https:\/\/lesvegamis.fr\/#\/schema\/person\/99dfc3e25008667b61b0b17835193701"},"headline":"Galette des rois (Atelier-go\u00fbter) 5 janvier 2020","datePublished":"2019-12-22T22:23:19+00:00","dateModified":"2022-12-07T15:03:28+00:00","mainEntityOfPage":{"@id":"https:\/\/lesvegamis.fr\/index.php\/2019\/12\/22\/galette-des-rois-atelier-gouter-5-janvier-2020\/"},"wordCount":47,"commentCount":0,"publisher":{"@id":"https:\/\/lesvegamis.fr\/#organization"},"image":{"@id":"https:\/\/lesvegamis.fr\/index.php\/2019\/12\/22\/galette-des-rois-atelier-gouter-5-janvier-2020\/#primaryimage"},"thumbnailUrl":"https:\/\/lesvegamis.fr\/wp-content\/uploads\/2022\/12\/dc52f-78332199_462932801026075_8415739501682360320_o.jpg","articleSection":["Nos activit\u00e9s"],"inLanguage":"fr-FR","potentialAction":[{"@type":"CommentAction","name":"Comment","target":["https:\/\/lesvegamis.fr\/index.php\/2019\/12\/22\/galette-des-rois-atelier-gouter-5-janvier-2020\/#respond"]}]},{"@type":"WebPage","@id":"https:\/\/lesvegamis.fr\/index.php\/2019\/12\/22\/galette-des-rois-atelier-gouter-5-janvier-2020\/","url":"https:\/\/lesvegamis.fr\/index.php\/2019\/12\/22\/galette-des-rois-atelier-gouter-5-janvier-2020\/","name":"Galette des rois (Atelier-go\u00fbter) 5 janvier 2020 - Les V\u00e9g&#039;Amis","isPartOf":{"@id":"https:\/\/lesvegamis.fr\/#website"},"primaryImageOfPage":{"@id":"https:\/\/lesvegamis.fr\/index.php\/2019\/12\/22\/galette-des-rois-atelier-gouter-5-janvier-2020\/#primaryimage"},"image":{"@id":"https:\/\/lesvegamis.fr\/index.php\/2019\/12\/22\/galette-des-rois-atelier-gouter-5-janvier-2020\/#primaryimage"},"thumbnailUrl":"https:\/\/lesvegamis.fr\/wp-content\/uploads\/2022\/12\/dc52f-78332199_462932801026075_8415739501682360320_o.jpg","datePublished":"2019-12-22T22:23:19+00:00","dateModified":"2022-12-07T15:03:28+00:00","breadcrumb":{"@id":"https:\/\/lesvegamis.fr\/index.php\/2019\/12\/22\/galette-des-rois-atelier-gouter-5-janvier-2020\/#breadcrumb"},"inLanguage":"fr-FR","potentialAction":[{"@type":"ReadAction","target":["https:\/\/lesvegamis.fr\/index.php\/2019\/12\/22\/galette-des-rois-atelier-gouter-5-janvier-2020\/"]}]},{"@type":"ImageObject","inLanguage":"fr-FR","@id":"https:\/\/lesvegamis.fr\/index.php\/2019\/12\/22\/galette-des-rois-atelier-gouter-5-janvier-2020\/#primaryimage","url":"https:\/\/lesvegamis.fr\/wp-content\/uploads\/2022\/12\/dc52f-78332199_462932801026075_8415739501682360320_o.jpg","contentUrl":"https:\/\/lesvegamis.fr\/wp-content\/uploads\/2022\/12\/dc52f-78332199_462932801026075_8415739501682360320_o.jpg","width":960,"height":639},{"@type":"BreadcrumbList","@id":"https:\/\/lesvegamis.fr\/index.php\/2019\/12\/22\/galette-des-rois-atelier-gouter-5-janvier-2020\/#breadcrumb","itemListElement":[{"@type":"ListItem","position":1,"name":"Accueil","item":"https:\/\/lesvegamis.fr\/"},{"@type":"ListItem","position":2,"name":"Galette des rois (Atelier-go\u00fbter) 5 janvier 2020"}]},{"@type":"WebSite","@id":"https:\/\/lesvegamis.fr\/#website","url":"https:\/\/lesvegamis.fr\/","name":"Les V\u00e9g'Amis","description":"L&#039;association v\u00e9gane de Pau","publisher":{"@id":"https:\/\/lesvegamis.fr\/#organization"},"potentialAction":[{"@type":"SearchAction","target":{"@type":"EntryPoint","urlTemplate":"https:\/\/lesvegamis.fr\/?s={search_term_string}"},"query-input":{"@type":"PropertyValueSpecification","valueRequired":true,"valueName":"search_term_string"}}],"inLanguage":"fr-FR"},{"@type":"Organization","@id":"https:\/\/lesvegamis.fr\/#organization","name":"Association vegan de Pau Les V\u00e9g'Amis","url":"https:\/\/lesvegamis.fr\/","logo":{"@type":"ImageObject","inLanguage":"fr-FR","@id":"https:\/\/lesvegamis.fr\/#\/schema\/logo\/image\/","url":"https:\/\/lesvegamis.fr\/wp-content\/uploads\/2022\/12\/cropped-logo-couleur-nom-1.png","contentUrl":"https:\/\/lesvegamis.fr\/wp-content\/uploads\/2022\/12\/cropped-logo-couleur-nom-1.png","width":192,"height":288,"caption":"Association vegan de Pau Les V\u00e9g'Amis"},"image":{"@id":"https:\/\/lesvegamis.fr\/#\/schema\/logo\/image\/"},"sameAs":["https:\/\/www.facebook.com\/lesvegamis\/","https:\/\/www.instagram.com\/lesvegamis\/"]},{"@type":"Person","@id":"https:\/\/lesvegamis.fr\/#\/schema\/person\/99dfc3e25008667b61b0b17835193701","name":"Les Vegamis","image":{"@type":"ImageObject","inLanguage":"fr-FR","@id":"https:\/\/secure.gravatar.com\/avatar\/c365180ba419067afc3f9825f3cc192e60b42a216d37a9089bfc0c3707250f43?s=96&d=identicon&r=g","url":"https:\/\/secure.gravatar.com\/avatar\/c365180ba419067afc3f9825f3cc192e60b42a216d37a9089bfc0c3707250f43?s=96&d=identicon&r=g","contentUrl":"https:\/\/secure.gravatar.com\/avatar\/c365180ba419067afc3f9825f3cc192e60b42a216d37a9089bfc0c3707250f43?s=96&d=identicon&r=g","caption":"Les Vegamis"},"sameAs":["http:\/\/lesvegamis.fr"],"url":"https:\/\/lesvegamis.fr\/index.php\/author\/admin6014\/"}]}},"jetpack_featured_media_url":"https:\/\/lesvegamis.fr\/wp-content\/uploads\/2022\/12\/dc52f-78332199_462932801026075_8415739501682360320_o.jpg","jetpack_sharing_enabled":true,"_links":{"self":[{"href":"https:\/\/lesvegamis.fr\/index.php\/wp-json\/wp\/v2\/posts\/620","targetHints":{"allow":["GET"]}}],"collection":[{"href":"https:\/\/lesvegamis.fr\/index.php\/wp-json\/wp\/v2\/posts"}],"about":[{"href":"https:\/\/lesvegamis.fr\/index.php\/wp-json\/wp\/v2\/types\/post"}],"author":[{"embeddable":true,"href":"https:\/\/lesvegamis.fr\/index.php\/wp-json\/wp\/v2\/users\/1"}],"replies":[{"embeddable":true,"href":"https:\/\/lesvegamis.fr\/index.php\/wp-json\/wp\/v2\/comments?post=620"}],"version-history":[{"count":1,"href":"https:\/\/lesvegamis.fr\/index.php\/wp-json\/wp\/v2\/posts\/620\/revisions"}],"predecessor-version":[{"id":1742,"href":"https:\/\/lesvegamis.fr\/index.php\/wp-json\/wp\/v2\/posts\/620\/revisions\/1742"}],"wp:featuredmedia":[{"embeddable":true,"href":"https:\/\/lesvegamis.fr\/index.php\/wp-json\/wp\/v2\/media\/1650"}],"wp:attachment":[{"href":"https:\/\/lesvegamis.fr\/index.php\/wp-json\/wp\/v2\/media?parent=620"}],"wp:term":[{"taxonomy":"category","embeddable":true,"href":"https:\/\/lesvegamis.fr\/index.php\/wp-json\/wp\/v2\/categories?post=620"},{"taxonomy":"post_tag","embeddable":true,"href":"https:\/\/lesvegamis.fr\/index.php\/wp-json\/wp\/v2\/tags?post=620"}],"curies":[{"name":"wp","href":"https:\/\/api.w.org\/{rel}","templated":true}]}}