{"id":644,"date":"2020-12-07T15:47:15","date_gmt":"2020-12-07T14:47:15","guid":{"rendered":"http:\/\/lesvegamis.fr\/?p=644"},"modified":"2022-12-07T14:37:29","modified_gmt":"2022-12-07T13:37:29","slug":"commande-groupee-un-monde-vegan-offre-de-noel","status":"publish","type":"post","link":"https:\/\/lesvegamis.fr\/index.php\/2020\/12\/07\/commande-groupee-un-monde-vegan-offre-de-noel\/","title":{"rendered":"Commande group\u00e9e UN MONDE VEGAN offre de No\u00ebl"},"content":{"rendered":"<div class=\"kvgmc6g5 cxmmr5t8 oygrvhab hcukyx3x c1et5uql ii04i59q\">\n<div dir=\"auto\">!!! OFFRE SPECIALE NO\u00cbL !!! &#8211; ATTENTION URGENT !!!<\/div>\n<div dir=\"auto\">Commande group\u00e9e <a class=\"oajrlxb2 g5ia77u1 qu0x051f esr5mh6w e9989ue4 r7d6kgcz rq0escxv nhd2j8a9 nc684nl6 p7hjln8o kvgmc6g5 cxmmr5t8 oygrvhab hcukyx3x jb3vyjys rz4wbd8a qt6c0cv9 a8nywdso i1ao9s8h esuyzwwr f1sip0of lzcic4wl py34i1dx gpro0wi8\" tabindex=\"0\" role=\"link\" href=\"https:\/\/www.unmondevegan.com\/?fbclid=IwAR3PqndEoXS_MDZYdgz_ckpRIk4POKoR1-vusKGQa7n640-rXqfQGmURvMk\" target=\"_blank\" rel=\"nofollow noopener noreferrer\">https:\/\/www.unmondevegan.com\/<\/a><\/div>\n<div dir=\"auto\"><\/div>\n<div dir=\"auto\">Bonjour \u00e0 tous.tes ! Comme chaque ann\u00e9e \u00e0 l&rsquo;approche de No\u00ebl nous organisons une commande group\u00e9e sur le site internet Un Monde Vegan.<\/div>\n<\/div>\n<div class=\"o9v6fnle cxmmr5t8 oygrvhab hcukyx3x c1et5uql ii04i59q\">\n<div dir=\"auto\">Etant donn\u00e9 l&rsquo;absence d&rsquo;activit\u00e9 en cette ann\u00e9e 2020, et l&rsquo;impossibilit\u00e9 d&rsquo;organiser un repas de No\u00ebl :<\/div>\n<div dir=\"auto\">&#8211; Nous r\u00e9duisons le montant de la cotisation \u00e0 2\u20ac (au lieu de 10\u20ac) pour les personnes qui participent \u00e0 la commande group\u00e9e<\/div>\n<div dir=\"auto\">ET !<\/div>\n<div dir=\"auto\">&#8211; NOUS OFFRONS aux adh\u00e9rents (ayant renouvel\u00e9 leur cotisation, pour 2\u20ac donc) UN MONTANT DE 8\u20ac SUR CETTE COMMANDE !!!*<\/div>\n<\/div>\n<div class=\"o9v6fnle cxmmr5t8 oygrvhab hcukyx3x c1et5uql ii04i59q\">\n<div dir=\"auto\">Le but est de r\u00e9duire les frais de port afin de b\u00e9n\u00e9ficier de la livraison rapide via Chronofresh (service de livraison respectant la cha\u00eene du froid). Les produits seront \u00e0 r\u00e9cup\u00e9rer d\u00e8s r\u00e9ception du colis chez St\u00e9phanie \u00e0 PAU (dans le respect des gestes barri\u00e8res).<\/div>\n<\/div>\n<div class=\"o9v6fnle cxmmr5t8 oygrvhab hcukyx3x c1et5uql ii04i59q\">\n<div dir=\"auto\">Si vous souhaitez participer, merci de nous envoyer UN MESSAGE PRIVE via facebook messenger avec votre liste et AVANT 12h le JEUDI 10 D\u00e9cembre 2020<\/div>\n<\/div>\n<div class=\"o9v6fnle cxmmr5t8 oygrvhab hcukyx3x c1et5uql ii04i59q\">\n<div dir=\"auto\">Plus d&rsquo;informations en MP ou par t\u00e9l\u00e9phone (laissez un message si besoin au 07,66,32,64,91)<\/div>\n<\/div>\n<div class=\"o9v6fnle cxmmr5t8 oygrvhab hcukyx3x c1et5uql ii04i59q\">\n<div dir=\"auto\">*Offre r\u00e9serv\u00e9e aux personnes r\u00e9sidant dans les Pyr\u00e9n\u00e9es Atlantiques (64), Landes (40) ou Hautes Pyr\u00e9n\u00e9es (65) sur justificatif de domicile, dans la limite des 30 premi\u00e8res personnes prenant contact uniquement par MP facebook sur la page Les Veg&rsquo;Amis, ou via le t\u00e9l\u00e9phone de l&rsquo;association au 07,66,32,64,91, et s&rsquo;engageant \u00e0 venir r\u00e9cup\u00e9rer leurs produits le 23 d\u00e9cembre au plus tard chez St\u00e9phanie \u00e0 Pau (adresse donn\u00e9e en MP). L&rsquo;avance des frais ne sera pas possible et seules seront valid\u00e9es les commandes dont le paiement aura \u00e9t\u00e9 effectu\u00e9 par ch\u00e8que, esp\u00e8ces ou par Internet (helloAsso) le 10\/12\/20 \u00e0 18h au plus tard (informations en MP). Nous ne sommes pas en partenariat avec le site en question, et ne pourrons \u00eatre tenus responsable en cas de retard de livraison ou produits manquants.<\/div>\n<\/div>\n","protected":false},"excerpt":{"rendered":"<p>!!! OFFRE SPECIALE NO\u00cbL !!! &#8211; ATTENTION URGENT !!! Commande group\u00e9e https:\/\/www.unmondevegan.com\/ Bonjour \u00e0 tous.tes ! Comme chaque ann\u00e9e \u00e0 l&rsquo;approche de No\u00ebl nous organisons une commande group\u00e9e sur le&#8230; <a class=\"read-more\" href=\"https:\/\/lesvegamis.fr\/index.php\/2020\/12\/07\/commande-groupee-un-monde-vegan-offre-de-noel\/\">[Continuer la lecture]<\/a><\/p>\n","protected":false},"author":1,"featured_media":1430,"comment_status":"open","ping_status":"open","sticky":false,"template":"","format":"standard","meta":{"jetpack_post_was_ever_published":false,"_jetpack_newsletter_access":"","_jetpack_dont_email_post_to_subs":false,"_jetpack_newsletter_tier_id":0,"_jetpack_memberships_contains_paywalled_content":false,"_jetpack_memberships_contains_paid_content":false,"footnotes":""},"categories":[8],"tags":[],"class_list":["post-644","post","type-post","status-publish","format-standard","has-post-thumbnail","hentry","category-activites"],"yoast_head":"<!-- This site is optimized with the Yoast SEO plugin v27.4 - https:\/\/yoast.com\/product\/yoast-seo-wordpress\/ -->\n<title>Commande group\u00e9e UN MONDE VEGAN offre de No\u00ebl - Les V\u00e9g&#039;Amis<\/title>\n<meta name=\"robots\" content=\"index, follow, max-snippet:-1, max-image-preview:large, max-video-preview:-1\" \/>\n<link rel=\"canonical\" href=\"https:\/\/lesvegamis.fr\/index.php\/2020\/12\/07\/commande-groupee-un-monde-vegan-offre-de-noel\/\" \/>\n<meta property=\"og:locale\" content=\"fr_FR\" \/>\n<meta property=\"og:type\" content=\"article\" \/>\n<meta property=\"og:title\" content=\"Commande group\u00e9e UN MONDE VEGAN offre de No\u00ebl - Les V\u00e9g&#039;Amis\" \/>\n<meta property=\"og:description\" content=\"!!! OFFRE SPECIALE NO\u00cbL !!! &#8211; ATTENTION URGENT !!! Commande group\u00e9e https:\/\/www.unmondevegan.com\/ Bonjour \u00e0 tous.tes ! Comme chaque ann\u00e9e \u00e0 l&rsquo;approche de No\u00ebl nous organisons une commande group\u00e9e sur le... [Continuer la lecture]\" \/>\n<meta property=\"og:url\" content=\"https:\/\/lesvegamis.fr\/index.php\/2020\/12\/07\/commande-groupee-un-monde-vegan-offre-de-noel\/\" \/>\n<meta property=\"og:site_name\" content=\"Les V\u00e9g&#039;Amis\" \/>\n<meta property=\"article:publisher\" content=\"https:\/\/www.facebook.com\/lesvegamis\/\" \/>\n<meta property=\"article:published_time\" content=\"2020-12-07T14:47:15+00:00\" \/>\n<meta property=\"article:modified_time\" content=\"2022-12-07T13:37:29+00:00\" \/>\n<meta property=\"og:image\" content=\"https:\/\/lesvegamis.fr\/wp-content\/uploads\/2022\/12\/43d29-129856416_694095654576454_2616236266277721818_o.jpg\" \/>\n\t<meta property=\"og:image:width\" content=\"2048\" \/>\n\t<meta property=\"og:image:height\" content=\"1229\" \/>\n\t<meta property=\"og:image:type\" content=\"image\/jpeg\" \/>\n<meta name=\"author\" content=\"Les Vegamis\" \/>\n<meta name=\"twitter:card\" content=\"summary_large_image\" \/>\n<meta name=\"twitter:label1\" content=\"\u00c9crit par\" \/>\n\t<meta name=\"twitter:data1\" content=\"Les Vegamis\" \/>\n\t<meta name=\"twitter:label2\" content=\"Dur\u00e9e de lecture estim\u00e9e\" \/>\n\t<meta name=\"twitter:data2\" content=\"2 minutes\" \/>\n<script type=\"application\/ld+json\" class=\"yoast-schema-graph\">{\"@context\":\"https:\\\/\\\/schema.org\",\"@graph\":[{\"@type\":\"Article\",\"@id\":\"https:\\\/\\\/lesvegamis.fr\\\/index.php\\\/2020\\\/12\\\/07\\\/commande-groupee-un-monde-vegan-offre-de-noel\\\/#article\",\"isPartOf\":{\"@id\":\"https:\\\/\\\/lesvegamis.fr\\\/index.php\\\/2020\\\/12\\\/07\\\/commande-groupee-un-monde-vegan-offre-de-noel\\\/\"},\"author\":{\"name\":\"Les Vegamis\",\"@id\":\"https:\\\/\\\/lesvegamis.fr\\\/#\\\/schema\\\/person\\\/99dfc3e25008667b61b0b17835193701\"},\"headline\":\"Commande group\u00e9e UN MONDE VEGAN offre de No\u00ebl\",\"datePublished\":\"2020-12-07T14:47:15+00:00\",\"dateModified\":\"2022-12-07T13:37:29+00:00\",\"mainEntityOfPage\":{\"@id\":\"https:\\\/\\\/lesvegamis.fr\\\/index.php\\\/2020\\\/12\\\/07\\\/commande-groupee-un-monde-vegan-offre-de-noel\\\/\"},\"wordCount\":333,\"commentCount\":0,\"publisher\":{\"@id\":\"https:\\\/\\\/lesvegamis.fr\\\/#organization\"},\"image\":{\"@id\":\"https:\\\/\\\/lesvegamis.fr\\\/index.php\\\/2020\\\/12\\\/07\\\/commande-groupee-un-monde-vegan-offre-de-noel\\\/#primaryimage\"},\"thumbnailUrl\":\"https:\\\/\\\/lesvegamis.fr\\\/wp-content\\\/uploads\\\/2022\\\/12\\\/43d29-129856416_694095654576454_2616236266277721818_o.jpg\",\"articleSection\":[\"Nos activit\u00e9s\"],\"inLanguage\":\"fr-FR\",\"potentialAction\":[{\"@type\":\"CommentAction\",\"name\":\"Comment\",\"target\":[\"https:\\\/\\\/lesvegamis.fr\\\/index.php\\\/2020\\\/12\\\/07\\\/commande-groupee-un-monde-vegan-offre-de-noel\\\/#respond\"]}]},{\"@type\":\"WebPage\",\"@id\":\"https:\\\/\\\/lesvegamis.fr\\\/index.php\\\/2020\\\/12\\\/07\\\/commande-groupee-un-monde-vegan-offre-de-noel\\\/\",\"url\":\"https:\\\/\\\/lesvegamis.fr\\\/index.php\\\/2020\\\/12\\\/07\\\/commande-groupee-un-monde-vegan-offre-de-noel\\\/\",\"name\":\"Commande group\u00e9e UN MONDE VEGAN offre de No\u00ebl - Les V\u00e9g&#039;Amis\",\"isPartOf\":{\"@id\":\"https:\\\/\\\/lesvegamis.fr\\\/#website\"},\"primaryImageOfPage\":{\"@id\":\"https:\\\/\\\/lesvegamis.fr\\\/index.php\\\/2020\\\/12\\\/07\\\/commande-groupee-un-monde-vegan-offre-de-noel\\\/#primaryimage\"},\"image\":{\"@id\":\"https:\\\/\\\/lesvegamis.fr\\\/index.php\\\/2020\\\/12\\\/07\\\/commande-groupee-un-monde-vegan-offre-de-noel\\\/#primaryimage\"},\"thumbnailUrl\":\"https:\\\/\\\/lesvegamis.fr\\\/wp-content\\\/uploads\\\/2022\\\/12\\\/43d29-129856416_694095654576454_2616236266277721818_o.jpg\",\"datePublished\":\"2020-12-07T14:47:15+00:00\",\"dateModified\":\"2022-12-07T13:37:29+00:00\",\"breadcrumb\":{\"@id\":\"https:\\\/\\\/lesvegamis.fr\\\/index.php\\\/2020\\\/12\\\/07\\\/commande-groupee-un-monde-vegan-offre-de-noel\\\/#breadcrumb\"},\"inLanguage\":\"fr-FR\",\"potentialAction\":[{\"@type\":\"ReadAction\",\"target\":[\"https:\\\/\\\/lesvegamis.fr\\\/index.php\\\/2020\\\/12\\\/07\\\/commande-groupee-un-monde-vegan-offre-de-noel\\\/\"]}]},{\"@type\":\"ImageObject\",\"inLanguage\":\"fr-FR\",\"@id\":\"https:\\\/\\\/lesvegamis.fr\\\/index.php\\\/2020\\\/12\\\/07\\\/commande-groupee-un-monde-vegan-offre-de-noel\\\/#primaryimage\",\"url\":\"https:\\\/\\\/lesvegamis.fr\\\/wp-content\\\/uploads\\\/2022\\\/12\\\/43d29-129856416_694095654576454_2616236266277721818_o.jpg\",\"contentUrl\":\"https:\\\/\\\/lesvegamis.fr\\\/wp-content\\\/uploads\\\/2022\\\/12\\\/43d29-129856416_694095654576454_2616236266277721818_o.jpg\",\"width\":2048,\"height\":1229},{\"@type\":\"BreadcrumbList\",\"@id\":\"https:\\\/\\\/lesvegamis.fr\\\/index.php\\\/2020\\\/12\\\/07\\\/commande-groupee-un-monde-vegan-offre-de-noel\\\/#breadcrumb\",\"itemListElement\":[{\"@type\":\"ListItem\",\"position\":1,\"name\":\"Accueil\",\"item\":\"https:\\\/\\\/lesvegamis.fr\\\/\"},{\"@type\":\"ListItem\",\"position\":2,\"name\":\"Commande group\u00e9e UN MONDE VEGAN offre de No\u00ebl\"}]},{\"@type\":\"WebSite\",\"@id\":\"https:\\\/\\\/lesvegamis.fr\\\/#website\",\"url\":\"https:\\\/\\\/lesvegamis.fr\\\/\",\"name\":\"Les V\u00e9g'Amis\",\"description\":\"L&#039;association v\u00e9gane de Pau\",\"publisher\":{\"@id\":\"https:\\\/\\\/lesvegamis.fr\\\/#organization\"},\"potentialAction\":[{\"@type\":\"SearchAction\",\"target\":{\"@type\":\"EntryPoint\",\"urlTemplate\":\"https:\\\/\\\/lesvegamis.fr\\\/?s={search_term_string}\"},\"query-input\":{\"@type\":\"PropertyValueSpecification\",\"valueRequired\":true,\"valueName\":\"search_term_string\"}}],\"inLanguage\":\"fr-FR\"},{\"@type\":\"Organization\",\"@id\":\"https:\\\/\\\/lesvegamis.fr\\\/#organization\",\"name\":\"Association vegan de Pau Les V\u00e9g'Amis\",\"url\":\"https:\\\/\\\/lesvegamis.fr\\\/\",\"logo\":{\"@type\":\"ImageObject\",\"inLanguage\":\"fr-FR\",\"@id\":\"https:\\\/\\\/lesvegamis.fr\\\/#\\\/schema\\\/logo\\\/image\\\/\",\"url\":\"https:\\\/\\\/lesvegamis.fr\\\/wp-content\\\/uploads\\\/2022\\\/12\\\/cropped-logo-couleur-nom-1.png\",\"contentUrl\":\"https:\\\/\\\/lesvegamis.fr\\\/wp-content\\\/uploads\\\/2022\\\/12\\\/cropped-logo-couleur-nom-1.png\",\"width\":192,\"height\":288,\"caption\":\"Association vegan de Pau Les V\u00e9g'Amis\"},\"image\":{\"@id\":\"https:\\\/\\\/lesvegamis.fr\\\/#\\\/schema\\\/logo\\\/image\\\/\"},\"sameAs\":[\"https:\\\/\\\/www.facebook.com\\\/lesvegamis\\\/\",\"https:\\\/\\\/www.instagram.com\\\/lesvegamis\\\/\"]},{\"@type\":\"Person\",\"@id\":\"https:\\\/\\\/lesvegamis.fr\\\/#\\\/schema\\\/person\\\/99dfc3e25008667b61b0b17835193701\",\"name\":\"Les Vegamis\",\"image\":{\"@type\":\"ImageObject\",\"inLanguage\":\"fr-FR\",\"@id\":\"https:\\\/\\\/secure.gravatar.com\\\/avatar\\\/c365180ba419067afc3f9825f3cc192e60b42a216d37a9089bfc0c3707250f43?s=96&d=identicon&r=g\",\"url\":\"https:\\\/\\\/secure.gravatar.com\\\/avatar\\\/c365180ba419067afc3f9825f3cc192e60b42a216d37a9089bfc0c3707250f43?s=96&d=identicon&r=g\",\"contentUrl\":\"https:\\\/\\\/secure.gravatar.com\\\/avatar\\\/c365180ba419067afc3f9825f3cc192e60b42a216d37a9089bfc0c3707250f43?s=96&d=identicon&r=g\",\"caption\":\"Les Vegamis\"},\"sameAs\":[\"http:\\\/\\\/lesvegamis.fr\"],\"url\":\"https:\\\/\\\/lesvegamis.fr\\\/index.php\\\/author\\\/admin6014\\\/\"}]}<\/script>\n<!-- \/ Yoast SEO plugin. -->","yoast_head_json":{"title":"Commande group\u00e9e UN MONDE VEGAN offre de No\u00ebl - Les V\u00e9g&#039;Amis","robots":{"index":"index","follow":"follow","max-snippet":"max-snippet:-1","max-image-preview":"max-image-preview:large","max-video-preview":"max-video-preview:-1"},"canonical":"https:\/\/lesvegamis.fr\/index.php\/2020\/12\/07\/commande-groupee-un-monde-vegan-offre-de-noel\/","og_locale":"fr_FR","og_type":"article","og_title":"Commande group\u00e9e UN MONDE VEGAN offre de No\u00ebl - Les V\u00e9g&#039;Amis","og_description":"!!! OFFRE SPECIALE NO\u00cbL !!! &#8211; ATTENTION URGENT !!! Commande group\u00e9e https:\/\/www.unmondevegan.com\/ Bonjour \u00e0 tous.tes ! Comme chaque ann\u00e9e \u00e0 l&rsquo;approche de No\u00ebl nous organisons une commande group\u00e9e sur le... [Continuer la lecture]","og_url":"https:\/\/lesvegamis.fr\/index.php\/2020\/12\/07\/commande-groupee-un-monde-vegan-offre-de-noel\/","og_site_name":"Les V\u00e9g&#039;Amis","article_publisher":"https:\/\/www.facebook.com\/lesvegamis\/","article_published_time":"2020-12-07T14:47:15+00:00","article_modified_time":"2022-12-07T13:37:29+00:00","og_image":[{"width":2048,"height":1229,"url":"https:\/\/lesvegamis.fr\/wp-content\/uploads\/2022\/12\/43d29-129856416_694095654576454_2616236266277721818_o.jpg","type":"image\/jpeg"}],"author":"Les Vegamis","twitter_card":"summary_large_image","twitter_misc":{"\u00c9crit par":"Les Vegamis","Dur\u00e9e de lecture estim\u00e9e":"2 minutes"},"schema":{"@context":"https:\/\/schema.org","@graph":[{"@type":"Article","@id":"https:\/\/lesvegamis.fr\/index.php\/2020\/12\/07\/commande-groupee-un-monde-vegan-offre-de-noel\/#article","isPartOf":{"@id":"https:\/\/lesvegamis.fr\/index.php\/2020\/12\/07\/commande-groupee-un-monde-vegan-offre-de-noel\/"},"author":{"name":"Les Vegamis","@id":"https:\/\/lesvegamis.fr\/#\/schema\/person\/99dfc3e25008667b61b0b17835193701"},"headline":"Commande group\u00e9e UN MONDE VEGAN offre de No\u00ebl","datePublished":"2020-12-07T14:47:15+00:00","dateModified":"2022-12-07T13:37:29+00:00","mainEntityOfPage":{"@id":"https:\/\/lesvegamis.fr\/index.php\/2020\/12\/07\/commande-groupee-un-monde-vegan-offre-de-noel\/"},"wordCount":333,"commentCount":0,"publisher":{"@id":"https:\/\/lesvegamis.fr\/#organization"},"image":{"@id":"https:\/\/lesvegamis.fr\/index.php\/2020\/12\/07\/commande-groupee-un-monde-vegan-offre-de-noel\/#primaryimage"},"thumbnailUrl":"https:\/\/lesvegamis.fr\/wp-content\/uploads\/2022\/12\/43d29-129856416_694095654576454_2616236266277721818_o.jpg","articleSection":["Nos activit\u00e9s"],"inLanguage":"fr-FR","potentialAction":[{"@type":"CommentAction","name":"Comment","target":["https:\/\/lesvegamis.fr\/index.php\/2020\/12\/07\/commande-groupee-un-monde-vegan-offre-de-noel\/#respond"]}]},{"@type":"WebPage","@id":"https:\/\/lesvegamis.fr\/index.php\/2020\/12\/07\/commande-groupee-un-monde-vegan-offre-de-noel\/","url":"https:\/\/lesvegamis.fr\/index.php\/2020\/12\/07\/commande-groupee-un-monde-vegan-offre-de-noel\/","name":"Commande group\u00e9e UN MONDE VEGAN offre de No\u00ebl - Les V\u00e9g&#039;Amis","isPartOf":{"@id":"https:\/\/lesvegamis.fr\/#website"},"primaryImageOfPage":{"@id":"https:\/\/lesvegamis.fr\/index.php\/2020\/12\/07\/commande-groupee-un-monde-vegan-offre-de-noel\/#primaryimage"},"image":{"@id":"https:\/\/lesvegamis.fr\/index.php\/2020\/12\/07\/commande-groupee-un-monde-vegan-offre-de-noel\/#primaryimage"},"thumbnailUrl":"https:\/\/lesvegamis.fr\/wp-content\/uploads\/2022\/12\/43d29-129856416_694095654576454_2616236266277721818_o.jpg","datePublished":"2020-12-07T14:47:15+00:00","dateModified":"2022-12-07T13:37:29+00:00","breadcrumb":{"@id":"https:\/\/lesvegamis.fr\/index.php\/2020\/12\/07\/commande-groupee-un-monde-vegan-offre-de-noel\/#breadcrumb"},"inLanguage":"fr-FR","potentialAction":[{"@type":"ReadAction","target":["https:\/\/lesvegamis.fr\/index.php\/2020\/12\/07\/commande-groupee-un-monde-vegan-offre-de-noel\/"]}]},{"@type":"ImageObject","inLanguage":"fr-FR","@id":"https:\/\/lesvegamis.fr\/index.php\/2020\/12\/07\/commande-groupee-un-monde-vegan-offre-de-noel\/#primaryimage","url":"https:\/\/lesvegamis.fr\/wp-content\/uploads\/2022\/12\/43d29-129856416_694095654576454_2616236266277721818_o.jpg","contentUrl":"https:\/\/lesvegamis.fr\/wp-content\/uploads\/2022\/12\/43d29-129856416_694095654576454_2616236266277721818_o.jpg","width":2048,"height":1229},{"@type":"BreadcrumbList","@id":"https:\/\/lesvegamis.fr\/index.php\/2020\/12\/07\/commande-groupee-un-monde-vegan-offre-de-noel\/#breadcrumb","itemListElement":[{"@type":"ListItem","position":1,"name":"Accueil","item":"https:\/\/lesvegamis.fr\/"},{"@type":"ListItem","position":2,"name":"Commande group\u00e9e UN MONDE VEGAN offre de No\u00ebl"}]},{"@type":"WebSite","@id":"https:\/\/lesvegamis.fr\/#website","url":"https:\/\/lesvegamis.fr\/","name":"Les V\u00e9g'Amis","description":"L&#039;association v\u00e9gane de Pau","publisher":{"@id":"https:\/\/lesvegamis.fr\/#organization"},"potentialAction":[{"@type":"SearchAction","target":{"@type":"EntryPoint","urlTemplate":"https:\/\/lesvegamis.fr\/?s={search_term_string}"},"query-input":{"@type":"PropertyValueSpecification","valueRequired":true,"valueName":"search_term_string"}}],"inLanguage":"fr-FR"},{"@type":"Organization","@id":"https:\/\/lesvegamis.fr\/#organization","name":"Association vegan de Pau Les V\u00e9g'Amis","url":"https:\/\/lesvegamis.fr\/","logo":{"@type":"ImageObject","inLanguage":"fr-FR","@id":"https:\/\/lesvegamis.fr\/#\/schema\/logo\/image\/","url":"https:\/\/lesvegamis.fr\/wp-content\/uploads\/2022\/12\/cropped-logo-couleur-nom-1.png","contentUrl":"https:\/\/lesvegamis.fr\/wp-content\/uploads\/2022\/12\/cropped-logo-couleur-nom-1.png","width":192,"height":288,"caption":"Association vegan de Pau Les V\u00e9g'Amis"},"image":{"@id":"https:\/\/lesvegamis.fr\/#\/schema\/logo\/image\/"},"sameAs":["https:\/\/www.facebook.com\/lesvegamis\/","https:\/\/www.instagram.com\/lesvegamis\/"]},{"@type":"Person","@id":"https:\/\/lesvegamis.fr\/#\/schema\/person\/99dfc3e25008667b61b0b17835193701","name":"Les Vegamis","image":{"@type":"ImageObject","inLanguage":"fr-FR","@id":"https:\/\/secure.gravatar.com\/avatar\/c365180ba419067afc3f9825f3cc192e60b42a216d37a9089bfc0c3707250f43?s=96&d=identicon&r=g","url":"https:\/\/secure.gravatar.com\/avatar\/c365180ba419067afc3f9825f3cc192e60b42a216d37a9089bfc0c3707250f43?s=96&d=identicon&r=g","contentUrl":"https:\/\/secure.gravatar.com\/avatar\/c365180ba419067afc3f9825f3cc192e60b42a216d37a9089bfc0c3707250f43?s=96&d=identicon&r=g","caption":"Les Vegamis"},"sameAs":["http:\/\/lesvegamis.fr"],"url":"https:\/\/lesvegamis.fr\/index.php\/author\/admin6014\/"}]}},"jetpack_featured_media_url":"https:\/\/lesvegamis.fr\/wp-content\/uploads\/2022\/12\/43d29-129856416_694095654576454_2616236266277721818_o.jpg","jetpack_sharing_enabled":true,"_links":{"self":[{"href":"https:\/\/lesvegamis.fr\/index.php\/wp-json\/wp\/v2\/posts\/644","targetHints":{"allow":["GET"]}}],"collection":[{"href":"https:\/\/lesvegamis.fr\/index.php\/wp-json\/wp\/v2\/posts"}],"about":[{"href":"https:\/\/lesvegamis.fr\/index.php\/wp-json\/wp\/v2\/types\/post"}],"author":[{"embeddable":true,"href":"https:\/\/lesvegamis.fr\/index.php\/wp-json\/wp\/v2\/users\/1"}],"replies":[{"embeddable":true,"href":"https:\/\/lesvegamis.fr\/index.php\/wp-json\/wp\/v2\/comments?post=644"}],"version-history":[{"count":1,"href":"https:\/\/lesvegamis.fr\/index.php\/wp-json\/wp\/v2\/posts\/644\/revisions"}],"predecessor-version":[{"id":1716,"href":"https:\/\/lesvegamis.fr\/index.php\/wp-json\/wp\/v2\/posts\/644\/revisions\/1716"}],"wp:featuredmedia":[{"embeddable":true,"href":"https:\/\/lesvegamis.fr\/index.php\/wp-json\/wp\/v2\/media\/1430"}],"wp:attachment":[{"href":"https:\/\/lesvegamis.fr\/index.php\/wp-json\/wp\/v2\/media?parent=644"}],"wp:term":[{"taxonomy":"category","embeddable":true,"href":"https:\/\/lesvegamis.fr\/index.php\/wp-json\/wp\/v2\/categories?post=644"},{"taxonomy":"post_tag","embeddable":true,"href":"https:\/\/lesvegamis.fr\/index.php\/wp-json\/wp\/v2\/tags?post=644"}],"curies":[{"name":"wp","href":"https:\/\/api.w.org\/{rel}","templated":true}]}}