{"id":94,"date":"2018-09-15T13:42:06","date_gmt":"2018-09-15T11:42:06","guid":{"rendered":"http:\/\/lesvegamis.fr\/?p=94"},"modified":"2022-12-07T19:11:45","modified_gmt":"2022-12-07T18:11:45","slug":"portes-ouvertes-du-domaine-de-sers-2017","status":"publish","type":"post","link":"https:\/\/lesvegamis.fr\/index.php\/2018\/09\/15\/portes-ouvertes-du-domaine-de-sers-2017\/","title":{"rendered":"Portes ouvertes du Domaine de Sers 2017"},"content":{"rendered":"<p>Lors des portes ouvertes du Domaine de Sers et de la Maison de la nature et de l&rsquo;environnement en mai 2017, nous avons tenu une table d&rsquo;information et un stand associatif de buvette, repas et vente de p\u00e2tisserie v\u00e9g\u00e9taliennes.<\/p>\n<p>L&rsquo;\u00e9quipe en place sur le stand : St\u00e9phanie, la pr\u00e9sidente ; B\u00e9n\u00e9dicte, la tr\u00e9sori\u00e8re ; et Nicole, une des membres.<\/p>\n<p><img loading=\"lazy\" decoding=\"async\" class=\"alignnone size-large wp-image-1599\" src=\"https:\/\/lesvegamis.fr\/wp-content\/uploads\/2022\/12\/b93c6-33378769_185808315405193_7229147442044731392_o-1024x768.jpg\" alt=\"\" width=\"640\" height=\"480\" srcset=\"https:\/\/lesvegamis.fr\/wp-content\/uploads\/2022\/12\/b93c6-33378769_185808315405193_7229147442044731392_o-1024x768.jpg 1024w, https:\/\/lesvegamis.fr\/wp-content\/uploads\/2022\/12\/b93c6-33378769_185808315405193_7229147442044731392_o-300x225.jpg 300w, https:\/\/lesvegamis.fr\/wp-content\/uploads\/2022\/12\/b93c6-33378769_185808315405193_7229147442044731392_o-768x576.jpg 768w, https:\/\/lesvegamis.fr\/wp-content\/uploads\/2022\/12\/b93c6-33378769_185808315405193_7229147442044731392_o.jpg 1040w\" sizes=\"auto, (max-width: 640px) 100vw, 640px\" \/><img loading=\"lazy\" decoding=\"async\" class=\"alignnone size-large wp-image-1508\" src=\"https:\/\/lesvegamis.fr\/wp-content\/uploads\/2022\/12\/2692c-33598386_185808555405169_6714641747604930560_o-1024x768.jpg\" alt=\"\" width=\"640\" height=\"480\" srcset=\"https:\/\/lesvegamis.fr\/wp-content\/uploads\/2022\/12\/2692c-33598386_185808555405169_6714641747604930560_o-1024x768.jpg 1024w, https:\/\/lesvegamis.fr\/wp-content\/uploads\/2022\/12\/2692c-33598386_185808555405169_6714641747604930560_o-300x225.jpg 300w, https:\/\/lesvegamis.fr\/wp-content\/uploads\/2022\/12\/2692c-33598386_185808555405169_6714641747604930560_o-768x576.jpg 768w, https:\/\/lesvegamis.fr\/wp-content\/uploads\/2022\/12\/2692c-33598386_185808555405169_6714641747604930560_o.jpg 1040w\" sizes=\"auto, (max-width: 640px) 100vw, 640px\" \/><\/p>\n<p>Le stand : sur la partie avant, la vente de p\u00e2tisseries et de repas v\u00e9g\u00e9taliens, et sur la partie gauche la table d&rsquo;information o\u00f9 se trouvaient des renseignements sur le veganisme ainsi que sur notre association Les Veg&rsquo;Amis.<\/p>\n<p><img loading=\"lazy\" decoding=\"async\" class=\"alignnone size-large wp-image-1673\" src=\"https:\/\/lesvegamis.fr\/wp-content\/uploads\/2022\/12\/ebbe1-33403283_185808428738515_5346373992980676608_o-1-1024x768.jpg\" alt=\"\" width=\"640\" height=\"480\" srcset=\"https:\/\/lesvegamis.fr\/wp-content\/uploads\/2022\/12\/ebbe1-33403283_185808428738515_5346373992980676608_o-1-1024x768.jpg 1024w, https:\/\/lesvegamis.fr\/wp-content\/uploads\/2022\/12\/ebbe1-33403283_185808428738515_5346373992980676608_o-1-300x225.jpg 300w, https:\/\/lesvegamis.fr\/wp-content\/uploads\/2022\/12\/ebbe1-33403283_185808428738515_5346373992980676608_o-1-768x576.jpg 768w, https:\/\/lesvegamis.fr\/wp-content\/uploads\/2022\/12\/ebbe1-33403283_185808428738515_5346373992980676608_o-1.jpg 1040w\" sizes=\"auto, (max-width: 640px) 100vw, 640px\" \/><img loading=\"lazy\" decoding=\"async\" class=\"alignnone size-large wp-image-1651\" src=\"https:\/\/lesvegamis.fr\/wp-content\/uploads\/2022\/12\/dde95-33430659_185808618738496_1130138773275803648_o-1024x768.jpg\" alt=\"\" width=\"640\" height=\"480\" srcset=\"https:\/\/lesvegamis.fr\/wp-content\/uploads\/2022\/12\/dde95-33430659_185808618738496_1130138773275803648_o-1024x768.jpg 1024w, https:\/\/lesvegamis.fr\/wp-content\/uploads\/2022\/12\/dde95-33430659_185808618738496_1130138773275803648_o-300x225.jpg 300w, https:\/\/lesvegamis.fr\/wp-content\/uploads\/2022\/12\/dde95-33430659_185808618738496_1130138773275803648_o-768x576.jpg 768w, https:\/\/lesvegamis.fr\/wp-content\/uploads\/2022\/12\/dde95-33430659_185808618738496_1130138773275803648_o.jpg 1040w\" sizes=\"auto, (max-width: 640px) 100vw, 640px\" \/> <img loading=\"lazy\" decoding=\"async\" class=\"alignnone size-large wp-image-1673\" src=\"https:\/\/lesvegamis.fr\/wp-content\/uploads\/2022\/12\/ebbe1-33403283_185808428738515_5346373992980676608_o-1-1024x768.jpg\" alt=\"\" width=\"640\" height=\"480\" srcset=\"https:\/\/lesvegamis.fr\/wp-content\/uploads\/2022\/12\/ebbe1-33403283_185808428738515_5346373992980676608_o-1-1024x768.jpg 1024w, https:\/\/lesvegamis.fr\/wp-content\/uploads\/2022\/12\/ebbe1-33403283_185808428738515_5346373992980676608_o-1-300x225.jpg 300w, https:\/\/lesvegamis.fr\/wp-content\/uploads\/2022\/12\/ebbe1-33403283_185808428738515_5346373992980676608_o-1-768x576.jpg 768w, https:\/\/lesvegamis.fr\/wp-content\/uploads\/2022\/12\/ebbe1-33403283_185808428738515_5346373992980676608_o-1.jpg 1040w\" sizes=\"auto, (max-width: 640px) 100vw, 640px\" \/><\/p>\n<p>Photo de l&rsquo;espace repas, \u00e0 c\u00f4t\u00e9 duquel nous avions plac\u00e9 une table pour les enfants accompagn\u00e9s de quelques jeux pour les occuper tout en d\u00e9gustant des cookies&#8230;<\/p>\n<p><img loading=\"lazy\" decoding=\"async\" class=\"alignnone size-large wp-image-1582\" src=\"https:\/\/lesvegamis.fr\/wp-content\/uploads\/2022\/12\/aaa67-33362854_185808675405157_530745704520351744_o-1024x768.jpg\" alt=\"\" width=\"640\" height=\"480\" srcset=\"https:\/\/lesvegamis.fr\/wp-content\/uploads\/2022\/12\/aaa67-33362854_185808675405157_530745704520351744_o-1024x768.jpg 1024w, https:\/\/lesvegamis.fr\/wp-content\/uploads\/2022\/12\/aaa67-33362854_185808675405157_530745704520351744_o-300x225.jpg 300w, https:\/\/lesvegamis.fr\/wp-content\/uploads\/2022\/12\/aaa67-33362854_185808675405157_530745704520351744_o-768x576.jpg 768w, https:\/\/lesvegamis.fr\/wp-content\/uploads\/2022\/12\/aaa67-33362854_185808675405157_530745704520351744_o.jpg 1040w\" sizes=\"auto, (max-width: 640px) 100vw, 640px\" \/> <img loading=\"lazy\" decoding=\"async\" class=\"alignnone size-large wp-image-1521\" src=\"https:\/\/lesvegamis.fr\/wp-content\/uploads\/2022\/12\/6893a-33623578_185808198738538_1584357553674911744_o-1024x768.jpg\" alt=\"\" width=\"640\" height=\"480\" srcset=\"https:\/\/lesvegamis.fr\/wp-content\/uploads\/2022\/12\/6893a-33623578_185808198738538_1584357553674911744_o-1024x768.jpg 1024w, https:\/\/lesvegamis.fr\/wp-content\/uploads\/2022\/12\/6893a-33623578_185808198738538_1584357553674911744_o-300x225.jpg 300w, https:\/\/lesvegamis.fr\/wp-content\/uploads\/2022\/12\/6893a-33623578_185808198738538_1584357553674911744_o-768x576.jpg 768w, https:\/\/lesvegamis.fr\/wp-content\/uploads\/2022\/12\/6893a-33623578_185808198738538_1584357553674911744_o.jpg 1040w\" sizes=\"auto, (max-width: 640px) 100vw, 640px\" \/><br \/>\n<img loading=\"lazy\" decoding=\"async\" class=\"alignnone size-large wp-image-1404\" src=\"https:\/\/lesvegamis.fr\/wp-content\/uploads\/2022\/12\/9c082-33524381_185808715405153_7931211811385245696_o-1024x768.jpg\" alt=\"\" width=\"640\" height=\"480\" srcset=\"https:\/\/lesvegamis.fr\/wp-content\/uploads\/2022\/12\/9c082-33524381_185808715405153_7931211811385245696_o-1024x768.jpg 1024w, https:\/\/lesvegamis.fr\/wp-content\/uploads\/2022\/12\/9c082-33524381_185808715405153_7931211811385245696_o-300x225.jpg 300w, https:\/\/lesvegamis.fr\/wp-content\/uploads\/2022\/12\/9c082-33524381_185808715405153_7931211811385245696_o-768x576.jpg 768w, https:\/\/lesvegamis.fr\/wp-content\/uploads\/2022\/12\/9c082-33524381_185808715405153_7931211811385245696_o.jpg 1040w\" sizes=\"auto, (max-width: 640px) 100vw, 640px\" \/><\/p>\n<p>Notre fameux \u00ab\u00a0Espace vaisselle\u00a0\u00bb qui permet de r\u00e9duire les d\u00e9chets plastiques utilis\u00e9s lors de l&rsquo;\u00e9v\u00e9nement, puisque aucune vaisselle jetable n&rsquo;est utilis\u00e9 gr\u00e2ce \u00e0 ce syst\u00e8me.<\/p>\n<p><img loading=\"lazy\" decoding=\"async\" class=\"alignnone size-large wp-image-1689\" src=\"https:\/\/lesvegamis.fr\/wp-content\/uploads\/2022\/12\/f9bb0-33401572_185808175405207_4634377709336657920_o-1024x768.jpg\" alt=\"\" width=\"640\" height=\"480\" srcset=\"https:\/\/lesvegamis.fr\/wp-content\/uploads\/2022\/12\/f9bb0-33401572_185808175405207_4634377709336657920_o-1024x768.jpg 1024w, https:\/\/lesvegamis.fr\/wp-content\/uploads\/2022\/12\/f9bb0-33401572_185808175405207_4634377709336657920_o-300x225.jpg 300w, https:\/\/lesvegamis.fr\/wp-content\/uploads\/2022\/12\/f9bb0-33401572_185808175405207_4634377709336657920_o-768x576.jpg 768w, https:\/\/lesvegamis.fr\/wp-content\/uploads\/2022\/12\/f9bb0-33401572_185808175405207_4634377709336657920_o.jpg 1040w\" sizes=\"auto, (max-width: 640px) 100vw, 640px\" \/> <img loading=\"lazy\" decoding=\"async\" class=\"alignnone size-large wp-image-1629\" src=\"https:\/\/lesvegamis.fr\/wp-content\/uploads\/2022\/12\/cc30b-33615830_185808132071878_4653425975193763840_o-1024x768.jpg\" alt=\"\" width=\"640\" height=\"480\" srcset=\"https:\/\/lesvegamis.fr\/wp-content\/uploads\/2022\/12\/cc30b-33615830_185808132071878_4653425975193763840_o-1024x768.jpg 1024w, https:\/\/lesvegamis.fr\/wp-content\/uploads\/2022\/12\/cc30b-33615830_185808132071878_4653425975193763840_o-300x225.jpg 300w, https:\/\/lesvegamis.fr\/wp-content\/uploads\/2022\/12\/cc30b-33615830_185808132071878_4653425975193763840_o-768x576.jpg 768w, https:\/\/lesvegamis.fr\/wp-content\/uploads\/2022\/12\/cc30b-33615830_185808132071878_4653425975193763840_o.jpg 1040w\" sizes=\"auto, (max-width: 640px) 100vw, 640px\" \/><\/p>\n","protected":false},"excerpt":{"rendered":"<p>Lors des portes ouvertes du Domaine de Sers et de la Maison de la nature et de l&rsquo;environnement en mai 2017, nous avons tenu une table d&rsquo;information et un stand&#8230; <a class=\"read-more\" href=\"https:\/\/lesvegamis.fr\/index.php\/2018\/09\/15\/portes-ouvertes-du-domaine-de-sers-2017\/\">[Continuer la lecture]<\/a><\/p>\n","protected":false},"author":1,"featured_media":1582,"comment_status":"open","ping_status":"open","sticky":false,"template":"","format":"standard","meta":{"jetpack_post_was_ever_published":false,"_jetpack_newsletter_access":"","_jetpack_dont_email_post_to_subs":false,"_jetpack_newsletter_tier_id":0,"_jetpack_memberships_contains_paywalled_content":false,"_jetpack_memberships_contains_paid_content":false,"footnotes":""},"categories":[8],"tags":[],"class_list":["post-94","post","type-post","status-publish","format-standard","has-post-thumbnail","hentry","category-activites"],"yoast_head":"<!-- This site is optimized with the Yoast SEO plugin v27.4 - https:\/\/yoast.com\/product\/yoast-seo-wordpress\/ -->\n<title>Portes ouvertes du Domaine de Sers 2017 - Les V\u00e9g&#039;Amis<\/title>\n<meta name=\"description\" content=\"Lors des portes ouvertes du Domaine de Sers en mai 2017, nous avons tenu une table d&#039;info et un stand associatif de vente de repas et p\u00e2tisserie vegan.\" \/>\n<meta name=\"robots\" content=\"index, follow, max-snippet:-1, max-image-preview:large, max-video-preview:-1\" \/>\n<link rel=\"canonical\" href=\"https:\/\/lesvegamis.fr\/index.php\/2018\/09\/15\/portes-ouvertes-du-domaine-de-sers-2017\/\" \/>\n<meta property=\"og:locale\" content=\"fr_FR\" \/>\n<meta property=\"og:type\" content=\"article\" \/>\n<meta property=\"og:title\" content=\"Portes ouvertes du Domaine de Sers 2017 - Les V\u00e9g&#039;Amis\" \/>\n<meta property=\"og:description\" content=\"Lors des portes ouvertes du Domaine de Sers en mai 2017, nous avons tenu une table d&#039;info et un stand associatif de vente de repas et p\u00e2tisserie vegan.\" \/>\n<meta property=\"og:url\" content=\"https:\/\/lesvegamis.fr\/index.php\/2018\/09\/15\/portes-ouvertes-du-domaine-de-sers-2017\/\" \/>\n<meta property=\"og:site_name\" content=\"Les V\u00e9g&#039;Amis\" \/>\n<meta property=\"article:publisher\" content=\"https:\/\/www.facebook.com\/lesvegamis\/\" \/>\n<meta property=\"article:published_time\" content=\"2018-09-15T11:42:06+00:00\" \/>\n<meta property=\"article:modified_time\" content=\"2022-12-07T18:11:45+00:00\" \/>\n<meta property=\"og:image\" content=\"https:\/\/lesvegamis.fr\/wp-content\/uploads\/2022\/12\/aaa67-33362854_185808675405157_530745704520351744_o.jpg\" \/>\n\t<meta property=\"og:image:width\" content=\"1040\" \/>\n\t<meta property=\"og:image:height\" content=\"780\" \/>\n\t<meta property=\"og:image:type\" content=\"image\/jpeg\" \/>\n<meta name=\"author\" content=\"Les Vegamis\" \/>\n<meta name=\"twitter:card\" content=\"summary_large_image\" \/>\n<meta name=\"twitter:label1\" content=\"\u00c9crit par\" \/>\n\t<meta name=\"twitter:data1\" content=\"Les Vegamis\" \/>\n\t<meta name=\"twitter:label2\" content=\"Dur\u00e9e de lecture estim\u00e9e\" \/>\n\t<meta name=\"twitter:data2\" content=\"1 minute\" \/>\n<script type=\"application\/ld+json\" class=\"yoast-schema-graph\">{\"@context\":\"https:\\\/\\\/schema.org\",\"@graph\":[{\"@type\":\"Article\",\"@id\":\"https:\\\/\\\/lesvegamis.fr\\\/index.php\\\/2018\\\/09\\\/15\\\/portes-ouvertes-du-domaine-de-sers-2017\\\/#article\",\"isPartOf\":{\"@id\":\"https:\\\/\\\/lesvegamis.fr\\\/index.php\\\/2018\\\/09\\\/15\\\/portes-ouvertes-du-domaine-de-sers-2017\\\/\"},\"author\":{\"name\":\"Les Vegamis\",\"@id\":\"https:\\\/\\\/lesvegamis.fr\\\/#\\\/schema\\\/person\\\/99dfc3e25008667b61b0b17835193701\"},\"headline\":\"Portes ouvertes du Domaine de Sers 2017\",\"datePublished\":\"2018-09-15T11:42:06+00:00\",\"dateModified\":\"2022-12-07T18:11:45+00:00\",\"mainEntityOfPage\":{\"@id\":\"https:\\\/\\\/lesvegamis.fr\\\/index.php\\\/2018\\\/09\\\/15\\\/portes-ouvertes-du-domaine-de-sers-2017\\\/\"},\"wordCount\":171,\"commentCount\":0,\"publisher\":{\"@id\":\"https:\\\/\\\/lesvegamis.fr\\\/#organization\"},\"image\":{\"@id\":\"https:\\\/\\\/lesvegamis.fr\\\/index.php\\\/2018\\\/09\\\/15\\\/portes-ouvertes-du-domaine-de-sers-2017\\\/#primaryimage\"},\"thumbnailUrl\":\"https:\\\/\\\/lesvegamis.fr\\\/wp-content\\\/uploads\\\/2022\\\/12\\\/aaa67-33362854_185808675405157_530745704520351744_o.jpg\",\"articleSection\":[\"Nos activit\u00e9s\"],\"inLanguage\":\"fr-FR\",\"potentialAction\":[{\"@type\":\"CommentAction\",\"name\":\"Comment\",\"target\":[\"https:\\\/\\\/lesvegamis.fr\\\/index.php\\\/2018\\\/09\\\/15\\\/portes-ouvertes-du-domaine-de-sers-2017\\\/#respond\"]}]},{\"@type\":\"WebPage\",\"@id\":\"https:\\\/\\\/lesvegamis.fr\\\/index.php\\\/2018\\\/09\\\/15\\\/portes-ouvertes-du-domaine-de-sers-2017\\\/\",\"url\":\"https:\\\/\\\/lesvegamis.fr\\\/index.php\\\/2018\\\/09\\\/15\\\/portes-ouvertes-du-domaine-de-sers-2017\\\/\",\"name\":\"Portes ouvertes du Domaine de Sers 2017 - Les V\u00e9g&#039;Amis\",\"isPartOf\":{\"@id\":\"https:\\\/\\\/lesvegamis.fr\\\/#website\"},\"primaryImageOfPage\":{\"@id\":\"https:\\\/\\\/lesvegamis.fr\\\/index.php\\\/2018\\\/09\\\/15\\\/portes-ouvertes-du-domaine-de-sers-2017\\\/#primaryimage\"},\"image\":{\"@id\":\"https:\\\/\\\/lesvegamis.fr\\\/index.php\\\/2018\\\/09\\\/15\\\/portes-ouvertes-du-domaine-de-sers-2017\\\/#primaryimage\"},\"thumbnailUrl\":\"https:\\\/\\\/lesvegamis.fr\\\/wp-content\\\/uploads\\\/2022\\\/12\\\/aaa67-33362854_185808675405157_530745704520351744_o.jpg\",\"datePublished\":\"2018-09-15T11:42:06+00:00\",\"dateModified\":\"2022-12-07T18:11:45+00:00\",\"description\":\"Lors des portes ouvertes du Domaine de Sers en mai 2017, nous avons tenu une table d'info et un stand associatif de vente de repas et p\u00e2tisserie vegan.\",\"breadcrumb\":{\"@id\":\"https:\\\/\\\/lesvegamis.fr\\\/index.php\\\/2018\\\/09\\\/15\\\/portes-ouvertes-du-domaine-de-sers-2017\\\/#breadcrumb\"},\"inLanguage\":\"fr-FR\",\"potentialAction\":[{\"@type\":\"ReadAction\",\"target\":[\"https:\\\/\\\/lesvegamis.fr\\\/index.php\\\/2018\\\/09\\\/15\\\/portes-ouvertes-du-domaine-de-sers-2017\\\/\"]}]},{\"@type\":\"ImageObject\",\"inLanguage\":\"fr-FR\",\"@id\":\"https:\\\/\\\/lesvegamis.fr\\\/index.php\\\/2018\\\/09\\\/15\\\/portes-ouvertes-du-domaine-de-sers-2017\\\/#primaryimage\",\"url\":\"https:\\\/\\\/lesvegamis.fr\\\/wp-content\\\/uploads\\\/2022\\\/12\\\/aaa67-33362854_185808675405157_530745704520351744_o.jpg\",\"contentUrl\":\"https:\\\/\\\/lesvegamis.fr\\\/wp-content\\\/uploads\\\/2022\\\/12\\\/aaa67-33362854_185808675405157_530745704520351744_o.jpg\",\"width\":1040,\"height\":780},{\"@type\":\"BreadcrumbList\",\"@id\":\"https:\\\/\\\/lesvegamis.fr\\\/index.php\\\/2018\\\/09\\\/15\\\/portes-ouvertes-du-domaine-de-sers-2017\\\/#breadcrumb\",\"itemListElement\":[{\"@type\":\"ListItem\",\"position\":1,\"name\":\"Accueil\",\"item\":\"https:\\\/\\\/lesvegamis.fr\\\/\"},{\"@type\":\"ListItem\",\"position\":2,\"name\":\"Portes ouvertes du Domaine de Sers 2017\"}]},{\"@type\":\"WebSite\",\"@id\":\"https:\\\/\\\/lesvegamis.fr\\\/#website\",\"url\":\"https:\\\/\\\/lesvegamis.fr\\\/\",\"name\":\"Les V\u00e9g'Amis\",\"description\":\"L&#039;association v\u00e9gane de Pau\",\"publisher\":{\"@id\":\"https:\\\/\\\/lesvegamis.fr\\\/#organization\"},\"potentialAction\":[{\"@type\":\"SearchAction\",\"target\":{\"@type\":\"EntryPoint\",\"urlTemplate\":\"https:\\\/\\\/lesvegamis.fr\\\/?s={search_term_string}\"},\"query-input\":{\"@type\":\"PropertyValueSpecification\",\"valueRequired\":true,\"valueName\":\"search_term_string\"}}],\"inLanguage\":\"fr-FR\"},{\"@type\":\"Organization\",\"@id\":\"https:\\\/\\\/lesvegamis.fr\\\/#organization\",\"name\":\"Association vegan de Pau Les V\u00e9g'Amis\",\"url\":\"https:\\\/\\\/lesvegamis.fr\\\/\",\"logo\":{\"@type\":\"ImageObject\",\"inLanguage\":\"fr-FR\",\"@id\":\"https:\\\/\\\/lesvegamis.fr\\\/#\\\/schema\\\/logo\\\/image\\\/\",\"url\":\"https:\\\/\\\/lesvegamis.fr\\\/wp-content\\\/uploads\\\/2022\\\/12\\\/cropped-logo-couleur-nom-1.png\",\"contentUrl\":\"https:\\\/\\\/lesvegamis.fr\\\/wp-content\\\/uploads\\\/2022\\\/12\\\/cropped-logo-couleur-nom-1.png\",\"width\":192,\"height\":288,\"caption\":\"Association vegan de Pau Les V\u00e9g'Amis\"},\"image\":{\"@id\":\"https:\\\/\\\/lesvegamis.fr\\\/#\\\/schema\\\/logo\\\/image\\\/\"},\"sameAs\":[\"https:\\\/\\\/www.facebook.com\\\/lesvegamis\\\/\",\"https:\\\/\\\/www.instagram.com\\\/lesvegamis\\\/\"]},{\"@type\":\"Person\",\"@id\":\"https:\\\/\\\/lesvegamis.fr\\\/#\\\/schema\\\/person\\\/99dfc3e25008667b61b0b17835193701\",\"name\":\"Les Vegamis\",\"image\":{\"@type\":\"ImageObject\",\"inLanguage\":\"fr-FR\",\"@id\":\"https:\\\/\\\/secure.gravatar.com\\\/avatar\\\/c365180ba419067afc3f9825f3cc192e60b42a216d37a9089bfc0c3707250f43?s=96&d=identicon&r=g\",\"url\":\"https:\\\/\\\/secure.gravatar.com\\\/avatar\\\/c365180ba419067afc3f9825f3cc192e60b42a216d37a9089bfc0c3707250f43?s=96&d=identicon&r=g\",\"contentUrl\":\"https:\\\/\\\/secure.gravatar.com\\\/avatar\\\/c365180ba419067afc3f9825f3cc192e60b42a216d37a9089bfc0c3707250f43?s=96&d=identicon&r=g\",\"caption\":\"Les Vegamis\"},\"sameAs\":[\"http:\\\/\\\/lesvegamis.fr\"],\"url\":\"https:\\\/\\\/lesvegamis.fr\\\/index.php\\\/author\\\/admin6014\\\/\"}]}<\/script>\n<!-- \/ Yoast SEO plugin. -->","yoast_head_json":{"title":"Portes ouvertes du Domaine de Sers 2017 - Les V\u00e9g&#039;Amis","description":"Lors des portes ouvertes du Domaine de Sers en mai 2017, nous avons tenu une table d'info et un stand associatif de vente de repas et p\u00e2tisserie vegan.","robots":{"index":"index","follow":"follow","max-snippet":"max-snippet:-1","max-image-preview":"max-image-preview:large","max-video-preview":"max-video-preview:-1"},"canonical":"https:\/\/lesvegamis.fr\/index.php\/2018\/09\/15\/portes-ouvertes-du-domaine-de-sers-2017\/","og_locale":"fr_FR","og_type":"article","og_title":"Portes ouvertes du Domaine de Sers 2017 - Les V\u00e9g&#039;Amis","og_description":"Lors des portes ouvertes du Domaine de Sers en mai 2017, nous avons tenu une table d'info et un stand associatif de vente de repas et p\u00e2tisserie vegan.","og_url":"https:\/\/lesvegamis.fr\/index.php\/2018\/09\/15\/portes-ouvertes-du-domaine-de-sers-2017\/","og_site_name":"Les V\u00e9g&#039;Amis","article_publisher":"https:\/\/www.facebook.com\/lesvegamis\/","article_published_time":"2018-09-15T11:42:06+00:00","article_modified_time":"2022-12-07T18:11:45+00:00","og_image":[{"width":1040,"height":780,"url":"https:\/\/lesvegamis.fr\/wp-content\/uploads\/2022\/12\/aaa67-33362854_185808675405157_530745704520351744_o.jpg","type":"image\/jpeg"}],"author":"Les Vegamis","twitter_card":"summary_large_image","twitter_misc":{"\u00c9crit par":"Les Vegamis","Dur\u00e9e de lecture estim\u00e9e":"1 minute"},"schema":{"@context":"https:\/\/schema.org","@graph":[{"@type":"Article","@id":"https:\/\/lesvegamis.fr\/index.php\/2018\/09\/15\/portes-ouvertes-du-domaine-de-sers-2017\/#article","isPartOf":{"@id":"https:\/\/lesvegamis.fr\/index.php\/2018\/09\/15\/portes-ouvertes-du-domaine-de-sers-2017\/"},"author":{"name":"Les Vegamis","@id":"https:\/\/lesvegamis.fr\/#\/schema\/person\/99dfc3e25008667b61b0b17835193701"},"headline":"Portes ouvertes du Domaine de Sers 2017","datePublished":"2018-09-15T11:42:06+00:00","dateModified":"2022-12-07T18:11:45+00:00","mainEntityOfPage":{"@id":"https:\/\/lesvegamis.fr\/index.php\/2018\/09\/15\/portes-ouvertes-du-domaine-de-sers-2017\/"},"wordCount":171,"commentCount":0,"publisher":{"@id":"https:\/\/lesvegamis.fr\/#organization"},"image":{"@id":"https:\/\/lesvegamis.fr\/index.php\/2018\/09\/15\/portes-ouvertes-du-domaine-de-sers-2017\/#primaryimage"},"thumbnailUrl":"https:\/\/lesvegamis.fr\/wp-content\/uploads\/2022\/12\/aaa67-33362854_185808675405157_530745704520351744_o.jpg","articleSection":["Nos activit\u00e9s"],"inLanguage":"fr-FR","potentialAction":[{"@type":"CommentAction","name":"Comment","target":["https:\/\/lesvegamis.fr\/index.php\/2018\/09\/15\/portes-ouvertes-du-domaine-de-sers-2017\/#respond"]}]},{"@type":"WebPage","@id":"https:\/\/lesvegamis.fr\/index.php\/2018\/09\/15\/portes-ouvertes-du-domaine-de-sers-2017\/","url":"https:\/\/lesvegamis.fr\/index.php\/2018\/09\/15\/portes-ouvertes-du-domaine-de-sers-2017\/","name":"Portes ouvertes du Domaine de Sers 2017 - Les V\u00e9g&#039;Amis","isPartOf":{"@id":"https:\/\/lesvegamis.fr\/#website"},"primaryImageOfPage":{"@id":"https:\/\/lesvegamis.fr\/index.php\/2018\/09\/15\/portes-ouvertes-du-domaine-de-sers-2017\/#primaryimage"},"image":{"@id":"https:\/\/lesvegamis.fr\/index.php\/2018\/09\/15\/portes-ouvertes-du-domaine-de-sers-2017\/#primaryimage"},"thumbnailUrl":"https:\/\/lesvegamis.fr\/wp-content\/uploads\/2022\/12\/aaa67-33362854_185808675405157_530745704520351744_o.jpg","datePublished":"2018-09-15T11:42:06+00:00","dateModified":"2022-12-07T18:11:45+00:00","description":"Lors des portes ouvertes du Domaine de Sers en mai 2017, nous avons tenu une table d'info et un stand associatif de vente de repas et p\u00e2tisserie vegan.","breadcrumb":{"@id":"https:\/\/lesvegamis.fr\/index.php\/2018\/09\/15\/portes-ouvertes-du-domaine-de-sers-2017\/#breadcrumb"},"inLanguage":"fr-FR","potentialAction":[{"@type":"ReadAction","target":["https:\/\/lesvegamis.fr\/index.php\/2018\/09\/15\/portes-ouvertes-du-domaine-de-sers-2017\/"]}]},{"@type":"ImageObject","inLanguage":"fr-FR","@id":"https:\/\/lesvegamis.fr\/index.php\/2018\/09\/15\/portes-ouvertes-du-domaine-de-sers-2017\/#primaryimage","url":"https:\/\/lesvegamis.fr\/wp-content\/uploads\/2022\/12\/aaa67-33362854_185808675405157_530745704520351744_o.jpg","contentUrl":"https:\/\/lesvegamis.fr\/wp-content\/uploads\/2022\/12\/aaa67-33362854_185808675405157_530745704520351744_o.jpg","width":1040,"height":780},{"@type":"BreadcrumbList","@id":"https:\/\/lesvegamis.fr\/index.php\/2018\/09\/15\/portes-ouvertes-du-domaine-de-sers-2017\/#breadcrumb","itemListElement":[{"@type":"ListItem","position":1,"name":"Accueil","item":"https:\/\/lesvegamis.fr\/"},{"@type":"ListItem","position":2,"name":"Portes ouvertes du Domaine de Sers 2017"}]},{"@type":"WebSite","@id":"https:\/\/lesvegamis.fr\/#website","url":"https:\/\/lesvegamis.fr\/","name":"Les V\u00e9g'Amis","description":"L&#039;association v\u00e9gane de Pau","publisher":{"@id":"https:\/\/lesvegamis.fr\/#organization"},"potentialAction":[{"@type":"SearchAction","target":{"@type":"EntryPoint","urlTemplate":"https:\/\/lesvegamis.fr\/?s={search_term_string}"},"query-input":{"@type":"PropertyValueSpecification","valueRequired":true,"valueName":"search_term_string"}}],"inLanguage":"fr-FR"},{"@type":"Organization","@id":"https:\/\/lesvegamis.fr\/#organization","name":"Association vegan de Pau Les V\u00e9g'Amis","url":"https:\/\/lesvegamis.fr\/","logo":{"@type":"ImageObject","inLanguage":"fr-FR","@id":"https:\/\/lesvegamis.fr\/#\/schema\/logo\/image\/","url":"https:\/\/lesvegamis.fr\/wp-content\/uploads\/2022\/12\/cropped-logo-couleur-nom-1.png","contentUrl":"https:\/\/lesvegamis.fr\/wp-content\/uploads\/2022\/12\/cropped-logo-couleur-nom-1.png","width":192,"height":288,"caption":"Association vegan de Pau Les V\u00e9g'Amis"},"image":{"@id":"https:\/\/lesvegamis.fr\/#\/schema\/logo\/image\/"},"sameAs":["https:\/\/www.facebook.com\/lesvegamis\/","https:\/\/www.instagram.com\/lesvegamis\/"]},{"@type":"Person","@id":"https:\/\/lesvegamis.fr\/#\/schema\/person\/99dfc3e25008667b61b0b17835193701","name":"Les Vegamis","image":{"@type":"ImageObject","inLanguage":"fr-FR","@id":"https:\/\/secure.gravatar.com\/avatar\/c365180ba419067afc3f9825f3cc192e60b42a216d37a9089bfc0c3707250f43?s=96&d=identicon&r=g","url":"https:\/\/secure.gravatar.com\/avatar\/c365180ba419067afc3f9825f3cc192e60b42a216d37a9089bfc0c3707250f43?s=96&d=identicon&r=g","contentUrl":"https:\/\/secure.gravatar.com\/avatar\/c365180ba419067afc3f9825f3cc192e60b42a216d37a9089bfc0c3707250f43?s=96&d=identicon&r=g","caption":"Les Vegamis"},"sameAs":["http:\/\/lesvegamis.fr"],"url":"https:\/\/lesvegamis.fr\/index.php\/author\/admin6014\/"}]}},"jetpack_featured_media_url":"https:\/\/lesvegamis.fr\/wp-content\/uploads\/2022\/12\/aaa67-33362854_185808675405157_530745704520351744_o.jpg","jetpack_sharing_enabled":true,"_links":{"self":[{"href":"https:\/\/lesvegamis.fr\/index.php\/wp-json\/wp\/v2\/posts\/94","targetHints":{"allow":["GET"]}}],"collection":[{"href":"https:\/\/lesvegamis.fr\/index.php\/wp-json\/wp\/v2\/posts"}],"about":[{"href":"https:\/\/lesvegamis.fr\/index.php\/wp-json\/wp\/v2\/types\/post"}],"author":[{"embeddable":true,"href":"https:\/\/lesvegamis.fr\/index.php\/wp-json\/wp\/v2\/users\/1"}],"replies":[{"embeddable":true,"href":"https:\/\/lesvegamis.fr\/index.php\/wp-json\/wp\/v2\/comments?post=94"}],"version-history":[{"count":2,"href":"https:\/\/lesvegamis.fr\/index.php\/wp-json\/wp\/v2\/posts\/94\/revisions"}],"predecessor-version":[{"id":1801,"href":"https:\/\/lesvegamis.fr\/index.php\/wp-json\/wp\/v2\/posts\/94\/revisions\/1801"}],"wp:featuredmedia":[{"embeddable":true,"href":"https:\/\/lesvegamis.fr\/index.php\/wp-json\/wp\/v2\/media\/1582"}],"wp:attachment":[{"href":"https:\/\/lesvegamis.fr\/index.php\/wp-json\/wp\/v2\/media?parent=94"}],"wp:term":[{"taxonomy":"category","embeddable":true,"href":"https:\/\/lesvegamis.fr\/index.php\/wp-json\/wp\/v2\/categories?post=94"},{"taxonomy":"post_tag","embeddable":true,"href":"https:\/\/lesvegamis.fr\/index.php\/wp-json\/wp\/v2\/tags?post=94"}],"curies":[{"name":"wp","href":"https:\/\/api.w.org\/{rel}","templated":true}]}}